{"id":27989,"date":"2024-04-23T09:36:09","date_gmt":"2024-04-23T09:36:09","guid":{"rendered":"https:\/\/www.iceagetv.com\/radiosite\/?p=27989"},"modified":"2024-04-23T09:36:09","modified_gmt":"2024-04-23T09:36:09","slug":"beziers-met-en-place-un-couvre-feu-pour-les-mineurs-de-moins-de-13-ans-nice-lenvisage","status":"publish","type":"post","link":"https:\/\/www.iceagetv.com\/radiosite\/beziers-met-en-place-un-couvre-feu-pour-les-mineurs-de-moins-de-13-ans-nice-lenvisage\/","title":{"rendered":"B\u00e9ziers met en place un couvre-feu pour les mineurs de moins de 13 ans, Nice l\u2019envisage"},"content":{"rendered":"\n<p class=\"\">Apr\u00e8s&nbsp;<a href=\"https:\/\/www.leparisien.fr\/faits-divers\/pointe-a-pitre-darmanin-ordonne-dinstaurer-un-couvre-feu-pour-les-mineurs-durant-deux-mois-18-04-2024-CWNKZVFOTNC57KNGBYK4NWYBMA.php\" target=\"_blank\" rel=\"noreferrer noopener\">Pointe-\u00e0-Pitre en Guadeloupe<\/a>, un couvre-feu pour les mineurs est entr\u00e9 en vigueur \u00e0 B\u00e9ziers (H\u00e9rault). Le maire Divers droite Robert M\u00e9nard a pris lundi un arr\u00eat\u00e9 interdisant aux moins de 13 ans d\u2019\u00eatre sur la voie publique apr\u00e8s 23 heures, \u00e0 moins d\u2019\u00eatre accompagn\u00e9 de leur parent. Cette interdiction, qui vise \u00e0 lutter contre la d\u00e9linquance juv\u00e9nile, s\u2019applique au centre-ville, dans les quartiers de la Dev\u00e8ze et Grangette-Iranget, tous les soirs de la semaine du 22 avril au 30 septembre.<\/p>\n\n\n\n<p class=\"\">En cas de non-respect du couvre-feu, le mineur \u00ab risque d\u2019\u00eatre conduit au commissariat et les parents risquent une amende \u00bb, a d\u00e9taill\u00e9 le maire sur\u00a0<a href=\"https:\/\/twitter.com\/TF1Info\/status\/1782646728803385414\" target=\"_blank\" rel=\"noreferrer noopener\">TF1<\/a>\u00a0mardi matin, pr\u00e9cisant que l\u2019objectif \u00ab pour l\u2019instant c\u2019est de sensibiliser les enfants \u00bb et les parents. \u00ab Quand t\u2019es un mioche de 10-11 ans, tu n\u2019es pas \u00e0 3 heures du matin en ville \u00bb, a-t-il martel\u00e9. Ajoutant que \u00ab \u00e7a fera pour les parents une le\u00e7on de morale parce que quand ils viendront au commissariat, ils se feront remonter les bretelles \u00bb.<\/p>\n\n\n\n<p class=\"\">Dix ans plus t\u00f4t, Robert M\u00e9nard avait d\u00e9j\u00e0 pris&nbsp;<a href=\"https:\/\/www.leparisien.fr\/societe\/a-beziers-le-couvre-feu-pour-les-mineurs-est-legal-car-la-delinquance-a-augmente-21-03-2017-6781845.php\" target=\"_blank\" rel=\"noreferrer noopener\">un tel arr\u00eat\u00e9 juste apr\u00e8s son \u00e9lection \u00e0 l\u2019h\u00f4tel de ville<\/a>, mais il avait \u00e9t\u00e9 annul\u00e9 en 2018 par le Conseil d\u2019\u00c9tat, saisi par la Ligue des droits de l\u2019Homme (LDH). Cette derni\u00e8re a estim\u00e9 lundi que reprendre un tel arr\u00eat\u00e9 constitue une violation de l\u2019\u00c9tat de droit \u00ab En reprenant des d\u00e9cisions ill\u00e9gales, l\u2019extr\u00eame droite est contre l\u2019\u00c9tat de droit, ils s\u2019affranchissent du droit qui normalement s\u2019applique \u00e0 tout le monde \u00bb, a d\u00e9clar\u00e9 sur&nbsp;<a href=\"https:\/\/france3-regions.francetvinfo.fr\/occitanie\/herault\/beziers\/couvre-feu-pour-les-mineurs-a-beziers-la-ligue-des-droits-de-l-homme-denonce-une-violation-de-l-etat-de-droit-2959181.html\" target=\"_blank\" rel=\"noreferrer noopener\">France 3 Occitanie<\/a>&nbsp;Sophie Mazas, pr\u00e9sidente de la f\u00e9d\u00e9ration de l\u2019H\u00e9rault de la LDH.<\/p>\n\n\n\n<h2 class=\"wp-block-heading\">Un couvre-feu \u00e0 Nice et Perpignan ?<\/h2>\n\n\n\n<p class=\"\">Le Conseil d\u2019\u00c9tat pourrait donc de nouveau \u00eatre saisi. Mais Robert M\u00e9nard ne croit pas que la justice va annuler encore une fois son arr\u00eat\u00e9 car il n\u2019est \u00ab pas s\u00fbr que le pr\u00e9fet actuel ait les m\u00eames positions que le pr\u00e9fet pr\u00e9c\u00e9dent \u00bb. Le climat actuel a \u00e9galement chang\u00e9 selon lui, \u00ab il y a de plus en plus de jeunes violents, et de plus en plus jeunes \u00bb, dresse l\u2019\u00e9lu.Cette mesure pourrait inspirer d\u2019autres villes. Le maire (Horizons) de Nice, Christian Estrosi, a d\u00e9clar\u00e9 sur\u00a0<a href=\"https:\/\/www.bfmtv.com\/cote-d-azur\/nice-estrosi-va-reinstaurer-un-couvre-feu-pour-les-mineurs-apres-une-interruption-liee-au-covid_AN-202404230257.html\" target=\"_blank\" rel=\"noreferrer noopener\">BFMTV-RMC\u00a0<\/a>ce mardi matin vouloir lui aussi renouveler l\u2019instauration d\u2019un couvre-feu pour les mineurs non accompagn\u00e9s de moins de 13 ans. Il avait d\u00e9j\u00e0 pris un arr\u00eat\u00e9 en ce sens en 2009 et il avait selon lui \u00ab montr\u00e9 son efficacit\u00e9 \u00bb. \u00ab C\u2019est une des bonnes mesures qu\u2019il faut mettre en application \u00bb, a-t-il assur\u00e9.\u00a0Nous allons regarder comment \u00e7a se passe, si la police peut faire r\u00e9gner l\u2019ordre, et si c\u2019est concluant \u00e0 B\u00e9ziers, pourquoi pas le mettre \u00e0 Perpignan \u00bb, a de son c\u00f4t\u00e9 d\u00e9clar\u00e9 sur TF1 le maire de Perpignan Louis Aliot (RN).<\/p>\n","protected":false},"excerpt":{"rendered":"<p>Apr\u00e8s&nbsp;Pointe-\u00e0-Pitre en Guadeloupe, un couvre-feu pour les mineurs est entr\u00e9 en vigueur \u00e0 B\u00e9ziers (H\u00e9rault). Le maire Divers droite Robert M\u00e9nard a pris lundi un arr\u00eat\u00e9 interdisant aux moins de 13 ans d\u2019\u00eatre sur la voie publique apr\u00e8s 23 heures, \u00e0 moins d\u2019\u00eatre accompagn\u00e9 de leur parent. Cette interdiction, qui vise \u00e0 lutter contre la [&hellip;]<\/p>\n","protected":false},"author":2,"featured_media":27990,"comment_status":"open","ping_status":"open","sticky":false,"template":"","format":"standard","meta":{"_jetpack_memberships_contains_paid_content":false,"footnotes":"","jetpack_publicize_message":"","jetpack_publicize_feature_enabled":true,"jetpack_social_post_already_shared":true,"jetpack_social_options":{"image_generator_settings":{"template":"highway","default_image_id":0,"font":"","enabled":false},"version":2},"_wpas_customize_per_network":false},"categories":[405],"tags":[],"class_list":["post-27989","post","type-post","status-publish","format-standard","has-post-thumbnail","hentry","category-actu-france-monde"],"jetpack_publicize_connections":[],"jetpack_featured_media_url":"https:\/\/i0.wp.com\/www.iceagetv.com\/radiosite\/wp-content\/uploads\/2024\/04\/Beziers-met-en-place-un-couvre-feu-pour-les-mineurs-de-moins-de-13-ans.jpg?fit=500%2C261&ssl=1","jetpack_sharing_enabled":true,"_links":{"self":[{"href":"https:\/\/www.iceagetv.com\/radiosite\/wp-json\/wp\/v2\/posts\/27989","targetHints":{"allow":["GET"]}}],"collection":[{"href":"https:\/\/www.iceagetv.com\/radiosite\/wp-json\/wp\/v2\/posts"}],"about":[{"href":"https:\/\/www.iceagetv.com\/radiosite\/wp-json\/wp\/v2\/types\/post"}],"author":[{"embeddable":true,"href":"https:\/\/www.iceagetv.com\/radiosite\/wp-json\/wp\/v2\/users\/2"}],"replies":[{"embeddable":true,"href":"https:\/\/www.iceagetv.com\/radiosite\/wp-json\/wp\/v2\/comments?post=27989"}],"version-history":[{"count":1,"href":"https:\/\/www.iceagetv.com\/radiosite\/wp-json\/wp\/v2\/posts\/27989\/revisions"}],"predecessor-version":[{"id":27991,"href":"https:\/\/www.iceagetv.com\/radiosite\/wp-json\/wp\/v2\/posts\/27989\/revisions\/27991"}],"wp:featuredmedia":[{"embeddable":true,"href":"https:\/\/www.iceagetv.com\/radiosite\/wp-json\/wp\/v2\/media\/27990"}],"wp:attachment":[{"href":"https:\/\/www.iceagetv.com\/radiosite\/wp-json\/wp\/v2\/media?parent=27989"}],"wp:term":[{"taxonomy":"category","embeddable":true,"href":"https:\/\/www.iceagetv.com\/radiosite\/wp-json\/wp\/v2\/categories?post=27989"},{"taxonomy":"post_tag","embeddable":true,"href":"https:\/\/www.iceagetv.com\/radiosite\/wp-json\/wp\/v2\/tags?post=27989"}],"curies":[{"name":"wp","href":"https:\/\/api.w.org\/{rel}","templated":true}]}}