{"id":27992,"date":"2024-04-23T12:41:01","date_gmt":"2024-04-23T12:41:01","guid":{"rendered":"https:\/\/www.iceagetv.com\/radiosite\/?p=27992"},"modified":"2024-04-23T12:41:01","modified_gmt":"2024-04-23T12:41:01","slug":"la-deputee-lfi-mathilde-panot-convoquee-par-la-police-judiciaire-de-paris-dans-le-cadre-dune-enquete-pour-apologie-du-terrorisme-jean-luc-melenchon-denonce-un-evenement-sans-precedent-dans-l","status":"publish","type":"post","link":"https:\/\/www.iceagetv.com\/radiosite\/la-deputee-lfi-mathilde-panot-convoquee-par-la-police-judiciaire-de-paris-dans-le-cadre-dune-enquete-pour-apologie-du-terrorisme-jean-luc-melenchon-denonce-un-evenement-sans-precedent-dans-l\/","title":{"rendered":"La d\u00e9put\u00e9e LFI Mathilde Panot convoqu\u00e9e par la police judiciaire de Paris dans le cadre d&rsquo;une enqu\u00eate pour \u00ab\u00a0apologie du terrorisme\u00a0\u00bb &#8211; Jean-Luc M\u00e9lenchon d\u00e9nonce \u00ab\u00a0un \u00e9v\u00e9nement sans pr\u00e9c\u00e9dent dans l&rsquo;histoire de notre d\u00e9mocratie\u00a0\u00bb"},"content":{"rendered":"\n<p class=\"\">La cheffe de file des d\u00e9put\u00e9s insoumis Mathilde Panot a annonc\u00e9 mardi \u00eatre convoqu\u00e9e par la police dans le cadre d\u2019une enqu\u00eate pour \u00ab&nbsp;apologie du terrorisme&nbsp;\u00bb ouverte \u00e0 la suite d\u2019un communiqu\u00e9 du groupe parlementaire publi\u00e9 le 7 octobre, jour de l\u2019attaque sans pr\u00e9c\u00e9dent men\u00e9e par le Hamas contre Isra\u00ebl.<\/p>\n\n\n\n<p class=\"\">\u00ab&nbsp;C\u2019est la premi\u00e8re fois dans toute l\u2019histoire de la Cinqui\u00e8me R\u00e9publique qu\u2019une pr\u00e9sidente d\u2019un groupe d\u2019opposition \u00e0 l\u2019Assembl\u00e9e nationale est convoqu\u00e9e pour un motif aussi grave&nbsp;\u00bb, a assur\u00e9 l\u2019\u00e9lue dans un communiqu\u00e9. \u00ab&nbsp;J\u2019alerte solennellement sur cette instrumentalisation grave de la justice visant \u00e0 b\u00e2illonner des expressions politiques&nbsp;\u00bb, a ajout\u00e9 la d\u00e9put\u00e9e du Val-de-Marne.<\/p>\n\n\n\n<p class=\"\"><strong>Sur son compte X, Jean-Luc M\u00e9lenchon a r\u00e9agi en d\u00e9non\u00e7ant \u00ab\u00a0un \u00e9v\u00e9nement sans pr\u00e9c\u00e9dent dans l&rsquo;histoire de notre d\u00e9mocratie\u00a0\u00bb.<\/strong>&nbsp;\u00ab\u00a0Comme les interdictions de conf\u00e9rences et les condamnations de syndicalistes ont pu se faire sans trop de solidarit\u00e9, comme certains m\u00e9dias ont concentr\u00e9 leurs coups sur nous sans opposition, l&rsquo;extr\u00eame-droite avance. Les associations amies de Netanyahu osent porter plainte contre la Pr\u00e9sidente de notre groupe parlementaire \u00e0 propos de son communiqu\u00e9 du 7 octobre\u00a0\u00bb, a-t-il d\u00e9clar\u00e9.<\/p>\n\n\n\n<p class=\"\">Et d&rsquo;ajouter : \u00ab\u00a0La police convoque sans \u00e9tat d&rsquo;\u00e2me \u00e0 tour de bras une liste que l&rsquo;on dit tr\u00e8s longue. Toute la sph\u00e8re politique et intellectuelle anti g\u00e9nocide est menac\u00e9e. Un \u00e9v\u00e9nement sans pr\u00e9c\u00e9dent dans l&rsquo;histoire de notre d\u00e9mocratie. On sait dor\u00e9navant qui menace la libert\u00e9 de conscience et pourquoi : prot\u00e9ger un g\u00e9nocide !\u00a0\u00bb.&nbsp;<\/p>\n\n\n\n<p class=\"\">Le 7 octobre, le groupe LFI avait publi\u00e9 un texte qui avait suscit\u00e9 la pol\u00e9mique car il mettait notamment en parall\u00e8le l\u2019attaque du Hamas, d\u00e9crite comme \u00ab&nbsp;une offensive arm\u00e9e de forces palestiniennes&nbsp;\u00bb et \u00ab&nbsp;l\u2019intensification de la politique d\u2019occupation isra\u00e9lienne&nbsp;\u00bb dans les territoires palestiniens.<\/p>\n\n\n\n<p class=\"\">Cette nouvelle intervient quatre jours apr\u00e8s que la candidate aux \u00e9lections europ\u00e9ennes Rima Hassan, septi\u00e8me sur la liste insoumise de Manon Aubry, a \u00e9galement annonc\u00e9 sa convocation par la police judiciaire pour \u00ab&nbsp;apologie du terrorisme&nbsp;\u00bb.<\/p>\n\n\n\n<p class=\"\">\u00ab&nbsp;J\u2019estime n\u2019avoir rien \u00e0 me reprocher, m\u2019\u00eatre toujours exprim\u00e9e de mani\u00e8re critique \u00e0 la fois envers le Hamas et son mode op\u00e9ratoire terroriste mais aussi d\u2019Isra\u00ebl&nbsp;\u00bb, avait-elle r\u00e9agi vendredi aupr\u00e8s de l\u2019AFP. Les Insoumis d\u00e9noncent une instrumentalisation de la justice, assurant qu\u2019on leur fait payer leur soutien aux Palestiniens et leur utilisation du terme \u00ab&nbsp;g\u00e9nocide&nbsp;\u00bb pour qualifier la situation \u00e0 Gaza.<\/p>\n\n\n\n<p class=\"\">La semaine derni\u00e8re, deux conf\u00e9rences de Jean-Luc M\u00e9lenchon sur la situation au Proche-Orient ont \u00e9t\u00e9 annul\u00e9es \u00e0 Lille, d\u2019abord \u00e0 l\u2019universit\u00e9 puis dans une salle priv\u00e9e. \u00ab&nbsp;Un abus de pouvoir de r\u00e9publique banani\u00e8re&nbsp;\u00bb, avait fustig\u00e9 le leader des Insoumis.<\/p>\n","protected":false},"excerpt":{"rendered":"<p>La cheffe de file des d\u00e9put\u00e9s insoumis Mathilde Panot a annonc\u00e9 mardi \u00eatre convoqu\u00e9e par la police dans le cadre d\u2019une enqu\u00eate pour \u00ab&nbsp;apologie du terrorisme&nbsp;\u00bb ouverte \u00e0 la suite d\u2019un communiqu\u00e9 du groupe parlementaire publi\u00e9 le 7 octobre, jour de l\u2019attaque sans pr\u00e9c\u00e9dent men\u00e9e par le Hamas contre Isra\u00ebl. \u00ab&nbsp;C\u2019est la premi\u00e8re fois dans [&hellip;]<\/p>\n","protected":false},"author":2,"featured_media":27993,"comment_status":"open","ping_status":"open","sticky":false,"template":"","format":"standard","meta":{"_jetpack_memberships_contains_paid_content":false,"footnotes":"","jetpack_publicize_message":"","jetpack_publicize_feature_enabled":true,"jetpack_social_post_already_shared":true,"jetpack_social_options":{"image_generator_settings":{"template":"highway","default_image_id":0,"font":"","enabled":false},"version":2},"_wpas_customize_per_network":false},"categories":[405],"tags":[],"class_list":["post-27992","post","type-post","status-publish","format-standard","has-post-thumbnail","hentry","category-actu-france-monde"],"jetpack_publicize_connections":[],"jetpack_featured_media_url":"https:\/\/i0.wp.com\/www.iceagetv.com\/radiosite\/wp-content\/uploads\/2024\/04\/La-deputee-LFI-Mathilde-Panot-convoquee-par-la-police-judiciaire-de-Paris.jpg?fit=679%2C293&ssl=1","jetpack_sharing_enabled":true,"_links":{"self":[{"href":"https:\/\/www.iceagetv.com\/radiosite\/wp-json\/wp\/v2\/posts\/27992","targetHints":{"allow":["GET"]}}],"collection":[{"href":"https:\/\/www.iceagetv.com\/radiosite\/wp-json\/wp\/v2\/posts"}],"about":[{"href":"https:\/\/www.iceagetv.com\/radiosite\/wp-json\/wp\/v2\/types\/post"}],"author":[{"embeddable":true,"href":"https:\/\/www.iceagetv.com\/radiosite\/wp-json\/wp\/v2\/users\/2"}],"replies":[{"embeddable":true,"href":"https:\/\/www.iceagetv.com\/radiosite\/wp-json\/wp\/v2\/comments?post=27992"}],"version-history":[{"count":1,"href":"https:\/\/www.iceagetv.com\/radiosite\/wp-json\/wp\/v2\/posts\/27992\/revisions"}],"predecessor-version":[{"id":27994,"href":"https:\/\/www.iceagetv.com\/radiosite\/wp-json\/wp\/v2\/posts\/27992\/revisions\/27994"}],"wp:featuredmedia":[{"embeddable":true,"href":"https:\/\/www.iceagetv.com\/radiosite\/wp-json\/wp\/v2\/media\/27993"}],"wp:attachment":[{"href":"https:\/\/www.iceagetv.com\/radiosite\/wp-json\/wp\/v2\/media?parent=27992"}],"wp:term":[{"taxonomy":"category","embeddable":true,"href":"https:\/\/www.iceagetv.com\/radiosite\/wp-json\/wp\/v2\/categories?post=27992"},{"taxonomy":"post_tag","embeddable":true,"href":"https:\/\/www.iceagetv.com\/radiosite\/wp-json\/wp\/v2\/tags?post=27992"}],"curies":[{"name":"wp","href":"https:\/\/api.w.org\/{rel}","templated":true}]}}