{"id":27998,"date":"2024-04-24T05:42:22","date_gmt":"2024-04-24T05:42:22","guid":{"rendered":"https:\/\/www.iceagetv.com\/radiosite\/?p=27998"},"modified":"2024-04-24T05:42:22","modified_gmt":"2024-04-24T05:42:22","slug":"il-a-enleve-sa-vie-mais-il-est-libre-un-homme-soupconne-davoir-tue-sa-conjointe-remis-en-liberte-par-erreur","status":"publish","type":"post","link":"https:\/\/www.iceagetv.com\/radiosite\/il-a-enleve-sa-vie-mais-il-est-libre-un-homme-soupconne-davoir-tue-sa-conjointe-remis-en-liberte-par-erreur\/","title":{"rendered":"IL A ENLEV\u00c9 SA VIE, MAIS IL EST LIBRE\u00a0\u00bb: UN HOMME SOUP\u00c7ONN\u00c9 D\u2019AVOIR TU\u00c9 SA CONJOINTE REMIS EN LIBERT\u00c9 PAR ERREUR"},"content":{"rendered":"\n<p class=\"\">Soup\u00e7onn\u00e9 d&rsquo;avoir tu\u00e9 sa conjointe en 2022, un homme a \u00e9t\u00e9 remis en libert\u00e9 par erreur, par la cour d&rsquo;appel de Mulhouse (Haut-Rhin <\/p>\n\n\n\n<p class=\"\">Un homme qui avait mortellement bless\u00e9 sa conjointe par arme \u00e0 feu en ao\u00fbt 2022 a \u00e9t\u00e9 remis en libert\u00e9 par erreur avant son proc\u00e8s. En cause: un oubli de la cour d&rsquo;appel de&nbsp;<a href=\"https:\/\/rmc.bfmtv.com\/actualites\/insolite\/mulhouse-des-centaines-de-pieces-d-or-et-des-lingots-saisis-a-la-frontiere-suisse_AD-202312210678.html\">Mulhouse<\/a>.<\/p>\n\n\n\n<p class=\"\">Le suspect a toujours invoqu\u00e9 un tir accidentel en manipulant une arme \u00e0 feu. Jeudi dernier, la chambre de l&rsquo;instruction statuait sur la requalification des faits de meurtre en homicide involontaire. Ce faisant, les magistrats ont oubli\u00e9 de statuer sur la d\u00e9tention provisoire. Et le mis en examen est aujourd&rsquo;hui libre en attente de son proc\u00e8s<\/p>\n\n\n\n<h2 class=\"wp-block-heading\">ON SE DEMANDE SI ON PEUT FAIRE CONFIANCE \u00c0 LA JUSTICE\u00a0\u00bb<\/h2>\n\n\n\n<p class=\"\">Brigitte Schneider a appris coup sur coup que la justice requalifiait le meurtre de sa soeur, Sonia, en homicide involontaire et que l&rsquo;auteur pr\u00e9sum\u00e9 de ce coup de feu mortel \u00e9tait remis en libert\u00e9.<\/p>\n\n\n\n<blockquote class=\"wp-block-quote is-layout-flow wp-block-quote-is-layout-flow\">\n<p class=\"\">\u201cCe n&rsquo;est pas possible. Il a enlev\u00e9 la vie de ma s\u0153ur, mais il est en libert\u00e9. Je ne comprends pas que les juges et les greffiers ne reprennent pas le dossier en main. L\u00e0, cette semaine, il devrait l\u2019incarc\u00e9rer tout de suite. On se demande encore si on peut faire confiance \u00e0 la justice\u201d.<\/p>\n<\/blockquote>\n\n\n\n<p class=\"\">Tout \u00e7a, donc, car la cour d&rsquo;appel de Mulhouse a omis de statuer sur la d\u00e9tention provisoire du mis en examen. Et m\u00eame sur son contr\u00f4le judiciaire, d\u00e9plore l&rsquo;avocat des parties civiles Fabien Arakelian.<\/p>\n","protected":false},"excerpt":{"rendered":"<p>Soup\u00e7onn\u00e9 d&rsquo;avoir tu\u00e9 sa conjointe en 2022, un homme a \u00e9t\u00e9 remis en libert\u00e9 par erreur, par la cour d&rsquo;appel de Mulhouse (Haut-Rhin Un homme qui avait mortellement bless\u00e9 sa conjointe par arme \u00e0 feu en ao\u00fbt 2022 a \u00e9t\u00e9 remis en libert\u00e9 par erreur avant son proc\u00e8s. En cause: un oubli de la cour [&hellip;]<\/p>\n","protected":false},"author":2,"featured_media":27999,"comment_status":"open","ping_status":"open","sticky":false,"template":"","format":"standard","meta":{"_jetpack_memberships_contains_paid_content":false,"footnotes":"","jetpack_publicize_message":"","jetpack_publicize_feature_enabled":true,"jetpack_social_post_already_shared":true,"jetpack_social_options":{"image_generator_settings":{"template":"highway","default_image_id":0,"font":"","enabled":false},"version":2},"_wpas_customize_per_network":false},"categories":[405],"tags":[],"class_list":["post-27998","post","type-post","status-publish","format-standard","has-post-thumbnail","hentry","category-actu-france-monde"],"jetpack_publicize_connections":[],"jetpack_featured_media_url":"https:\/\/i0.wp.com\/www.iceagetv.com\/radiosite\/wp-content\/uploads\/2024\/04\/Tribunal-judiciaire-de-Mulhouse-1850179.jpg?fit=1280%2C720&ssl=1","jetpack_sharing_enabled":true,"_links":{"self":[{"href":"https:\/\/www.iceagetv.com\/radiosite\/wp-json\/wp\/v2\/posts\/27998","targetHints":{"allow":["GET"]}}],"collection":[{"href":"https:\/\/www.iceagetv.com\/radiosite\/wp-json\/wp\/v2\/posts"}],"about":[{"href":"https:\/\/www.iceagetv.com\/radiosite\/wp-json\/wp\/v2\/types\/post"}],"author":[{"embeddable":true,"href":"https:\/\/www.iceagetv.com\/radiosite\/wp-json\/wp\/v2\/users\/2"}],"replies":[{"embeddable":true,"href":"https:\/\/www.iceagetv.com\/radiosite\/wp-json\/wp\/v2\/comments?post=27998"}],"version-history":[{"count":1,"href":"https:\/\/www.iceagetv.com\/radiosite\/wp-json\/wp\/v2\/posts\/27998\/revisions"}],"predecessor-version":[{"id":28000,"href":"https:\/\/www.iceagetv.com\/radiosite\/wp-json\/wp\/v2\/posts\/27998\/revisions\/28000"}],"wp:featuredmedia":[{"embeddable":true,"href":"https:\/\/www.iceagetv.com\/radiosite\/wp-json\/wp\/v2\/media\/27999"}],"wp:attachment":[{"href":"https:\/\/www.iceagetv.com\/radiosite\/wp-json\/wp\/v2\/media?parent=27998"}],"wp:term":[{"taxonomy":"category","embeddable":true,"href":"https:\/\/www.iceagetv.com\/radiosite\/wp-json\/wp\/v2\/categories?post=27998"},{"taxonomy":"post_tag","embeddable":true,"href":"https:\/\/www.iceagetv.com\/radiosite\/wp-json\/wp\/v2\/tags?post=27998"}],"curies":[{"name":"wp","href":"https:\/\/api.w.org\/{rel}","templated":true}]}}