{"id":28001,"date":"2024-04-24T07:42:21","date_gmt":"2024-04-24T07:42:21","guid":{"rendered":"https:\/\/www.iceagetv.com\/radiosite\/?p=28001"},"modified":"2024-04-24T07:42:21","modified_gmt":"2024-04-24T07:42:21","slug":"greve-des-controleurs-aeriens-des-dizaines-de-millions-deuros-en-jeu-previent-adp","status":"publish","type":"post","link":"https:\/\/www.iceagetv.com\/radiosite\/greve-des-controleurs-aeriens-des-dizaines-de-millions-deuros-en-jeu-previent-adp\/","title":{"rendered":"GR\u00c8VE DES CONTR\u00d4LEURS A\u00c9RIENS: DES \u00ab\u00a0DIZAINES DE MILLIONS D&rsquo;EUROS\u00a0\u00bb EN JEU, PR\u00c9VIENT ADP"},"content":{"rendered":"\n<p class=\"\">Le mouvement va entra\u00eener 75% de suppressions de vols \u00e0 Paris-Orly et 65% \u00e0 Roissy. En dehors de l&rsquo;\u00cele-de-France, les autres r\u00e9gions seront \u00e9galement touch\u00e9es.<\/p>\n\n\n\n<p class=\"\">La facture de la gr\u00e8ve des contr\u00f4leurs a\u00e9riens fran\u00e7ais pr\u00e9vue jeudi pourrait se chiffrer en \u00ab\u00a0dizaines de millions d&rsquo;euros\u00a0\u00bb pour les compagnies a\u00e9riennes et les a\u00e9roports, et affecter des dizaines de milliers de passagers, selon le gestionnaire des a\u00e9roports parisiens.<\/p>\n\n\n\n<blockquote class=\"wp-block-quote is-layout-flow wp-block-quote-is-layout-flow\">\n<p class=\"\">\u00ab\u00a0Pour les compagnies a\u00e9riennes, pour les a\u00e9roports, ce sont plusieurs dizaines de millions d&rsquo;euros qui sont en jeu, chaque jour\u00a0\u00bb, a d\u00e9clar\u00e9 mercredi le PDG du groupe ADP, Augustin de Romanet, au micro de la radio Franceinfo.<\/p>\n<\/blockquote>\n\n\n\n<p class=\"\">Les aiguilleurs du ciel sont appel\u00e9s \u00e0 cesser le travail jeudi pour protester contre les mesures d&rsquo;accompagnement, notamment salariales, d&rsquo;une refonte du contr\u00f4le a\u00e9rien fran\u00e7ais.<\/p>\n\n\n\n<p class=\"\">Pour mettre en ad\u00e9quation les effectifs disponibles et le trafic, la Direction g\u00e9n\u00e9rale de l&rsquo;aviation civile (DGAC) a demand\u00e9 mardi aux compagnies a\u00e9riennes&nbsp;<a href=\"https:\/\/www.bfmtv.com\/economie\/entreprises\/transports\/info-bfmtv-greve-des-controleurs-aeriens-75-des-vols-annules-a-orly-jeudi-65-a-charles-de-gaulle_AD-202404230877.html\">de renoncer \u00e0 une majorit\u00e9 de leurs vols jeudi.<\/a><\/p>\n\n\n\n<p class=\"\">Cette proportion montera \u00e0 75% \u00e0 Paris-Orly, deuxi\u00e8me a\u00e9roport fran\u00e7ais, et 65% \u00e0 Roissy, le premier, et Marseille. Elle sera de 60% \u00e0 Toulouse et Nice, et 50% pour les autres a\u00e9roports.<\/p>\n\n\n\n<h2 class=\"wp-block-heading\">\u00ab\u00a0Tr\u00e8s p\u00e9nalisant\u00a0\u00bb<\/h2>\n\n\n\n<blockquote class=\"wp-block-quote is-layout-flow wp-block-quote-is-layout-flow\">\n<p class=\"\">\u00ab\u00a0Les abattements de vols qui vont \u00eatre demand\u00e9s aux compagnies sont extr\u00eamement \u00e9lev\u00e9s, c&rsquo;est rarement vu dans notre histoire\u00a0\u00bb, a comment\u00e9 Auguste de Romanet.<\/p>\n<\/blockquote>\n\n\n\n<p class=\"\">\u00ab\u00a0C&rsquo;est vraiment tr\u00e8s p\u00e9nalisant pour les passagers\u00a0\u00bb, a d\u00e9plor\u00e9 le PDG, alors que deux des trois grandes zones acad\u00e9miques sont en vacances de printemps.<\/p>\n\n\n\n<p class=\"\">Des dizaines voire des centaines de milliers de voyageurs risquent de voir leur vol annul\u00e9. Selon le Groupe ADP mercredi, Roissy en a accueilli lundi 203.000 et Orly 111.000, alors que ces deux a\u00e9roports concentrent environ la moiti\u00e9 de la fr\u00e9quentation totale des a\u00e9roports fran\u00e7ais.<\/p>\n\n\n\n<p class=\"\">Face \u00e0 l&rsquo;\u00e9chec des n\u00e9gociations avec la DGAC jusqu&rsquo;ici, le SNCTA, syndicat majoritaire des contr\u00f4leurs a\u00e9riens, a m\u00eame d\u00e9pos\u00e9 un&nbsp;<a href=\"https:\/\/www.bfmtv.com\/economie\/entreprises\/aeronautique\/nouvelle-menace-de-greve-de-l-aerien-pour-le-pont-de-l-ascension-les-9-10-et-11-mai_AD-202404230599.html\">deuxi\u00e8me pr\u00e9avis<\/a>&nbsp;de gr\u00e8ve en plein week-end de l&rsquo;Ascension, les jeudi 9 (f\u00e9ri\u00e9), vendredi 10 et samedi 11 mai.<\/p>\n\n\n\n<blockquote class=\"wp-block-quote is-layout-flow wp-block-quote-is-layout-flow\">\n<p class=\"\">\u00ab\u00a0Je fais confiance aux n\u00e9gociateurs et \u00e0 leur esprit de responsabilit\u00e9 pour que cette gr\u00e8ve (&#8230;) n&rsquo;ait pas lieu. On arrive \u00e0 tr\u00e8s fortement ab\u00eemer la s\u00e9r\u00e9nit\u00e9 des Fran\u00e7ais et des \u00e9trangers avec ces mouvements qui objectivement devraient pouvoir \u00eatre r\u00e9gl\u00e9s par la n\u00e9gociation\u00a0\u00bb, a jug\u00e9 Augustin de Romanet.<\/p>\n<\/blockquote>\n\n\n\n<p class=\"\">Pour lui, \u00ab\u00a0les r\u00e9formes de productivit\u00e9 qui sont demand\u00e9es (aux contr\u00f4leurs) par le gouvernement sont n\u00e9cessaires, et sont demand\u00e9es par les compagnies a\u00e9riennes, notamment les compagnies europ\u00e9ennes quand elles survolent la France. Elles ont besoin d&rsquo;un contr\u00f4le a\u00e9rien aussi efficace que possible\u00a0\u00bb.<\/p>\n","protected":false},"excerpt":{"rendered":"<p>Le mouvement va entra\u00eener 75% de suppressions de vols \u00e0 Paris-Orly et 65% \u00e0 Roissy. En dehors de l&rsquo;\u00cele-de-France, les autres r\u00e9gions seront \u00e9galement touch\u00e9es. La facture de la gr\u00e8ve des contr\u00f4leurs a\u00e9riens fran\u00e7ais pr\u00e9vue jeudi pourrait se chiffrer en \u00ab\u00a0dizaines de millions d&rsquo;euros\u00a0\u00bb pour les compagnies a\u00e9riennes et les a\u00e9roports, et affecter des dizaines [&hellip;]<\/p>\n","protected":false},"author":2,"featured_media":28002,"comment_status":"open","ping_status":"open","sticky":false,"template":"","format":"standard","meta":{"_jetpack_memberships_contains_paid_content":false,"footnotes":"","jetpack_publicize_message":"","jetpack_publicize_feature_enabled":true,"jetpack_social_post_already_shared":true,"jetpack_social_options":{"image_generator_settings":{"template":"highway","default_image_id":0,"font":"","enabled":false},"version":2},"_wpas_customize_per_network":false},"categories":[405],"tags":[],"class_list":["post-28001","post","type-post","status-publish","format-standard","has-post-thumbnail","hentry","category-actu-france-monde"],"jetpack_publicize_connections":[],"jetpack_featured_media_url":"https:\/\/i0.wp.com\/www.iceagetv.com\/radiosite\/wp-content\/uploads\/2024\/04\/GREVE-DES-CONTROLEURS-AERIENS.jpg?fit=680%2C383&ssl=1","jetpack_sharing_enabled":true,"_links":{"self":[{"href":"https:\/\/www.iceagetv.com\/radiosite\/wp-json\/wp\/v2\/posts\/28001","targetHints":{"allow":["GET"]}}],"collection":[{"href":"https:\/\/www.iceagetv.com\/radiosite\/wp-json\/wp\/v2\/posts"}],"about":[{"href":"https:\/\/www.iceagetv.com\/radiosite\/wp-json\/wp\/v2\/types\/post"}],"author":[{"embeddable":true,"href":"https:\/\/www.iceagetv.com\/radiosite\/wp-json\/wp\/v2\/users\/2"}],"replies":[{"embeddable":true,"href":"https:\/\/www.iceagetv.com\/radiosite\/wp-json\/wp\/v2\/comments?post=28001"}],"version-history":[{"count":1,"href":"https:\/\/www.iceagetv.com\/radiosite\/wp-json\/wp\/v2\/posts\/28001\/revisions"}],"predecessor-version":[{"id":28003,"href":"https:\/\/www.iceagetv.com\/radiosite\/wp-json\/wp\/v2\/posts\/28001\/revisions\/28003"}],"wp:featuredmedia":[{"embeddable":true,"href":"https:\/\/www.iceagetv.com\/radiosite\/wp-json\/wp\/v2\/media\/28002"}],"wp:attachment":[{"href":"https:\/\/www.iceagetv.com\/radiosite\/wp-json\/wp\/v2\/media?parent=28001"}],"wp:term":[{"taxonomy":"category","embeddable":true,"href":"https:\/\/www.iceagetv.com\/radiosite\/wp-json\/wp\/v2\/categories?post=28001"},{"taxonomy":"post_tag","embeddable":true,"href":"https:\/\/www.iceagetv.com\/radiosite\/wp-json\/wp\/v2\/tags?post=28001"}],"curies":[{"name":"wp","href":"https:\/\/api.w.org\/{rel}","templated":true}]}}