{"id":28013,"date":"2024-04-24T16:47:12","date_gmt":"2024-04-24T16:47:12","guid":{"rendered":"https:\/\/www.iceagetv.com\/radiosite\/?p=28013"},"modified":"2024-04-24T16:47:12","modified_gmt":"2024-04-24T16:47:12","slug":"terrorisme-arrestation-dun-adolescent-de-16-ans-soupconne-de-vouloir-commettre-un-attentat-pendant-les-jo","status":"publish","type":"post","link":"https:\/\/www.iceagetv.com\/radiosite\/terrorisme-arrestation-dun-adolescent-de-16-ans-soupconne-de-vouloir-commettre-un-attentat-pendant-les-jo\/","title":{"rendered":"Terrorisme\u00a0: arrestation d\u2019un adolescent de 16 ans soup\u00e7onn\u00e9 de vouloir commettre un attentat pendant les JO"},"content":{"rendered":"\n<p class=\"\">Interpell\u00e9 en Haute-Savoie, ce mineur avait \u00e9t\u00e9 rep\u00e9r\u00e9 apr\u00e8s avoir post\u00e9 des messages sur Telegram dans lequel il disait vouloir confectionner une ceinture explosive. La justice antiterroriste s\u2019est saisie du dossier.<\/p>\n\n\n\n<p class=\"\">Il \u00e9tait suivi au titre de la radicalisation islamiste. Selon nos informations, un mineur de 16 ans a \u00e9t\u00e9 interpell\u00e9 lundi \u00e0 Marignier (Haute-Savoie), soup\u00e7onn\u00e9 de pr\u00e9parer une action djihadiste pendant&nbsp;<a href=\"https:\/\/www.leparisien.fr\/jo-paris-2024\/\" target=\"_blank\" rel=\"noreferrer noopener\">les Jeux olympiques<\/a>. Il a \u00e9t\u00e9 plac\u00e9 en garde \u00e0 vue par les policiers de la Direction g\u00e9n\u00e9rale de la s\u00e9curit\u00e9 int\u00e9rieure (DGSI) dans le cadre d\u2019une enqu\u00eate reprise par le parquet national antiterroriste (Pnat) et ouverte pour \u00ab association de malfaiteurs terroriste criminelle \u00bb.<\/p>\n\n\n\n<p class=\"\">\u00c0 l\u2019origine, la police judiciaire avait \u00e9t\u00e9 saisie par le parquet local \u00e0 la suite d\u2019un signalement visant des propos inqui\u00e9tants publi\u00e9s par cet adolescent de nationalit\u00e9 fran\u00e7aise sur une cha\u00eene de la messagerie s\u00e9curis\u00e9e Telegram. Dans ces messages, le mineur chercherait \u00e0 se procurer du mat\u00e9riel pour confectionner une ceinture explosive. Il dit aussi vouloir mourir en martyr au nom de l\u2019organisation \u00c9tat islamique (EI).<\/p>\n\n\n\n<h2 class=\"wp-block-heading\">Des aveux en garde \u00e0 vue<\/h2>\n\n\n\n<p class=\"\">Le 22 avril, le jeune homme est interpell\u00e9 par la PJ chez ses parents dans une commune de la Haute-Savoie situ\u00e9e dans la moyenne vall\u00e9e de l\u2019Arve, entre Cluses et Bonneville. Une perquisition est men\u00e9e \u00e0 son domicile. Les enqu\u00eateurs retrouvent des documents manuscrits dont un serment d\u2019all\u00e9geance \u00e0 Daech. Le t\u00e9l\u00e9phone portable du suspect est saisi et envoy\u00e9 en analyse. En garde \u00e0 vue, l\u2019adolescent admet vouloir commettre un attentat pendant les Jeux olympiques, avec un fusil et une ceinture explosive, pr\u00e9cisant qu\u2019il ciblait le quartier d\u2019affaires de la D\u00e9fense (Hauts-de-Seine). Son objectif \u00e9tait ensuite de mourir sous les balles des forces de l\u2019ordre.<\/p>\n","protected":false},"excerpt":{"rendered":"<p>Interpell\u00e9 en Haute-Savoie, ce mineur avait \u00e9t\u00e9 rep\u00e9r\u00e9 apr\u00e8s avoir post\u00e9 des messages sur Telegram dans lequel il disait vouloir confectionner une ceinture explosive. La justice antiterroriste s\u2019est saisie du dossier. Il \u00e9tait suivi au titre de la radicalisation islamiste. Selon nos informations, un mineur de 16 ans a \u00e9t\u00e9 interpell\u00e9 lundi \u00e0 Marignier (Haute-Savoie), [&hellip;]<\/p>\n","protected":false},"author":2,"featured_media":28014,"comment_status":"open","ping_status":"open","sticky":false,"template":"","format":"standard","meta":{"_jetpack_memberships_contains_paid_content":false,"footnotes":"","jetpack_publicize_message":"","jetpack_publicize_feature_enabled":true,"jetpack_social_post_already_shared":true,"jetpack_social_options":{"image_generator_settings":{"template":"highway","default_image_id":0,"font":"","enabled":false},"version":2},"_wpas_customize_per_network":false},"categories":[405],"tags":[],"class_list":["post-28013","post","type-post","status-publish","format-standard","has-post-thumbnail","hentry","category-actu-france-monde"],"jetpack_publicize_connections":[],"jetpack_featured_media_url":"https:\/\/i0.wp.com\/www.iceagetv.com\/radiosite\/wp-content\/uploads\/2024\/04\/5XJGRDM7BZDYDHXFIDWT7PY73U.jpg?fit=932%2C582&ssl=1","jetpack_sharing_enabled":true,"_links":{"self":[{"href":"https:\/\/www.iceagetv.com\/radiosite\/wp-json\/wp\/v2\/posts\/28013","targetHints":{"allow":["GET"]}}],"collection":[{"href":"https:\/\/www.iceagetv.com\/radiosite\/wp-json\/wp\/v2\/posts"}],"about":[{"href":"https:\/\/www.iceagetv.com\/radiosite\/wp-json\/wp\/v2\/types\/post"}],"author":[{"embeddable":true,"href":"https:\/\/www.iceagetv.com\/radiosite\/wp-json\/wp\/v2\/users\/2"}],"replies":[{"embeddable":true,"href":"https:\/\/www.iceagetv.com\/radiosite\/wp-json\/wp\/v2\/comments?post=28013"}],"version-history":[{"count":1,"href":"https:\/\/www.iceagetv.com\/radiosite\/wp-json\/wp\/v2\/posts\/28013\/revisions"}],"predecessor-version":[{"id":28015,"href":"https:\/\/www.iceagetv.com\/radiosite\/wp-json\/wp\/v2\/posts\/28013\/revisions\/28015"}],"wp:featuredmedia":[{"embeddable":true,"href":"https:\/\/www.iceagetv.com\/radiosite\/wp-json\/wp\/v2\/media\/28014"}],"wp:attachment":[{"href":"https:\/\/www.iceagetv.com\/radiosite\/wp-json\/wp\/v2\/media?parent=28013"}],"wp:term":[{"taxonomy":"category","embeddable":true,"href":"https:\/\/www.iceagetv.com\/radiosite\/wp-json\/wp\/v2\/categories?post=28013"},{"taxonomy":"post_tag","embeddable":true,"href":"https:\/\/www.iceagetv.com\/radiosite\/wp-json\/wp\/v2\/tags?post=28013"}],"curies":[{"name":"wp","href":"https:\/\/api.w.org\/{rel}","templated":true}]}}