{"id":28020,"date":"2024-04-25T12:14:26","date_gmt":"2024-04-25T12:14:26","guid":{"rendered":"https:\/\/www.iceagetv.com\/radiosite\/?p=28020"},"modified":"2024-04-25T12:14:26","modified_gmt":"2024-04-25T12:14:26","slug":"discours-demmanuel-macron-sur-leurope-notre-europe-est-mortelle-elle-peut-mourir-le-president-plaide-en-faveur-dun-grand-plan-dinvestissement-collectif-une-majorite-numerique-a","status":"publish","type":"post","link":"https:\/\/www.iceagetv.com\/radiosite\/discours-demmanuel-macron-sur-leurope-notre-europe-est-mortelle-elle-peut-mourir-le-president-plaide-en-faveur-dun-grand-plan-dinvestissement-collectif-une-majorite-numerique-a\/","title":{"rendered":"Discours d&rsquo;Emmanuel Macron sur l&rsquo;Europe: \u00ab\u00a0Notre Europe est mortelle, elle peut mourir\u00a0\u00bb &#8211; Le pr\u00e9sident plaide en faveur d&rsquo;un \u00ab\u00a0grand plan d&rsquo;investissement collectif\u00a0\u00bb &#8211; \u00ab\u00a0Une majorit\u00e9 num\u00e9rique \u00e0 15 ans en Europe"},"content":{"rendered":"\n<p class=\"\"><strong>Le point sur ce qu&rsquo;il faut retenir du discours fleuve du pr\u00e9sident Emmanuel Macron<\/strong><\/p>\n\n\n\n<p class=\"\">Emmanuel Macron compte inviter dans les prochains mois \u00ab&nbsp;tous nos partenaires&nbsp;\u00bb \u00e0 b\u00e2tir \u00ab&nbsp;une initiative europ\u00e9enne de d\u00e9fense&nbsp;\u00bb qui soit \u00ab&nbsp;cr\u00e9dible&nbsp;\u00bb face \u00ab&nbsp;aux missiles russes&nbsp;\u00bb, alertant sur le risque militaire et \u00e9conomique de voir l\u2019Europe \u00ab&nbsp;mourir&nbsp;\u00bb, ou du moins \u00eatre \u00ab&nbsp;rel\u00e9gu\u00e9e&nbsp;\u00bb face aux autres grandes puissances.<\/p>\n\n\n\n<p class=\"\">\u00ab&nbsp;Les r\u00e8gles du jeu ont chang\u00e9&nbsp;\u00bb du fait de \u00ab&nbsp;puissances d\u00e9sinhib\u00e9es&nbsp;\u00bb, comme la Russie et l\u2019Iran, a observ\u00e9 le chef de l\u2019Etat lors d\u2019un discours-fleuve sur l\u2019Europe jeudi \u00e0 Paris, en d\u00e9plorant \u00ab&nbsp;un r\u00e9veil encore trop faible face au r\u00e9armement g\u00e9n\u00e9ralis\u00e9 du monde&nbsp;\u00bb.<\/p>\n\n\n\n<p class=\"\">Face au d\u00e9sengagement am\u00e9ricain, le pr\u00e9sident fran\u00e7ais a plaid\u00e9 jeudi pour une \u00ab&nbsp;Europe puissance&nbsp;\u00bb, qui \u00ab&nbsp;se fait respecter&nbsp;\u00bb, \u00ab&nbsp;assure sa s\u00e9curit\u00e9&nbsp;\u00bb et reprend \u00ab&nbsp;son autonomie strat\u00e9gique&nbsp;\u00bb.<\/p>\n\n\n\n<p class=\"\">\u00ab&nbsp;Nous devons \u00eatre lucides aujourd\u2019hui sur le fait que notre Europe est mortelle, elle peut mourir&nbsp;\u00bb, a d\u00e9clar\u00e9 le pr\u00e9sident fran\u00e7ais. \u00ab&nbsp;Cela d\u00e9pend uniquement de nos choix mais ces choix sont \u00e0 faire maintenant&nbsp;\u00bb car \u00ab&nbsp;\u00e0 l\u2019horizon de la prochaine d\u00e9cennie, (&#8230;) le risque est immense d\u2019\u00eatre fragilis\u00e9 voire rel\u00e9gu\u00e9&nbsp;\u00bb, a-t-il ajout\u00e9, en \u00e9voquant non seulement la d\u00e9fense mais aussi un risque de d\u00e9crochage \u00e9conomique de l\u2019Europe par rapport \u00e0 la Chine et aux Etats-Unis.<\/p>\n\n\n\n<p class=\"\">M. Macron a \u00e9voqu\u00e9 une Europe \u00ab&nbsp;dans une situation d\u2019encerclement&nbsp;\u00bb face aux grandes puissances r\u00e9gionales et jug\u00e9 que les valeurs de la \u00ab&nbsp;d\u00e9mocratie lib\u00e9rale&nbsp;\u00bb europ\u00e9ennes \u00e9taient \u00ab&nbsp;de plus en plus critiqu\u00e9es&nbsp;\u00bb et \u00ab&nbsp;contest\u00e9es&nbsp;\u00bb.<\/p>\n\n\n\n<p class=\"\">Sur la d\u00e9fense, \u00ab&nbsp;les \u00e9v\u00e9nements les plus r\u00e9cents ont d\u00e9montr\u00e9 l\u2019importance des d\u00e9fenses antimissiles, des capacit\u00e9s de frappe dans la profondeur (&#8230;) face \u00e0 des adversaires d\u00e9sinhib\u00e9s. C\u2019est pourquoi ce qu\u2019il nous faut faire \u00e9merger, et c\u2019est cela le paradigme nouveau en mati\u00e8re de d\u00e9fense, c\u2019est une d\u00e9fense cr\u00e9dible du continent europ\u00e9en&nbsp;\u00bb, a-t-il constat\u00e9.<\/p>\n\n\n\n<p class=\"\">\u00ab&nbsp;L\u2019Europe doit savoir d\u00e9fendre ce qui lui est cher avec ses alli\u00e9s \u00e0 chaque fois qu\u2019ils sont pr\u00eats \u00e0 le faire et seuls si c\u2019est n\u00e9cessaire. Est-ce que pour \u00e7a, il nous faut un bouclier antimissile, peut-\u00eatre&nbsp;?&nbsp;\u00bb, s\u2019est-il interrog\u00e9.<\/p>\n\n\n\n<p class=\"\">La dissuasion nucl\u00e9aire fran\u00e7aise \u00ab&nbsp;est par essence un \u00e9l\u00e9ment incontournable de la d\u00e9fense du continent europ\u00e9en&nbsp;\u00bb, a-t-il plaid\u00e9.<\/p>\n\n\n\n<p class=\"\">Face \u00e0 la Russie, le pr\u00e9sident fran\u00e7ais a plaid\u00e9 notamment pour \u00ab&nbsp;une capacit\u00e9 europ\u00e9enne de cybers\u00e9curit\u00e9 et de cyberd\u00e9fense&nbsp;\u00bb.<\/p>\n\n\n\n<p class=\"\">Il a d\u00e9fendu \u00ab&nbsp;une pr\u00e9f\u00e9rence europ\u00e9enne dans l\u2019achat de mat\u00e9riel militaire&nbsp;\u00bb et soutenu l\u2019id\u00e9e d\u2019un emprunt europ\u00e9en pour financer cet effort de d\u00e9fense. \u00ab&nbsp;C\u2019est ce cadre de s\u00e9curit\u00e9 qui nous permettra le jour d\u2019apr\u00e8s, aussi de construire les relations de voisinage avec la Russie&nbsp;\u00bb, a-t-il jug\u00e9<\/p>\n","protected":false},"excerpt":{"rendered":"<p>Le point sur ce qu&rsquo;il faut retenir du discours fleuve du pr\u00e9sident Emmanuel Macron Emmanuel Macron compte inviter dans les prochains mois \u00ab&nbsp;tous nos partenaires&nbsp;\u00bb \u00e0 b\u00e2tir \u00ab&nbsp;une initiative europ\u00e9enne de d\u00e9fense&nbsp;\u00bb qui soit \u00ab&nbsp;cr\u00e9dible&nbsp;\u00bb face \u00ab&nbsp;aux missiles russes&nbsp;\u00bb, alertant sur le risque militaire et \u00e9conomique de voir l\u2019Europe \u00ab&nbsp;mourir&nbsp;\u00bb, ou du moins \u00eatre \u00ab&nbsp;rel\u00e9gu\u00e9e&nbsp;\u00bb [&hellip;]<\/p>\n","protected":false},"author":2,"featured_media":28021,"comment_status":"open","ping_status":"open","sticky":false,"template":"","format":"standard","meta":{"_jetpack_memberships_contains_paid_content":false,"footnotes":"","jetpack_publicize_message":"","jetpack_publicize_feature_enabled":true,"jetpack_social_post_already_shared":true,"jetpack_social_options":{"image_generator_settings":{"template":"highway","default_image_id":0,"font":"","enabled":false},"version":2},"_wpas_customize_per_network":false},"categories":[405],"tags":[],"class_list":["post-28020","post","type-post","status-publish","format-standard","has-post-thumbnail","hentry","category-actu-france-monde"],"jetpack_publicize_connections":[],"jetpack_featured_media_url":"https:\/\/i0.wp.com\/www.iceagetv.com\/radiosite\/wp-content\/uploads\/2024\/04\/Discours-dEmmanuel-Macron-sur-lEurope.jpg?fit=679%2C293&ssl=1","jetpack_sharing_enabled":true,"_links":{"self":[{"href":"https:\/\/www.iceagetv.com\/radiosite\/wp-json\/wp\/v2\/posts\/28020","targetHints":{"allow":["GET"]}}],"collection":[{"href":"https:\/\/www.iceagetv.com\/radiosite\/wp-json\/wp\/v2\/posts"}],"about":[{"href":"https:\/\/www.iceagetv.com\/radiosite\/wp-json\/wp\/v2\/types\/post"}],"author":[{"embeddable":true,"href":"https:\/\/www.iceagetv.com\/radiosite\/wp-json\/wp\/v2\/users\/2"}],"replies":[{"embeddable":true,"href":"https:\/\/www.iceagetv.com\/radiosite\/wp-json\/wp\/v2\/comments?post=28020"}],"version-history":[{"count":1,"href":"https:\/\/www.iceagetv.com\/radiosite\/wp-json\/wp\/v2\/posts\/28020\/revisions"}],"predecessor-version":[{"id":28022,"href":"https:\/\/www.iceagetv.com\/radiosite\/wp-json\/wp\/v2\/posts\/28020\/revisions\/28022"}],"wp:featuredmedia":[{"embeddable":true,"href":"https:\/\/www.iceagetv.com\/radiosite\/wp-json\/wp\/v2\/media\/28021"}],"wp:attachment":[{"href":"https:\/\/www.iceagetv.com\/radiosite\/wp-json\/wp\/v2\/media?parent=28020"}],"wp:term":[{"taxonomy":"category","embeddable":true,"href":"https:\/\/www.iceagetv.com\/radiosite\/wp-json\/wp\/v2\/categories?post=28020"},{"taxonomy":"post_tag","embeddable":true,"href":"https:\/\/www.iceagetv.com\/radiosite\/wp-json\/wp\/v2\/tags?post=28020"}],"curies":[{"name":"wp","href":"https:\/\/api.w.org\/{rel}","templated":true}]}}