{"id":28049,"date":"2024-04-27T13:33:41","date_gmt":"2024-04-27T13:33:41","guid":{"rendered":"https:\/\/www.iceagetv.com\/radiosite\/?p=28049"},"modified":"2024-04-27T13:33:41","modified_gmt":"2024-04-27T13:33:41","slug":"cyril-feraud-arrete-slam-sur-france-3-pour-reprendre-tout-le-monde-veut-prendre-sa-place-sur-france-2","status":"publish","type":"post","link":"https:\/\/www.iceagetv.com\/radiosite\/cyril-feraud-arrete-slam-sur-france-3-pour-reprendre-tout-le-monde-veut-prendre-sa-place-sur-france-2\/","title":{"rendered":"Cyril F\u00e9raud arr\u00eate \u00ab\u00a0Slam\u00a0\u00bb sur France 3 pour reprendre \u00ab\u00a0Tout le monde veut prendre sa place\u00a0\u00bb sur France 2"},"content":{"rendered":"\n<p class=\"\">L&rsquo;animateur de 39 ans reprendra les commandes du jeu de France 2 apr\u00e8s le d\u00e9part de Jarry \u00e0 la rentr\u00e9e prochaine.<\/p>\n\n\n\n<p class=\"\">Un mercato inattendu. Quelques semaines apr\u00e8s l&rsquo;annonce surprise de choix de\u00a0<a href=\"https:\/\/www.ozap.com\/actu\/surprise-jarry-quitte-deja-tout-le-monde-veut-prendre-sa-place-sur-france-2\/643248\">Jarry d&rsquo;arr\u00eater de pr\u00e9senter \u00ab\u00a0Tout le monde veut prendre sa place\u00a0\u00bb apr\u00e8s une seule saison<\/a>, France T\u00e9l\u00e9visions annonce ce samedi 27 avril 2024 que c&rsquo;est la star des jeux t\u00e9l\u00e9vis\u00e9s du service public, Cyril F\u00e9raud qui succ\u00e9dera \u00e0 l&rsquo;humoriste \u00e0 la rentr\u00e9e prochaine. Apr\u00e8s Nagui, Laurence Boccolini et Jarry, l&rsquo;animateur de 39 ans sera donc le quatri\u00e8me animateur du jeu de culture g\u00e9n\u00e9ral produit Effervecence et diffus\u00e9 \u00e0 midi sur France 2 depuis 2006.<\/p>\n\n\n\n<h2 class=\"wp-block-heading\">Slam\u00a0\u00bb continuera \u00e0 la rentr\u00e9e avec un nouveau visage<\/h2>\n\n\n\n<p class=\"\">Pour pouvoir animer cette quotidienne diffus\u00e9 7 jours sur 7 sur France 2, l&rsquo;animateur de 39 ans arr\u00eatera de pr\u00e9senter \u00ab\u00a0Slam\u00a0\u00bb, le jeu quotidien qu&rsquo;il pilotait depuis 16 ans sur France 3. \u00ab\u00a0<em>Ces derni\u00e8res ann\u00e9es, Cyril est devenu un des visages incontournables du jeu familial le samedi soir sur France 2, avec &lsquo;100 % Logique&rsquo; ou &lsquo;The Floor<\/em>&lsquo;, a indiqu\u00e9 au \u00ab\u00a0<a href=\"https:\/\/www.leparisien.fr\/culture-loisirs\/tv\/cyril-feraud-je-quitte-slam-pour-tout-le-monde-veut-prendre-sa-place-sur-france-2-27-04-2024-CPPEMGJIWZH23PCJHI4UZUSFOI.php\" target=\"_blank\" rel=\"noreferrer noopener\">Parisien<\/a>&nbsp;\u00a0\u00bb Alexandra Redde-Amiel, directrice des divertissements et jeux de France T\u00e9l\u00e9visions.&nbsp;<em>Nous lui faisons confiance pour rassembler les diff\u00e9rentes g\u00e9n\u00e9rations chaque jour \u00e0 midi dans cette nouvelle aventure. Et c&rsquo;est l&rsquo;occasion de le remercier pour ces seize belles ann\u00e9es \u00e0 la t\u00eate de &lsquo;Slam&rsquo;, qu&rsquo;il a anim\u00e9 avec l&rsquo;\u00e9nergie et l&rsquo;enthousiasme qu&rsquo;on lui conna\u00eet. Le programme continuera \u00e0 la rentr\u00e9e avec un nouveau visage.<\/em>\u00ab\u00a0<\/p>\n","protected":false},"excerpt":{"rendered":"<p>L&rsquo;animateur de 39 ans reprendra les commandes du jeu de France 2 apr\u00e8s le d\u00e9part de Jarry \u00e0 la rentr\u00e9e prochaine. Un mercato inattendu. Quelques semaines apr\u00e8s l&rsquo;annonce surprise de choix de\u00a0Jarry d&rsquo;arr\u00eater de pr\u00e9senter \u00ab\u00a0Tout le monde veut prendre sa place\u00a0\u00bb apr\u00e8s une seule saison, France T\u00e9l\u00e9visions annonce ce samedi 27 avril 2024 que [&hellip;]<\/p>\n","protected":false},"author":2,"featured_media":28050,"comment_status":"open","ping_status":"open","sticky":false,"template":"","format":"standard","meta":{"_jetpack_memberships_contains_paid_content":false,"footnotes":"","jetpack_publicize_message":"","jetpack_publicize_feature_enabled":true,"jetpack_social_post_already_shared":true,"jetpack_social_options":{"image_generator_settings":{"template":"highway","default_image_id":0,"font":"","enabled":false},"version":2},"_wpas_customize_per_network":false},"categories":[68],"tags":[],"class_list":["post-28049","post","type-post","status-publish","format-standard","has-post-thumbnail","hentry","category-actu-culturelle"],"jetpack_publicize_connections":[],"jetpack_featured_media_url":"https:\/\/i0.wp.com\/www.iceagetv.com\/radiosite\/wp-content\/uploads\/2024\/04\/Cyril-Feraud-arrete-Slam.jpg?fit=680%2C357&ssl=1","jetpack_sharing_enabled":true,"_links":{"self":[{"href":"https:\/\/www.iceagetv.com\/radiosite\/wp-json\/wp\/v2\/posts\/28049","targetHints":{"allow":["GET"]}}],"collection":[{"href":"https:\/\/www.iceagetv.com\/radiosite\/wp-json\/wp\/v2\/posts"}],"about":[{"href":"https:\/\/www.iceagetv.com\/radiosite\/wp-json\/wp\/v2\/types\/post"}],"author":[{"embeddable":true,"href":"https:\/\/www.iceagetv.com\/radiosite\/wp-json\/wp\/v2\/users\/2"}],"replies":[{"embeddable":true,"href":"https:\/\/www.iceagetv.com\/radiosite\/wp-json\/wp\/v2\/comments?post=28049"}],"version-history":[{"count":1,"href":"https:\/\/www.iceagetv.com\/radiosite\/wp-json\/wp\/v2\/posts\/28049\/revisions"}],"predecessor-version":[{"id":28051,"href":"https:\/\/www.iceagetv.com\/radiosite\/wp-json\/wp\/v2\/posts\/28049\/revisions\/28051"}],"wp:featuredmedia":[{"embeddable":true,"href":"https:\/\/www.iceagetv.com\/radiosite\/wp-json\/wp\/v2\/media\/28050"}],"wp:attachment":[{"href":"https:\/\/www.iceagetv.com\/radiosite\/wp-json\/wp\/v2\/media?parent=28049"}],"wp:term":[{"taxonomy":"category","embeddable":true,"href":"https:\/\/www.iceagetv.com\/radiosite\/wp-json\/wp\/v2\/categories?post=28049"},{"taxonomy":"post_tag","embeddable":true,"href":"https:\/\/www.iceagetv.com\/radiosite\/wp-json\/wp\/v2\/tags?post=28049"}],"curies":[{"name":"wp","href":"https:\/\/api.w.org\/{rel}","templated":true}]}}