{"id":28052,"date":"2024-04-28T06:42:42","date_gmt":"2024-04-28T06:42:42","guid":{"rendered":"https:\/\/www.iceagetv.com\/radiosite\/?p=28052"},"modified":"2024-04-28T06:42:42","modified_gmt":"2024-04-28T06:42:42","slug":"reims-a-science-po-le-drapeau-francais-a-ete-remplace-par-un-drapeau-palestinien-qui-a-flotte-pendant-de-longues-heures-devant-letablissement","status":"publish","type":"post","link":"https:\/\/www.iceagetv.com\/radiosite\/reims-a-science-po-le-drapeau-francais-a-ete-remplace-par-un-drapeau-palestinien-qui-a-flotte-pendant-de-longues-heures-devant-letablissement\/","title":{"rendered":"Reims : A Science Po, le drapeau Fran\u00e7ais a \u00e9t\u00e9 remplac\u00e9 par&#8230; un drapeau palestinien, qui a flott\u00e9 pendant de longues heures devant l&rsquo;\u00e9tablissement"},"content":{"rendered":"\n<p class=\"\">Depuis ce vendredi, des dizaines d&rsquo;\u00e9tudiants de Sciences Po Reims occupent l&rsquo;\u00e9tablissement. Les militants pro-palestiniens ont dormi dans les locaux et ont a appris ce matin qu&rsquo;ils avaient d\u00e9cid\u00e9 de remplacer le drapeau fran\u00e7ais devant l&rsquo;\u00e9cole par un drapeau palestinien.<\/p>\n\n\n\n<p class=\"\">Cette manifestation se produit ainsi \u00aben faveur de la Palestine mais aussi de la libert\u00e9 d&rsquo;expression\u00bb, selon<a href=\"https:\/\/www.lunion.fr\/id594361\/article\/2024-04-27\/le-campus-sciences-po-reims-occupe-par-des-etudiants-pro-palestine\" target=\"_blank\" rel=\"noreferrer noopener\">&nbsp;le journal L&rsquo;Union.<\/a>&nbsp;Plusieurs dizaines d&rsquo;entre eux ont dormi dans les locaux, tandis qu&rsquo;une vingtaine \u00e9taient post\u00e9s devant l&rsquo;\u00e9tablissement ce matin.&nbsp;Des drapeaux de la Palestine ont \u00e9t\u00e9 sortis, l\u2019un placard\u00e9 sur la porte d\u2019entr\u00e9e (condamn\u00e9e par des poubelles), l\u2019autre brandi en haut d\u2019un m\u00e2t. De nombreux slogans sont par ailleurs affich\u00e9s.<\/p>\n\n\n\n<p class=\"\">D\u00e8s le vendredi soir, le drapeau fran\u00e7ais avait donc&nbsp; \u00e9t\u00e9 remplac\u00e9 devant l&rsquo;\u00e9cole par un drapeau palestinien, enlev\u00e9 depuis.<\/p>\n\n\n\n<p class=\"\">Les \u00e9tudiants ont \u00e9t\u00e9 \u00e9paul\u00e9s, vendredi soir, par des militants LFI qui ont particip\u00e9 \u00e0 la manifestation.<\/p>\n\n\n\n<p class=\"\">\u00abBien pr\u00e9sent devant Sciences Po Reims en soutien aux \u00e9tudiants qui occupent l&rsquo;int\u00e9rieur du b\u00e2timent et qui vont y passer la nuit. Nous ne nous tairons pas et nous continuerons \u00e0 d\u00e9noncer le g\u00e9nocide en cours en Palestine\u00bb, a \u00e9crit l&rsquo;un d&rsquo;entre eux sur X.<\/p>\n\n\n\n<p class=\"\">Toujours selon le quotidien r\u00e9gional, Zabbaou Liman, \u00e9lue d&rsquo;opposition \u00e0 la municipalit\u00e9 de&nbsp;<a href=\"https:\/\/www.cnews.fr\/reims\">Reims<\/a>, est venue en soutien aux \u00e9tudiants, les jugeant \u00abdu bon c\u00f4t\u00e9 de l&rsquo;histoire\u00bb. De leur c\u00f4t\u00e9, ces derniers ont indiqu\u00e9 que cette occupation \u00abdurera tant que l&rsquo;administration de Sciences Po n&rsquo;aura pas cess\u00e9 tous ses partenariats avec Isra\u00ebl\u00bb.<\/p>\n","protected":false},"excerpt":{"rendered":"<p>Depuis ce vendredi, des dizaines d&rsquo;\u00e9tudiants de Sciences Po Reims occupent l&rsquo;\u00e9tablissement. Les militants pro-palestiniens ont dormi dans les locaux et ont a appris ce matin qu&rsquo;ils avaient d\u00e9cid\u00e9 de remplacer le drapeau fran\u00e7ais devant l&rsquo;\u00e9cole par un drapeau palestinien. Cette manifestation se produit ainsi \u00aben faveur de la Palestine mais aussi de la libert\u00e9 [&hellip;]<\/p>\n","protected":false},"author":2,"featured_media":28053,"comment_status":"open","ping_status":"open","sticky":false,"template":"","format":"standard","meta":{"_jetpack_memberships_contains_paid_content":false,"footnotes":"","jetpack_publicize_message":"","jetpack_publicize_feature_enabled":true,"jetpack_social_post_already_shared":true,"jetpack_social_options":{"image_generator_settings":{"template":"highway","default_image_id":0,"font":"","enabled":false},"version":2},"_wpas_customize_per_network":false},"categories":[405],"tags":[],"class_list":["post-28052","post","type-post","status-publish","format-standard","has-post-thumbnail","hentry","category-actu-france-monde"],"jetpack_publicize_connections":[],"jetpack_featured_media_url":"https:\/\/i0.wp.com\/www.iceagetv.com\/radiosite\/wp-content\/uploads\/2024\/04\/Reims.jpg?fit=679%2C293&ssl=1","jetpack_sharing_enabled":true,"_links":{"self":[{"href":"https:\/\/www.iceagetv.com\/radiosite\/wp-json\/wp\/v2\/posts\/28052","targetHints":{"allow":["GET"]}}],"collection":[{"href":"https:\/\/www.iceagetv.com\/radiosite\/wp-json\/wp\/v2\/posts"}],"about":[{"href":"https:\/\/www.iceagetv.com\/radiosite\/wp-json\/wp\/v2\/types\/post"}],"author":[{"embeddable":true,"href":"https:\/\/www.iceagetv.com\/radiosite\/wp-json\/wp\/v2\/users\/2"}],"replies":[{"embeddable":true,"href":"https:\/\/www.iceagetv.com\/radiosite\/wp-json\/wp\/v2\/comments?post=28052"}],"version-history":[{"count":1,"href":"https:\/\/www.iceagetv.com\/radiosite\/wp-json\/wp\/v2\/posts\/28052\/revisions"}],"predecessor-version":[{"id":28054,"href":"https:\/\/www.iceagetv.com\/radiosite\/wp-json\/wp\/v2\/posts\/28052\/revisions\/28054"}],"wp:featuredmedia":[{"embeddable":true,"href":"https:\/\/www.iceagetv.com\/radiosite\/wp-json\/wp\/v2\/media\/28053"}],"wp:attachment":[{"href":"https:\/\/www.iceagetv.com\/radiosite\/wp-json\/wp\/v2\/media?parent=28052"}],"wp:term":[{"taxonomy":"category","embeddable":true,"href":"https:\/\/www.iceagetv.com\/radiosite\/wp-json\/wp\/v2\/categories?post=28052"},{"taxonomy":"post_tag","embeddable":true,"href":"https:\/\/www.iceagetv.com\/radiosite\/wp-json\/wp\/v2\/tags?post=28052"}],"curies":[{"name":"wp","href":"https:\/\/api.w.org\/{rel}","templated":true}]}}