{"id":28056,"date":"2024-04-28T12:26:24","date_gmt":"2024-04-28T12:26:24","guid":{"rendered":"https:\/\/www.iceagetv.com\/radiosite\/?p=28056"},"modified":"2024-04-28T12:26:24","modified_gmt":"2024-04-28T12:26:24","slug":"scenes-de-chaos-a-givors-en-represailles-apres-larrestation-de-4-jeunes-de-12-a-17-ans-tirs-de-mortiers-en-centre-ville-vehicules-de-police-municipale-incendies-des-renforts-vont-etre-envoyes","status":"publish","type":"post","link":"https:\/\/www.iceagetv.com\/radiosite\/scenes-de-chaos-a-givors-en-represailles-apres-larrestation-de-4-jeunes-de-12-a-17-ans-tirs-de-mortiers-en-centre-ville-vehicules-de-police-municipale-incendies-des-renforts-vont-etre-envoyes\/","title":{"rendered":"Sc\u00e8nes de chaos \u00e0 Givors en repr\u00e9sailles, apr\u00e8s l&rsquo;arrestation de 4 jeunes de 12 \u00e0 17 ans : Tirs de mortiers en centre-ville, v\u00e9hicules de police municipale incendi\u00e9s&#8230; Des renforts vont \u00eatre envoy\u00e9s"},"content":{"rendered":"\n<p class=\"\">Deux voitures de police incendi\u00e9es, des tirs de mortier, des d\u00e9g\u00e2ts, des murs noircis, hier, le centre-ville de Givors (Rh\u00f4ne) a \u00e9t\u00e9 la sc\u00e8ne de multiples incidents violents, rapporte Le Progr\u00e8s. Ils pourraient \u00eatre li\u00e9s \u00e0 une volont\u00e9 de repr\u00e9sailles : vendredi 26 avril, \u00e0 18 h, quatre jeunes de 12 \u00e0 17 ans ont \u00e9t\u00e9 interpell\u00e9s et plac\u00e9s en garde \u00e0 vue pour avoir agress\u00e9 un cinqui\u00e8me mineur, un adolescent de 14 ans, a indiqu\u00e9 une source polici\u00e8re \u00e0 TF1.<\/p>\n\n\n\n<p class=\"\">Selon les premiers \u00e9l\u00e9ments de l&rsquo;enqu\u00eate et l&rsquo;exploitation des vid\u00e9os de protection \u00e0 Givors, plusieurs groupes de jeunes ont tir\u00e9 des mortiers et incendi\u00e9 des poubelles dans le centre-ville.&nbsp;<\/p>\n\n\n\n<p class=\"\">Vers 22 heures, un incendie s&rsquo;est \u00e9galement&nbsp; d\u00e9clar\u00e9 dans l&rsquo;un des parkings de la mairie de Givors (Rh\u00f4ne), touchant deux voitures de la police municipale. Les flammes ont m\u00eame noirci une fa\u00e7ade d&rsquo;un b\u00e2timent annexe \u00e0 la mairie, o\u00f9 se trouvait un gardien au moment des faits. Aucune personne n&rsquo;a \u00e9t\u00e9 bless\u00e9e.<\/p>\n\n\n\n<p class=\"\">Interrog\u00e9, le maire de Givors, Mohamed Boudjellaba, se dit \u00ab choqu\u00e9. \u00bb \u00ab On fait vraiment beaucoup de choses sur la question de la jeunesse, on est une des rares villes qui en font autant \u00bb, regrette-t-il.<\/p>\n\n\n\n<p class=\"\">La pr\u00e9f\u00e8te du d\u00e9partement, Fabienne Buccio, a indiqu\u00e9 sur X que \u00ab des moyens suppl\u00e9mentaires de la police nationale ont \u00e9t\u00e9 mis en place. \u00bb<\/p>\n","protected":false},"excerpt":{"rendered":"<p>Deux voitures de police incendi\u00e9es, des tirs de mortier, des d\u00e9g\u00e2ts, des murs noircis, hier, le centre-ville de Givors (Rh\u00f4ne) a \u00e9t\u00e9 la sc\u00e8ne de multiples incidents violents, rapporte Le Progr\u00e8s. Ils pourraient \u00eatre li\u00e9s \u00e0 une volont\u00e9 de repr\u00e9sailles : vendredi 26 avril, \u00e0 18 h, quatre jeunes de 12 \u00e0 17 ans ont [&hellip;]<\/p>\n","protected":false},"author":2,"featured_media":28057,"comment_status":"open","ping_status":"open","sticky":false,"template":"","format":"standard","meta":{"_jetpack_memberships_contains_paid_content":false,"footnotes":"","jetpack_publicize_message":"","jetpack_publicize_feature_enabled":true,"jetpack_social_post_already_shared":true,"jetpack_social_options":{"image_generator_settings":{"template":"highway","default_image_id":0,"font":"","enabled":false},"version":2},"_wpas_customize_per_network":false},"categories":[405],"tags":[],"class_list":["post-28056","post","type-post","status-publish","format-standard","has-post-thumbnail","hentry","category-actu-france-monde"],"jetpack_publicize_connections":[],"jetpack_featured_media_url":"https:\/\/i0.wp.com\/www.iceagetv.com\/radiosite\/wp-content\/uploads\/2024\/04\/Scenes-de-chaos-a-Givors.jpg?fit=540%2C302&ssl=1","jetpack_sharing_enabled":true,"_links":{"self":[{"href":"https:\/\/www.iceagetv.com\/radiosite\/wp-json\/wp\/v2\/posts\/28056","targetHints":{"allow":["GET"]}}],"collection":[{"href":"https:\/\/www.iceagetv.com\/radiosite\/wp-json\/wp\/v2\/posts"}],"about":[{"href":"https:\/\/www.iceagetv.com\/radiosite\/wp-json\/wp\/v2\/types\/post"}],"author":[{"embeddable":true,"href":"https:\/\/www.iceagetv.com\/radiosite\/wp-json\/wp\/v2\/users\/2"}],"replies":[{"embeddable":true,"href":"https:\/\/www.iceagetv.com\/radiosite\/wp-json\/wp\/v2\/comments?post=28056"}],"version-history":[{"count":1,"href":"https:\/\/www.iceagetv.com\/radiosite\/wp-json\/wp\/v2\/posts\/28056\/revisions"}],"predecessor-version":[{"id":28058,"href":"https:\/\/www.iceagetv.com\/radiosite\/wp-json\/wp\/v2\/posts\/28056\/revisions\/28058"}],"wp:featuredmedia":[{"embeddable":true,"href":"https:\/\/www.iceagetv.com\/radiosite\/wp-json\/wp\/v2\/media\/28057"}],"wp:attachment":[{"href":"https:\/\/www.iceagetv.com\/radiosite\/wp-json\/wp\/v2\/media?parent=28056"}],"wp:term":[{"taxonomy":"category","embeddable":true,"href":"https:\/\/www.iceagetv.com\/radiosite\/wp-json\/wp\/v2\/categories?post=28056"},{"taxonomy":"post_tag","embeddable":true,"href":"https:\/\/www.iceagetv.com\/radiosite\/wp-json\/wp\/v2\/tags?post=28056"}],"curies":[{"name":"wp","href":"https:\/\/api.w.org\/{rel}","templated":true}]}}