{"id":28059,"date":"2024-04-28T14:43:45","date_gmt":"2024-04-28T14:43:45","guid":{"rendered":"https:\/\/www.iceagetv.com\/radiosite\/?p=28059"},"modified":"2024-04-28T14:43:45","modified_gmt":"2024-04-28T14:43:45","slug":"la-faim-sest-intensifiee-dans-le-monde-en-2023-pres-de-282-millions-de-personnes-dans-59-pays-etant-confrontees-a-une-insecurite-alimentaire-aigue-sous-leffet-des-conflits","status":"publish","type":"post","link":"https:\/\/www.iceagetv.com\/radiosite\/la-faim-sest-intensifiee-dans-le-monde-en-2023-pres-de-282-millions-de-personnes-dans-59-pays-etant-confrontees-a-une-insecurite-alimentaire-aigue-sous-leffet-des-conflits\/","title":{"rendered":"La faim s&rsquo;est intensifi\u00e9e dans le monde en 2023, pr\u00e8s de 282 millions de personnes dans 59 pays \u00e9tant confront\u00e9es \u00e0 une ins\u00e9curit\u00e9 alimentaire aigu\u00eb sous l&rsquo;effet des conflits"},"content":{"rendered":"\n<p class=\"\">La faim s&rsquo;est intensifi\u00e9e dans le monde en 2023, pr\u00e8s de 282 millions de personnes dans 59 pays \u00e9tant confront\u00e9es \u00e0 une ins\u00e9curit\u00e9 alimentaire aigu\u00eb sous l&rsquo;effet des conflits, en particulier \u00e0 Gaza et au Soudan, mais aussi d&rsquo;\u00e9v\u00e9nements m\u00e9t\u00e9orologiques extr\u00eames et de chocs \u00e9conomiques, alertent 16 organisations de l&rsquo;ONU et humanitaires.<\/p>\n\n\n\n<p class=\"\">C&rsquo;est 24 millions de plus qu&rsquo;en 2022, d\u00e9taille le dernier rapport mondial sur les crises alimentaires du R\u00e9seau d&rsquo;information sur la s\u00e9curit\u00e9 alimentaire (FSIN), pour qui les perspectives restent \u00ab sombres \u00bb pour l&rsquo;ann\u00e9e en cours.<\/p>\n\n\n\n<p class=\"\">C&rsquo;est aussi la cinqui\u00e8me ann\u00e9e cons\u00e9cutive o\u00f9 le nombre de personnes en \u00e9tat d&rsquo;ins\u00e9curit\u00e9 alimentaire augmente.<\/p>\n\n\n\n<p class=\"\">Cette aggravation est en partie due \u00e0 un \u00e9largissement des zones couvertes par le rapport. Cela fait suite \u00e0 \u00ab des chocs nouveaux ou intensifi\u00e9s \u00bb ainsi qu&rsquo;\u00e0 \u00ab une d\u00e9t\u00e9rioration marqu\u00e9e dans des contextes de crises alimentaires cl\u00e9s tels que le Soudan et la bande de Gaza \u00bb, explique \u00e0 l&rsquo;AFP Fleur Wouterse, directrice adjointe du bureau des urgences et de la r\u00e9silience de l&rsquo;agence des Nations unies pour l&rsquo;agriculture FAO.<\/p>\n\n\n\n<p class=\"\">Quelque 700.000 personnes \u00e9taient au bord de la famine en 2023, dont 600.000 \u00e0 Gaza. Un chiffre qui a depuis encore grimp\u00e9 dans le territoire palestinien min\u00e9 par la faim et la guerre, \u00e0 1,1 million de personnes.<\/p>\n\n\n\n<p class=\"\">Depuis le lancement de ce rapport en 2016 par le R\u00e9seau mondial contre les crises alimentaires, une alliance f\u00e9d\u00e9rant des organisations onusiennes, l&rsquo;Union europ\u00e9enne, les Etats-Unis et des organisations humanitaires, \u00ab le nombre de personnes en situation d&rsquo;ins\u00e9curit\u00e9 alimentaire est pass\u00e9 de 108 millions \u00e0 282 millions, tandis que la pr\u00e9valence (la part de la population touch\u00e9e au sein des zones concern\u00e9es, NDLR) est pass\u00e9e de 11% \u00e0 22% \u00bb, indique Fleur Wouterse.<\/p>\n\n\n\n<p class=\"\">La crise alimentaire se prolonge depuis cette date pour l&rsquo;Afghanistan, la R\u00e9publique d\u00e9mocratique du Congo, l&rsquo;Ethiopie, le Nigeria, la Syrie et le Y\u00e9men, rel\u00e8ve-t-elle.<\/p>\n\n\n\n<p class=\"\">\u00ab Dans un monde d&rsquo;abondance, des enfants meurent de faim. Les guerres, le chaos climatique et la crise du co\u00fbt de la vie \u2013 combin\u00e9s \u00e0 une action inad\u00e9quate \u2013 se traduisent par pr\u00e8s de 300 millions de personnes confront\u00e9es \u00e0 une crise alimentaire aigu\u00eb en 2023 \u00bb, d\u00e9plore le secr\u00e9taire g\u00e9n\u00e9ral des Nations unies, Antonio Guterres, en avant-propos du rapport en appelant \u00e0 une hausse des contributions des Etats.<\/p>\n\n\n\n<p class=\"\">D&rsquo;autant que les co\u00fbts de distribution de l&rsquo;aide ont augment\u00e9.<\/p>\n\n\n\n<p class=\"\">\u00ab Nous savons tous pourquoi la faim augmente dans de nombreuses r\u00e9gions du monde, et nous connaissons les solutions. Mais sans les ressources et la volont\u00e9 politique n\u00e9cessaires pour les mettre en \u0153uvre, nous continuerons sur notre voie actuelle \u00bb, a averti la directrice du Programme alimentaire mondial (PAM), Cindy McCain, lors d&rsquo;une pr\u00e9sentation du rapport en ligne.<\/p>\n\n\n\n<p class=\"\">\u00ab La crise alimentaire mondiale est fondamentalement une crise morale \u00bb, a r\u00e9agi l&rsquo;ONG Oxfam dans un communiqu\u00e9.<\/p>\n\n\n\n<p class=\"\">\u00ab Il est impardonnable que plus de 281 millions de personnes souffrent de faim aigu\u00eb alors que les plus riches du monde continuent de r\u00e9aliser des profits extraordinaires, y compris les soci\u00e9t\u00e9s a\u00e9rospatiales et de d\u00e9fense qui contribuent \u00e0 alimenter les conflits, principale cause de la faim \u00bb, \u00e9crit Oxfam.<\/p>\n\n\n\n<p class=\"\">Pour 2024, l&rsquo;\u00e9volution \u00ab d\u00e9pendra de la cessation des hostilit\u00e9s \u00bb, rel\u00e8ve Fleur Wouterse. \u00ab D\u00e8s que les acc\u00e8s humanitaires \u00bb \u00e0 Gaza et au Soudan seront possibles, l&rsquo;aide pourra par exemple \u00ab rapidement \u00bb y att\u00e9nuer la crise alimentaire, dit-elle.<\/p>\n\n\n\n<p class=\"\">Il existe aussi selon elle beaucoup d&rsquo;incertitudes concernant Ha\u00efti, \u00ab o\u00f9 dans la vall\u00e9e d&rsquo;Artibonite, le grenier du pays, des groupes arm\u00e9s se sont empar\u00e9s des terres agricoles et ont vol\u00e9 les r\u00e9coltes \u00bb.<\/p>\n\n\n\n<p class=\"\">Le ph\u00e9nom\u00e8ne m\u00e9t\u00e9orologique El Ni\u00f1o pourrait \u00e9galement \u00ab conduire \u00e0 une s\u00e9cheresse s\u00e9v\u00e8re en Afrique de l&rsquo;ouest et en Afrique australe \u00bb, ajoute la responsable.<\/p>\n\n\n\n<p class=\"\">Selon le rapport, les situations de conflit ou d&rsquo;ins\u00e9curit\u00e9 sont devenues en 2023 la principale cause d&rsquo;ins\u00e9curit\u00e9 alimentaire aigu\u00eb dans 20 pays ou territoires, o\u00f9 135 millions de personnes en ont souffert.<\/p>\n\n\n\n<p class=\"\">Viennent ensuite les chocs \u00e9conomiques (principale cause pour 75 millions de personnes dans 21 pays) et les \u00e9v\u00e9nements climatiques extr\u00eames comme les inondations ou les s\u00e9cheresses (72 millions de personnes dans 18 pays).<\/p>\n\n\n\n<p class=\"\">Signal positif: la situation s&rsquo;est am\u00e9lior\u00e9e en 2023 dans 17 pays, en R\u00e9publique d\u00e9mocratique du Congo ou en Ukraine par exemple. \u00ab Si on intervient en soutenant l&rsquo;agriculture, il est possible de faire sortir les populations de l&rsquo;ins\u00e9curit\u00e9 alimentaire \u00bb, rel\u00e8ve Fleur Wouterse.<\/p>\n","protected":false},"excerpt":{"rendered":"<p>La faim s&rsquo;est intensifi\u00e9e dans le monde en 2023, pr\u00e8s de 282 millions de personnes dans 59 pays \u00e9tant confront\u00e9es \u00e0 une ins\u00e9curit\u00e9 alimentaire aigu\u00eb sous l&rsquo;effet des conflits, en particulier \u00e0 Gaza et au Soudan, mais aussi d&rsquo;\u00e9v\u00e9nements m\u00e9t\u00e9orologiques extr\u00eames et de chocs \u00e9conomiques, alertent 16 organisations de l&rsquo;ONU et humanitaires. C&rsquo;est 24 millions [&hellip;]<\/p>\n","protected":false},"author":2,"featured_media":28060,"comment_status":"open","ping_status":"open","sticky":false,"template":"","format":"standard","meta":{"_jetpack_memberships_contains_paid_content":false,"footnotes":"","jetpack_publicize_message":"","jetpack_publicize_feature_enabled":true,"jetpack_social_post_already_shared":true,"jetpack_social_options":{"image_generator_settings":{"template":"highway","default_image_id":0,"font":"","enabled":false},"version":2},"_wpas_customize_per_network":false},"categories":[405],"tags":[],"class_list":["post-28059","post","type-post","status-publish","format-standard","has-post-thumbnail","hentry","category-actu-france-monde"],"jetpack_publicize_connections":[],"jetpack_featured_media_url":"https:\/\/i0.wp.com\/www.iceagetv.com\/radiosite\/wp-content\/uploads\/2024\/04\/La-faim-sest-intensifiee-dans-le-monde.jpg?fit=679%2C293&ssl=1","jetpack_sharing_enabled":true,"_links":{"self":[{"href":"https:\/\/www.iceagetv.com\/radiosite\/wp-json\/wp\/v2\/posts\/28059","targetHints":{"allow":["GET"]}}],"collection":[{"href":"https:\/\/www.iceagetv.com\/radiosite\/wp-json\/wp\/v2\/posts"}],"about":[{"href":"https:\/\/www.iceagetv.com\/radiosite\/wp-json\/wp\/v2\/types\/post"}],"author":[{"embeddable":true,"href":"https:\/\/www.iceagetv.com\/radiosite\/wp-json\/wp\/v2\/users\/2"}],"replies":[{"embeddable":true,"href":"https:\/\/www.iceagetv.com\/radiosite\/wp-json\/wp\/v2\/comments?post=28059"}],"version-history":[{"count":1,"href":"https:\/\/www.iceagetv.com\/radiosite\/wp-json\/wp\/v2\/posts\/28059\/revisions"}],"predecessor-version":[{"id":28061,"href":"https:\/\/www.iceagetv.com\/radiosite\/wp-json\/wp\/v2\/posts\/28059\/revisions\/28061"}],"wp:featuredmedia":[{"embeddable":true,"href":"https:\/\/www.iceagetv.com\/radiosite\/wp-json\/wp\/v2\/media\/28060"}],"wp:attachment":[{"href":"https:\/\/www.iceagetv.com\/radiosite\/wp-json\/wp\/v2\/media?parent=28059"}],"wp:term":[{"taxonomy":"category","embeddable":true,"href":"https:\/\/www.iceagetv.com\/radiosite\/wp-json\/wp\/v2\/categories?post=28059"},{"taxonomy":"post_tag","embeddable":true,"href":"https:\/\/www.iceagetv.com\/radiosite\/wp-json\/wp\/v2\/tags?post=28059"}],"curies":[{"name":"wp","href":"https:\/\/api.w.org\/{rel}","templated":true}]}}