{"id":28062,"date":"2024-04-28T15:55:51","date_gmt":"2024-04-28T15:55:51","guid":{"rendered":"https:\/\/www.iceagetv.com\/radiosite\/?p=28062"},"modified":"2024-04-28T15:55:51","modified_gmt":"2024-04-28T15:55:51","slug":"inquietudes-pour-la-chanteuse-veronique-sanson-75-ans-qui-ete-hospitalisee-en-urgence-dans-la-nuit-elle-souffre-dune-pneumonie-selon-un-communique-publie-ce-dimanche-apres-midi","status":"publish","type":"post","link":"https:\/\/www.iceagetv.com\/radiosite\/inquietudes-pour-la-chanteuse-veronique-sanson-75-ans-qui-ete-hospitalisee-en-urgence-dans-la-nuit-elle-souffre-dune-pneumonie-selon-un-communique-publie-ce-dimanche-apres-midi\/","title":{"rendered":"Inqui\u00e9tudes pour la chanteuse V\u00e9ronique Sanson, 75 ans, qui \u00e9t\u00e9 hospitalis\u00e9e en urgence dans la nuit : Elle souffre d&rsquo;une pneumonie, selon un communiqu\u00e9 publi\u00e9 ce dimanche apr\u00e8s-midi"},"content":{"rendered":"\n<p class=\"\">Inqui\u00e9tudes pour la chanteuse V\u00e9ronique Sanson, 75 ans, qui \u00e9t\u00e9 hospitalis\u00e9e en urgence dans la nuit. Elle souffre d&rsquo;une pneumonie, selon un communiqu\u00e9 publi\u00e9 ce dimanche apr\u00e8s-midi. Une hospitalisation \u00abqui l&rsquo;oblige \u00e0 annuler un concert pr\u00e9vu dimanche au Z\u00e9nith de Nantes\u00bb, a annonc\u00e9 \u00e0 l&rsquo;AFP son attach\u00e9e de presse. \u00abLe concert est report\u00e9 au jeudi 30 mai, les billets restent valables\u00bb, a pr\u00e9cis\u00e9 la m\u00eame source dans un communiqu\u00e9.<\/p>\n\n\n\n<p class=\"\">La chanteuse, autrice et compositrice, soign\u00e9e avec succ\u00e8s pour un cancer de l&rsquo;amygdale en 2018, f\u00eate ses 50 ans de carri\u00e8re avec une tourn\u00e9e qui l&rsquo;a notamment conduite pour trois soirs au Grand Rex \u00e0 Paris, o\u00f9 elle a f\u00eat\u00e9 ses 75 ans mercredi dernier et o\u00f9 elle doit revenir en juin. Le concert \u00e0 Nantes devait \u00eatre le dernier d&rsquo;une s\u00e9rie avant deux dates au Grand Rex, pr\u00e9vues les 3 et 4 juin prochains et les festivals de l&rsquo;\u00e9t\u00e9.<\/p>\n\n\n\n<p class=\"\">L&rsquo;artiste, qui a berc\u00e9 des g\u00e9n\u00e9rations par son vibrato rauque sans \u00e9gal d\u00e8s les ann\u00e9es 1970, une \u00e9poque o\u00f9 les femmes autrices-compositrices-interpr\u00e8tes \u00e9taient peu nombreuses, a sonn\u00e9 la fin des y\u00e9-y\u00e9 avec son premier album Amoureuse, sorti en 1972, alors qu&rsquo;elle avait 22 ans.<\/p>\n\n\n\n<p class=\"\">Dans le sillage de la r\u00e9volution men\u00e9e par les Beatles, elle a fait r\u00e9sonner le fran\u00e7ais comme de la pop anglo-saxonne, gr\u00e2ce \u00e0 son phras\u00e9 unique et ses envol\u00e9es au piano.<\/p>\n","protected":false},"excerpt":{"rendered":"<p>Inqui\u00e9tudes pour la chanteuse V\u00e9ronique Sanson, 75 ans, qui \u00e9t\u00e9 hospitalis\u00e9e en urgence dans la nuit. Elle souffre d&rsquo;une pneumonie, selon un communiqu\u00e9 publi\u00e9 ce dimanche apr\u00e8s-midi. Une hospitalisation \u00abqui l&rsquo;oblige \u00e0 annuler un concert pr\u00e9vu dimanche au Z\u00e9nith de Nantes\u00bb, a annonc\u00e9 \u00e0 l&rsquo;AFP son attach\u00e9e de presse. \u00abLe concert est report\u00e9 au jeudi [&hellip;]<\/p>\n","protected":false},"author":2,"featured_media":28063,"comment_status":"open","ping_status":"open","sticky":false,"template":"","format":"standard","meta":{"_jetpack_memberships_contains_paid_content":false,"footnotes":"","jetpack_publicize_message":"","jetpack_publicize_feature_enabled":true,"jetpack_social_post_already_shared":true,"jetpack_social_options":{"image_generator_settings":{"template":"highway","default_image_id":0,"font":"","enabled":false},"version":2},"_wpas_customize_per_network":false},"categories":[68],"tags":[],"class_list":["post-28062","post","type-post","status-publish","format-standard","has-post-thumbnail","hentry","category-actu-culturelle"],"jetpack_publicize_connections":[],"jetpack_featured_media_url":"https:\/\/i0.wp.com\/www.iceagetv.com\/radiosite\/wp-content\/uploads\/2024\/04\/Inquietudes-pour-la-chanteuse-Veronique-Sanson.jpg?fit=658%2C318&ssl=1","jetpack_sharing_enabled":true,"_links":{"self":[{"href":"https:\/\/www.iceagetv.com\/radiosite\/wp-json\/wp\/v2\/posts\/28062","targetHints":{"allow":["GET"]}}],"collection":[{"href":"https:\/\/www.iceagetv.com\/radiosite\/wp-json\/wp\/v2\/posts"}],"about":[{"href":"https:\/\/www.iceagetv.com\/radiosite\/wp-json\/wp\/v2\/types\/post"}],"author":[{"embeddable":true,"href":"https:\/\/www.iceagetv.com\/radiosite\/wp-json\/wp\/v2\/users\/2"}],"replies":[{"embeddable":true,"href":"https:\/\/www.iceagetv.com\/radiosite\/wp-json\/wp\/v2\/comments?post=28062"}],"version-history":[{"count":1,"href":"https:\/\/www.iceagetv.com\/radiosite\/wp-json\/wp\/v2\/posts\/28062\/revisions"}],"predecessor-version":[{"id":28064,"href":"https:\/\/www.iceagetv.com\/radiosite\/wp-json\/wp\/v2\/posts\/28062\/revisions\/28064"}],"wp:featuredmedia":[{"embeddable":true,"href":"https:\/\/www.iceagetv.com\/radiosite\/wp-json\/wp\/v2\/media\/28063"}],"wp:attachment":[{"href":"https:\/\/www.iceagetv.com\/radiosite\/wp-json\/wp\/v2\/media?parent=28062"}],"wp:term":[{"taxonomy":"category","embeddable":true,"href":"https:\/\/www.iceagetv.com\/radiosite\/wp-json\/wp\/v2\/categories?post=28062"},{"taxonomy":"post_tag","embeddable":true,"href":"https:\/\/www.iceagetv.com\/radiosite\/wp-json\/wp\/v2\/tags?post=28062"}],"curies":[{"name":"wp","href":"https:\/\/api.w.org\/{rel}","templated":true}]}}