{"id":28065,"date":"2024-04-29T05:20:36","date_gmt":"2024-04-29T05:20:36","guid":{"rendered":"https:\/\/www.iceagetv.com\/radiosite\/?p=28065"},"modified":"2024-04-29T05:20:36","modified_gmt":"2024-04-29T05:20:36","slug":"colere-apres-le-meurtre-sauvage-de-mathis-15-ans-a-chateauroux-poignarde-a-plusieurs-reprise-en-pleine-rue-par-un-jeune-afghan-de-son-age-qui-etait-sous-controle-judiciaire","status":"publish","type":"post","link":"https:\/\/www.iceagetv.com\/radiosite\/colere-apres-le-meurtre-sauvage-de-mathis-15-ans-a-chateauroux-poignarde-a-plusieurs-reprise-en-pleine-rue-par-un-jeune-afghan-de-son-age-qui-etait-sous-controle-judiciaire\/","title":{"rendered":"Col\u00e8re apr\u00e8s le meurtre sauvage de Mathis, 15 ans, \u00e0 Ch\u00e2teauroux, poignard\u00e9 \u00e0 plusieurs reprise en pleine rue, par un jeune Afghan de son \u00e2ge qui \u00e9tait&#8230; sous contr\u00f4le judiciaire"},"content":{"rendered":"\n<p class=\"\">C&rsquo;est le choc, mais surtout la col\u00e8re qui domine ce matin \u00e0 Ch\u00e2teauroux, mais aussi dans la France enti\u00e8re car plusieurs personnalit\u00e9s politiques se sont saisies du dossier en faisant \u00e9tat de la r\u00e9volte face \u00e0 ce nouveau drame.&nbsp; Samedi, Mathis a en effet&nbsp; \u00e9t\u00e9 tu\u00e9 \u00e0 Ch\u00e2teauroux aux alentours de 17h45, de 5 coups de couteau, alors qu&rsquo;il tentait de r\u00e9cup\u00e9rer le t\u00e9l\u00e9phone portable qu&rsquo;il venait de se faire voler.&nbsp;<\/p>\n\n\n\n<p class=\"\">D\u2019apr\u00e8s les secours, le jeune homme a \u00e9t\u00e9 touch\u00e9 plusieurs fois au thorax et au dos au cours d\u2019une rixe. Sans ant\u00e9c\u00e9dent judiciaire, Mathis \u00e9tait accompagn\u00e9 d\u2019un ami, apprenti comme lui, au moment des faits, selon une source proche du dossier.<\/p>\n\n\n\n<p class=\"\">Mathis a re\u00e7u plusieurs coups de couteau au thorax, et malgr\u00e9 son transport rapide \u00e0 l\u2019h\u00f4pital, Mathis d\u00e9c\u00e9dera quelques heures plus tard.&nbsp;Le suspect a quant \u00e0 lui \u00e9t\u00e9 interpell\u00e9 vers 19h15 dans le secteur du drame.&nbsp;<\/p>\n\n\n\n<p class=\"\">Le suspect un Afghan de 15 ans connu des services de police.&nbsp;, d\u00e9j\u00e0 mis en examen pour vol aggrav\u00e9 avec violence dans le cadre d\u2019un guet-apens, il y a tout juste une semaine plus t\u00f4t, le samedi 20 avril, et plac\u00e9 sous contr\u00f4le judiciaire depuis.&nbsp;<\/p>\n\n\n\n<p class=\"\">L&rsquo;autre enjeu de l&rsquo;enqu\u00eate consistera \u00e0 \u00e9tablir quel r\u00f4le ont pu jouer des membres de sa famille dans le meurtre de Mathis. La m\u00e8re de l&rsquo;auteur pr\u00e9sum\u00e9, \u00e2g\u00e9e de 37 ans, a \u00e9galement \u00e9t\u00e9 plac\u00e9e en garde \u00e0 vue dans le cadre de cette affaire, suite \u00e0 des t\u00e9moignages recueillis par les forces de l&rsquo;ordre.<\/p>\n","protected":false},"excerpt":{"rendered":"<p>C&rsquo;est le choc, mais surtout la col\u00e8re qui domine ce matin \u00e0 Ch\u00e2teauroux, mais aussi dans la France enti\u00e8re car plusieurs personnalit\u00e9s politiques se sont saisies du dossier en faisant \u00e9tat de la r\u00e9volte face \u00e0 ce nouveau drame.&nbsp; Samedi, Mathis a en effet&nbsp; \u00e9t\u00e9 tu\u00e9 \u00e0 Ch\u00e2teauroux aux alentours de 17h45, de 5 coups [&hellip;]<\/p>\n","protected":false},"author":2,"featured_media":28066,"comment_status":"open","ping_status":"open","sticky":false,"template":"","format":"standard","meta":{"_jetpack_memberships_contains_paid_content":false,"footnotes":"","jetpack_publicize_message":"","jetpack_publicize_feature_enabled":true,"jetpack_social_post_already_shared":true,"jetpack_social_options":{"image_generator_settings":{"template":"highway","default_image_id":0,"font":"","enabled":false},"version":2},"_wpas_customize_per_network":false},"categories":[405],"tags":[],"class_list":["post-28065","post","type-post","status-publish","format-standard","has-post-thumbnail","hentry","category-actu-france-monde"],"jetpack_publicize_connections":[],"jetpack_featured_media_url":"https:\/\/i0.wp.com\/www.iceagetv.com\/radiosite\/wp-content\/uploads\/2024\/04\/mathis_0.webp?fit=920%2C397&ssl=1","jetpack_sharing_enabled":true,"_links":{"self":[{"href":"https:\/\/www.iceagetv.com\/radiosite\/wp-json\/wp\/v2\/posts\/28065","targetHints":{"allow":["GET"]}}],"collection":[{"href":"https:\/\/www.iceagetv.com\/radiosite\/wp-json\/wp\/v2\/posts"}],"about":[{"href":"https:\/\/www.iceagetv.com\/radiosite\/wp-json\/wp\/v2\/types\/post"}],"author":[{"embeddable":true,"href":"https:\/\/www.iceagetv.com\/radiosite\/wp-json\/wp\/v2\/users\/2"}],"replies":[{"embeddable":true,"href":"https:\/\/www.iceagetv.com\/radiosite\/wp-json\/wp\/v2\/comments?post=28065"}],"version-history":[{"count":1,"href":"https:\/\/www.iceagetv.com\/radiosite\/wp-json\/wp\/v2\/posts\/28065\/revisions"}],"predecessor-version":[{"id":28067,"href":"https:\/\/www.iceagetv.com\/radiosite\/wp-json\/wp\/v2\/posts\/28065\/revisions\/28067"}],"wp:featuredmedia":[{"embeddable":true,"href":"https:\/\/www.iceagetv.com\/radiosite\/wp-json\/wp\/v2\/media\/28066"}],"wp:attachment":[{"href":"https:\/\/www.iceagetv.com\/radiosite\/wp-json\/wp\/v2\/media?parent=28065"}],"wp:term":[{"taxonomy":"category","embeddable":true,"href":"https:\/\/www.iceagetv.com\/radiosite\/wp-json\/wp\/v2\/categories?post=28065"},{"taxonomy":"post_tag","embeddable":true,"href":"https:\/\/www.iceagetv.com\/radiosite\/wp-json\/wp\/v2\/tags?post=28065"}],"curies":[{"name":"wp","href":"https:\/\/api.w.org\/{rel}","templated":true}]}}