{"id":28068,"date":"2024-04-29T11:19:55","date_gmt":"2024-04-29T11:19:55","guid":{"rendered":"https:\/\/www.iceagetv.com\/radiosite\/?p=28068"},"modified":"2024-04-29T11:19:55","modified_gmt":"2024-04-29T11:19:55","slug":"lacteur-gerard-depardieu-place-en-garde-a-vue-ce-matin-dans-un-commissariat-parisien-pour-deux-affaires-dagressions-sexuelles-sur-des-tournages","status":"publish","type":"post","link":"https:\/\/www.iceagetv.com\/radiosite\/lacteur-gerard-depardieu-place-en-garde-a-vue-ce-matin-dans-un-commissariat-parisien-pour-deux-affaires-dagressions-sexuelles-sur-des-tournages\/","title":{"rendered":"L&rsquo;acteur G\u00e9rard Depardieu plac\u00e9 en garde \u00e0 vue ce matin dans un commissariat parisien pour deux affaires d\u2019agressions sexuelles sur des tournages"},"content":{"rendered":"\n<p class=\"\"><strong>Le point sur ce que l&rsquo;on sait \u00e0 la mi-journ\u00e9e<\/strong><\/p>\n\n\n\n<p class=\"\">Nouvelle \u00e9tape importante dans les enqu\u00eates pour agressions sexuelles visant G\u00e9rard Depardieu: l&rsquo;acteur, d\u00e9j\u00e0 mis en examen pour viol, a \u00e9t\u00e9 plac\u00e9 en garde \u00e0 vue lundi \u00e0 Paris pour \u00eatre entendu sur des faits d\u00e9nonc\u00e9s par deux femmes. G\u00e9rard Depardieu, vis\u00e9 par des plaintes de deux femmes, a \u00e9t\u00e9 convoqu\u00e9 lundi pour \u00eatre auditionn\u00e9 dans les locaux du 3e district de la police judiciaire parisienne (3e DPJ), a indiqu\u00e9 \u00e0 l&rsquo;AFP une source polici\u00e8re, confirmant une information de BFMTV. Il a \u00e9t\u00e9 plac\u00e9 en garde \u00e0 vue, a pr\u00e9cis\u00e9 une source proche de l&rsquo;enqu\u00eate.<\/p>\n\n\n\n<p class=\"\">Ses avocats, Mes Christian Saint-Palais et B\u00e9atrice Geissmann Achille, n&rsquo;ont pas r\u00e9pondu aux sollicitations de l&rsquo;AFP. Une d\u00e9coratrice, qui travaillait dans l&rsquo;\u00e9quipe du film \u00ab\u00a0Les Volets Verts\u00a0\u00bb r\u00e9alis\u00e9 par Jean Becker, l&rsquo;accuse de l&rsquo;avoir agress\u00e9e sexuellement en 2021. Sollicit\u00e9e, son avocate, Me Carine Durrieu-Diebolt, n&rsquo;a pas souhait\u00e9 commenter la convocation de l&rsquo;acteur. Sa cliente a d\u00e9pos\u00e9 plainte en f\u00e9vrier 2024 pour agression sexuelle, harc\u00e8lement sexuel et outrages sexistes.<\/p>\n\n\n\n<p class=\"\">Les faits remontent \u00e0 septembre 2021 et se seraient d\u00e9roul\u00e9s dans un h\u00f4tel particulier \u00e0 Paris. D&rsquo;apr\u00e8s son r\u00e9cit \u00e0 Mediapart, l&rsquo;acteur aurait tenu de nombreux propos graveleux pendant le tournage, puis ult\u00e9rieurement l&rsquo;aurait \u00ab\u00a0attrap\u00e9e avec brutalit\u00e9\u00a0\u00bb et lui aurait \u00ab\u00a0p\u00e9tri la taille, le ventre, en remontant jusqu&rsquo;\u00e0 ses seins\u00a0\u00bb.<\/p>\n\n\n\n<p class=\"\">Il lui a \u00e9galement tenu des \u00ab\u00a0propos obsc\u00e8nes\u00a0\u00bb tels que \u00ab\u00a0viens toucher mon gros parasol, je vais te le fourrer dans la chatte\u00a0\u00bb, avait-elle affirm\u00e9 au site d&rsquo;informations. Lors de ce tournage, \u00ab\u00a0du matin au soir, on avait le droit \u00e0 ses salaceries\u00a0\u00bb, avait t\u00e9moign\u00e9 l&rsquo;actrice L&rsquo;autre plainte est port\u00e9e par une ancienne assistante de tournage qui accuse G\u00e9rard Depardieu d&rsquo;agression sexuelle en 2014.<\/p>\n\n\n\n<p class=\"\">Selon Le Courrier de l&rsquo;Ouest, cette femme, \u00e2g\u00e9e de 24 ans \u00e0 l&rsquo;\u00e9poque des faits et qui souhaite \u00e9galement rester anonyme, a d\u00e9pos\u00e9 une plainte le 9 janvier, d\u00e9non\u00e7ant des \u00ab\u00a0propos obsc\u00e8nes\u00a0\u00bb tenus par G\u00e9rard Depardieu lors de rencontres dans son h\u00f4tel particulier \u00e0 Paris.<strong>\u00a0L&rsquo;acteur\u00a0G\u00e9rard Depardieu\u00a0a \u00e9t\u00e9 convoqu\u00e9 lundi dans les locaux de la police judiciaire parisienne o\u00f9 il a \u00e9t\u00e9 entendu sur des\u00a0accusations d&rsquo;agressions sexuelles.\u00a0L&rsquo;acteur, d\u00e9j\u00e0 mis en examen pour viols et agressions sexuelles dans un autre dossier, est vis\u00e9 par deux plaintes, de deux femmes qui l&rsquo;accusent d&rsquo;agressions sexuelles. L&rsquo;acteur a \u00e9t\u00e9 plac\u00e9 en garde \u00e0 vue pour agressions sexuelles ce lundi matin.<\/strong><\/p>\n\n\n\n<p class=\"\"><strong>Le point sur ce que l&rsquo;on sait<\/strong><\/p>\n\n\n\n<p class=\"\">G\u00e9rard Depardieu a \u00e9t\u00e9 convoqu\u00e9 lundi pour \u00eatre plac\u00e9 en garde \u00e0 vue dans les locaux de la police judiciaire parisienne o\u00f9 il doit \u00eatre entendu sur des accusations d&rsquo;agressions sexuelles, a-t-on appris de source polici\u00e8re, confirmant une information de BFMTV. L&rsquo;acteur, d\u00e9j\u00e0 mis en examen pour viols et agressions sexuelles dans un autre dossier, est vis\u00e9 par deux plaintes, de deux femmes qui l&rsquo;accusent d&rsquo;agressions sexuelles.<\/p>\n\n\n\n<p class=\"\">Une d\u00e9coratrice qui travaillait dans l&rsquo;\u00e9quipe du film \u00ab\u00a0Les Volets Verts\u00a0\u00bb r\u00e9alis\u00e9 par Jean Becker l&rsquo;accuse de l&rsquo;avoir agress\u00e9e sexuellement en 2021. Cette femme a d\u00e9pos\u00e9 plainte en f\u00e9vrier 2024 pour agression sexuelle, harc\u00e8lement sexuel et outrages sexistes. Les investigations ont \u00e9t\u00e9 confi\u00e9es au 3e district de la police judiciaire parisienne. Les faits remontent \u00e0 septembre 2021 et se seraient d\u00e9roul\u00e9s dans un h\u00f4tel particulier \u00e0 Paris.<\/p>\n\n\n\n<p class=\"\">D&rsquo;apr\u00e8s son r\u00e9cit \u00e0 Mediapart, l&rsquo;acteur aurait tenu de nombreux propos graveleux pendant le tournage, puis ult\u00e9rieurement l&rsquo;aurait \u00ab\u00a0attrap\u00e9e avec brutalit\u00e9\u00a0\u00bb et lui aurait \u00ab\u00a0p\u00e9tri la taille, le ventre, en remontant jusqu&rsquo;\u00e0 ses seins\u00a0\u00bb. L&rsquo;autre plainte est port\u00e9e par une ancienne assistante de tournage qui accuse G\u00e9rard Depardieu d&rsquo;agression sexuelle en 2014.<\/p>\n","protected":false},"excerpt":{"rendered":"<p>Le point sur ce que l&rsquo;on sait \u00e0 la mi-journ\u00e9e Nouvelle \u00e9tape importante dans les enqu\u00eates pour agressions sexuelles visant G\u00e9rard Depardieu: l&rsquo;acteur, d\u00e9j\u00e0 mis en examen pour viol, a \u00e9t\u00e9 plac\u00e9 en garde \u00e0 vue lundi \u00e0 Paris pour \u00eatre entendu sur des faits d\u00e9nonc\u00e9s par deux femmes. G\u00e9rard Depardieu, vis\u00e9 par des plaintes [&hellip;]<\/p>\n","protected":false},"author":2,"featured_media":28069,"comment_status":"open","ping_status":"open","sticky":false,"template":"","format":"standard","meta":{"_jetpack_memberships_contains_paid_content":false,"footnotes":"","jetpack_publicize_message":"","jetpack_publicize_feature_enabled":true,"jetpack_social_post_already_shared":true,"jetpack_social_options":{"image_generator_settings":{"template":"highway","default_image_id":0,"font":"","enabled":false},"version":2},"_wpas_customize_per_network":false},"categories":[405],"tags":[],"class_list":["post-28068","post","type-post","status-publish","format-standard","has-post-thumbnail","hentry","category-actu-france-monde"],"jetpack_publicize_connections":[],"jetpack_featured_media_url":"https:\/\/i0.wp.com\/www.iceagetv.com\/radiosite\/wp-content\/uploads\/2024\/04\/Lacteur-Gerard-Depardieu-place-en-garde-a-vue.jpg?fit=679%2C293&ssl=1","jetpack_sharing_enabled":true,"_links":{"self":[{"href":"https:\/\/www.iceagetv.com\/radiosite\/wp-json\/wp\/v2\/posts\/28068","targetHints":{"allow":["GET"]}}],"collection":[{"href":"https:\/\/www.iceagetv.com\/radiosite\/wp-json\/wp\/v2\/posts"}],"about":[{"href":"https:\/\/www.iceagetv.com\/radiosite\/wp-json\/wp\/v2\/types\/post"}],"author":[{"embeddable":true,"href":"https:\/\/www.iceagetv.com\/radiosite\/wp-json\/wp\/v2\/users\/2"}],"replies":[{"embeddable":true,"href":"https:\/\/www.iceagetv.com\/radiosite\/wp-json\/wp\/v2\/comments?post=28068"}],"version-history":[{"count":1,"href":"https:\/\/www.iceagetv.com\/radiosite\/wp-json\/wp\/v2\/posts\/28068\/revisions"}],"predecessor-version":[{"id":28070,"href":"https:\/\/www.iceagetv.com\/radiosite\/wp-json\/wp\/v2\/posts\/28068\/revisions\/28070"}],"wp:featuredmedia":[{"embeddable":true,"href":"https:\/\/www.iceagetv.com\/radiosite\/wp-json\/wp\/v2\/media\/28069"}],"wp:attachment":[{"href":"https:\/\/www.iceagetv.com\/radiosite\/wp-json\/wp\/v2\/media?parent=28068"}],"wp:term":[{"taxonomy":"category","embeddable":true,"href":"https:\/\/www.iceagetv.com\/radiosite\/wp-json\/wp\/v2\/categories?post=28068"},{"taxonomy":"post_tag","embeddable":true,"href":"https:\/\/www.iceagetv.com\/radiosite\/wp-json\/wp\/v2\/tags?post=28068"}],"curies":[{"name":"wp","href":"https:\/\/api.w.org\/{rel}","templated":true}]}}