{"id":28076,"date":"2024-04-30T14:07:54","date_gmt":"2024-04-30T14:07:54","guid":{"rendered":"https:\/\/www.iceagetv.com\/radiosite\/?p=28076"},"modified":"2024-04-30T14:07:54","modified_gmt":"2024-04-30T14:07:54","slug":"londres-un-adolescent-de-13-ans-est-decede-apres-une-attaque-au-sabre-japonais-ce-matin-quatre-personnes-blessees-un-homme-interpelle","status":"publish","type":"post","link":"https:\/\/www.iceagetv.com\/radiosite\/londres-un-adolescent-de-13-ans-est-decede-apres-une-attaque-au-sabre-japonais-ce-matin-quatre-personnes-blessees-un-homme-interpelle\/","title":{"rendered":"Londres: Un adolescent de 13 ans est d\u00e9c\u00e9d\u00e9 apr\u00e8s une attaque au sabre japonais ce matin, quatre personnes bless\u00e9es &#8211; Un homme interpell\u00e9"},"content":{"rendered":"\n<p class=\"\"><strong>Un gar\u00e7on de 13 ans a \u00e9t\u00e9 tu\u00e9 et quatre autres personnes bless\u00e9es mardi dans l\u2019Est de Londres par un homme arm\u00e9 d\u2019une \u00e9p\u00e9e, rapidement arr\u00eat\u00e9 par la police qui a exclu \u00e0 ce stade un acte terroriste.<\/strong><\/p>\n\n\n\n<p class=\"\">Cette attaque intervient dans un contexte d\u2019augmentation des attaques \u00e0 l\u2019arme blanche au Royaume-Uni et \u00e0 deux jours des \u00e9lections locales dans la capitale britannique, o\u00f9 l\u2019opposition conservatrice est tr\u00e8s critique du bilan s\u00e9curitaire du maire travailliste Sadiq Khan.<\/p>\n\n\n\n<p class=\"\">\u00ab&nbsp;C\u2019est avec une grande tristesse que je peux confirmer que l\u2019un des bless\u00e9s dans l\u2019attaque, un gar\u00e7on de 13 ans, est d\u00e9c\u00e9d\u00e9&nbsp;\u00bb apr\u00e8s son transport \u00e0 l\u2019h\u00f4pital, a annonc\u00e9 un responsable de la police locale Stuart Bell dans une d\u00e9claration \u00e0 la presse, en qualifiant l\u2019agression de \u00ab&nbsp;vraiment horrible&nbsp;\u00bb.<\/p>\n\n\n\n<p class=\"\">Il a aussi pr\u00e9cis\u00e9 que les quatre personnes bless\u00e9es, dont deux policiers, avaient \u00e9t\u00e9 hospitalis\u00e9es mais que \u00ab&nbsp;leurs vies ne semblaient pas en danger&nbsp;\u00bb. Deux d\u2019entre elles sont encore \u00e0 l\u2019h\u00f4pital, a-t-il ajout\u00e9.<\/p>\n\n\n\n<p class=\"\">La police avait \u00e9t\u00e9 appel\u00e9e peu avant 07H00 (06H00 GMT)\u00ab&nbsp; dans ce quartier du nord-est de Londres pr\u00e8s de la station de m\u00e9tro de Hainault, par des habitants affirmant que des personnes avaient \u00e9t\u00e9 poignard\u00e9es.<\/p>\n\n\n\n<p class=\"\">Un homme de 36 ans arm\u00e9 d\u2019une \u00e9p\u00e9e a \u00e9t\u00e9 arr\u00eat\u00e9 peu apr\u00e8s &nbsp;\u00bbet est actuellement en d\u00e9tention\u00ab&nbsp;, a indiqu\u00e9 la police. &nbsp;\u00bbIl a \u00e9t\u00e9 atteint par un pistolet \u00e0 impulsion \u00e9lectrique (&#8230;) et arr\u00eat\u00e9 22 minutes apr\u00e8s\u00ab&nbsp; le premier appel \u00e0 la police.<\/p>\n\n\n\n<p class=\"\">L\u2019enqu\u00eate en est \u00e0 ses d\u00e9buts mais les autorit\u00e9s ne recherchent pas d\u2019autre suspect, a pr\u00e9cis\u00e9 M. Bell, rendant hommage au \u00a0\u00bbcourage incroyable\u00ab\u00a0 des policiers et des secours.<\/p>\n\n\n\n<p class=\"\"><strong>Un homme de 36 ans a \u00e9t\u00e9 arr\u00eat\u00e9 mardi matin \u00e0 Hainault dans l\u2019est de Londres apr\u00e8s avoir attaqu\u00e9 des passants avec une \u00e9p\u00e9e, faisant au moins cinq bless\u00e9s, dans un incident qui \u00ab&nbsp;ne semble pas li\u00e9 au terrorisme&nbsp;\u00bb selon la police.<\/strong><\/p>\n\n\n\n<p class=\"\">Dans un communiqu\u00e9, la police pr\u00e9cise avoir \u00e9t\u00e9 appel\u00e9e \u00ab&nbsp;peu avant 7H00&nbsp;\u00bb pr\u00e8s d\u2019une station de m\u00e9tro, des t\u00e9moins affirmant que \u00ab&nbsp;des personnes avaient \u00e9t\u00e9 poignard\u00e9es&nbsp;\u00bb. \u00ab&nbsp;Un homme avec une \u00e9p\u00e9e a \u00e9t\u00e9 arr\u00eat\u00e9&nbsp;\u00bb, a-t-elle ajout\u00e9, pr\u00e9cisant que selon les t\u00e9moignages r\u00e9colt\u00e9s sur place le suspect a attaqu\u00e9 des passants \u00ab&nbsp;et deux officiers de police&nbsp;\u00bb.<\/p>\n\n\n\n<p class=\"\">Le London Ambulance Service a pr\u00e9cis\u00e9 sur X (ex-Twitter) avoir \u00ab&nbsp;pris en charge cinq personnes&nbsp;\u00bb emmen\u00e9es \u00e0 l\u2019h\u00f4pital. \u00ab&nbsp;Nous attendons des informations sur l\u2019\u00e9tat des personnes bless\u00e9es&nbsp;\u00bb, a indiqu\u00e9 de son c\u00f4t\u00e9 la police.<\/p>\n\n\n\n<p class=\"\">Des images diffus\u00e9es sur les r\u00e9seaux sociaux et reprises par les m\u00e9dias britanniques montrent un homme blanc, l\u00e9g\u00e8rement barbu, v\u00eatu d\u2019un pantalon noir et d\u2019un sweat \u00e0 capuche jaune, \u00e9p\u00e9e en main, marchant erratiquement devant des maisons, tandis que des voitures de police encadrent la sc\u00e8ne.<\/p>\n\n\n\n<p class=\"\">Des t\u00e9moins ont affirm\u00e9 avoir entendu \u00ab&nbsp;crier&nbsp;\u00bb. \u00ab&nbsp;Nous ne pensons pas que la menace persiste&nbsp;\u00bb dans le quartier et \u00ab&nbsp;nous ne recherchons pas d\u2019autres suspects&nbsp;\u00bb, a d\u00e9clar\u00e9 Ade Adelekan, un responsable de la police cit\u00e9 dans le communiqu\u00e9. \u00ab&nbsp;Cet incident ne semble pas li\u00e9 au terrorisme&nbsp;\u00bb, a-t-il ajout\u00e9.<\/p>\n\n\n\n<p class=\"\">Le maire de Londres Sadiq Khan s\u2019est dit \u00ab&nbsp;absolument d\u00e9vast\u00e9&nbsp;\u00bb par cette attaque. \u00ab&nbsp;La zone a \u00e9t\u00e9 s\u00e9curis\u00e9e (&#8230;) et des patrouilles suppl\u00e9mentaires de r\u00e9assurance seront effectu\u00e9es dans la zone&nbsp;\u00bb.<\/p>\n","protected":false},"excerpt":{"rendered":"<p>Un gar\u00e7on de 13 ans a \u00e9t\u00e9 tu\u00e9 et quatre autres personnes bless\u00e9es mardi dans l\u2019Est de Londres par un homme arm\u00e9 d\u2019une \u00e9p\u00e9e, rapidement arr\u00eat\u00e9 par la police qui a exclu \u00e0 ce stade un acte terroriste. Cette attaque intervient dans un contexte d\u2019augmentation des attaques \u00e0 l\u2019arme blanche au Royaume-Uni et \u00e0 deux [&hellip;]<\/p>\n","protected":false},"author":2,"featured_media":28077,"comment_status":"open","ping_status":"open","sticky":false,"template":"","format":"standard","meta":{"_jetpack_memberships_contains_paid_content":false,"footnotes":"","jetpack_publicize_message":"","jetpack_publicize_feature_enabled":true,"jetpack_social_post_already_shared":true,"jetpack_social_options":{"image_generator_settings":{"template":"highway","default_image_id":0,"font":"","enabled":false},"version":2},"_wpas_customize_per_network":false},"categories":[405],"tags":[],"class_list":["post-28076","post","type-post","status-publish","format-standard","has-post-thumbnail","hentry","category-actu-france-monde"],"jetpack_publicize_connections":[],"jetpack_featured_media_url":"https:\/\/i0.wp.com\/www.iceagetv.com\/radiosite\/wp-content\/uploads\/2024\/04\/Londres-Un-adolescent-de-13-ans-est-decede-apres-une-attaque-au-sabre.jpg?fit=679%2C293&ssl=1","jetpack_sharing_enabled":true,"_links":{"self":[{"href":"https:\/\/www.iceagetv.com\/radiosite\/wp-json\/wp\/v2\/posts\/28076","targetHints":{"allow":["GET"]}}],"collection":[{"href":"https:\/\/www.iceagetv.com\/radiosite\/wp-json\/wp\/v2\/posts"}],"about":[{"href":"https:\/\/www.iceagetv.com\/radiosite\/wp-json\/wp\/v2\/types\/post"}],"author":[{"embeddable":true,"href":"https:\/\/www.iceagetv.com\/radiosite\/wp-json\/wp\/v2\/users\/2"}],"replies":[{"embeddable":true,"href":"https:\/\/www.iceagetv.com\/radiosite\/wp-json\/wp\/v2\/comments?post=28076"}],"version-history":[{"count":1,"href":"https:\/\/www.iceagetv.com\/radiosite\/wp-json\/wp\/v2\/posts\/28076\/revisions"}],"predecessor-version":[{"id":28078,"href":"https:\/\/www.iceagetv.com\/radiosite\/wp-json\/wp\/v2\/posts\/28076\/revisions\/28078"}],"wp:featuredmedia":[{"embeddable":true,"href":"https:\/\/www.iceagetv.com\/radiosite\/wp-json\/wp\/v2\/media\/28077"}],"wp:attachment":[{"href":"https:\/\/www.iceagetv.com\/radiosite\/wp-json\/wp\/v2\/media?parent=28076"}],"wp:term":[{"taxonomy":"category","embeddable":true,"href":"https:\/\/www.iceagetv.com\/radiosite\/wp-json\/wp\/v2\/categories?post=28076"},{"taxonomy":"post_tag","embeddable":true,"href":"https:\/\/www.iceagetv.com\/radiosite\/wp-json\/wp\/v2\/tags?post=28076"}],"curies":[{"name":"wp","href":"https:\/\/api.w.org\/{rel}","templated":true}]}}