{"id":28079,"date":"2024-04-30T14:38:02","date_gmt":"2024-04-30T14:38:02","guid":{"rendered":"https:\/\/www.iceagetv.com\/radiosite\/?p=28079"},"modified":"2024-04-30T14:38:02","modified_gmt":"2024-04-30T14:38:02","slug":"gerald-darmanin-demande-aux-prefets-de-renforcer-la-securite-pres-des-eglises-lors-des-fetes-de-lascension-9-mai-et-de-la-pentecote-19-mai-invoquant-le-niveau-tres-eleve-de-la-menace-terr","status":"publish","type":"post","link":"https:\/\/www.iceagetv.com\/radiosite\/gerald-darmanin-demande-aux-prefets-de-renforcer-la-securite-pres-des-eglises-lors-des-fetes-de-lascension-9-mai-et-de-la-pentecote-19-mai-invoquant-le-niveau-tres-eleve-de-la-menace-terr\/","title":{"rendered":"G\u00e9rald Darmanin demande aux pr\u00e9fets de renforcer la s\u00e9curit\u00e9 pr\u00e8s des \u00e9glises lors des f\u00eates de l&rsquo;Ascension (9 mai) et de la Pentec\u00f4te (19 mai), invoquant le \u00abniveau tr\u00e8s \u00e9lev\u00e9 de la menace terroriste\u00a0"},"content":{"rendered":"\n<p class=\"\">G\u00e9rald Darmanin a demand\u00e9 aux pr\u00e9fets de renforcer la s\u00e9curit\u00e9 pr\u00e8s des \u00e9glises lors des f\u00eates de l&rsquo;Ascension (9 mai) et de la Pentec\u00f4te (19 mai), invoquant le \u00abniveau tr\u00e8s \u00e9lev\u00e9 de la menace terroriste \u00bb.<\/p>\n\n\n\n<p class=\"\">\u00abLa persistance de fortes tensions au niveau international\u00bb, notamment la guerre \u00e0 Gaza entre le Hamas et Isra\u00ebl, impose \u00able maintien d&rsquo;une grande vigilance vis-\u00e0-vis des manifestations et des lieux de culte chr\u00e9tiens\u00bb, ajoute le ministre de l&rsquo;Int\u00e9rieur dans un t\u00e9l\u00e9gramme consult\u00e9 par l&rsquo;AFP. Les pr\u00e9fets sont invit\u00e9s \u00e0 porter une attention particuli\u00e8re sur les offices et rassemblements \u00abqui concentrent traditionnellement un public nombreux ou qui font l&rsquo;objet d&rsquo;une sensibilit\u00e9 particuli\u00e8re\u00bb.<\/p>\n\n\n\n<p class=\"\">Les sites les plus sensibles devront \u00eatre s\u00e9curis\u00e9s par \u00abune pr\u00e9sence statique aux heures d&rsquo;arriv\u00e9e et de d\u00e9part des fid\u00e8les\u00bb, avec l&rsquo;appui \u00absyst\u00e9matique\u00bb des militaires de la force Sentinelle, poursuit G\u00e9rald Darmanin. Le dispositif Vigipirate a \u00e9t\u00e9 relev\u00e9 le 24 mars \u00e0 son niveau maximal, \u00aburgence-attentat\u00bb, apr\u00e8s l&rsquo;attentat de Moscou revendiqu\u00e9 par le groupe \u00c9tat islamique.<\/p>\n","protected":false},"excerpt":{"rendered":"<p>G\u00e9rald Darmanin a demand\u00e9 aux pr\u00e9fets de renforcer la s\u00e9curit\u00e9 pr\u00e8s des \u00e9glises lors des f\u00eates de l&rsquo;Ascension (9 mai) et de la Pentec\u00f4te (19 mai), invoquant le \u00abniveau tr\u00e8s \u00e9lev\u00e9 de la menace terroriste \u00bb. \u00abLa persistance de fortes tensions au niveau international\u00bb, notamment la guerre \u00e0 Gaza entre le Hamas et Isra\u00ebl, impose [&hellip;]<\/p>\n","protected":false},"author":2,"featured_media":28080,"comment_status":"open","ping_status":"open","sticky":false,"template":"","format":"standard","meta":{"_jetpack_memberships_contains_paid_content":false,"footnotes":"","jetpack_publicize_message":"","jetpack_publicize_feature_enabled":true,"jetpack_social_post_already_shared":true,"jetpack_social_options":{"image_generator_settings":{"template":"highway","default_image_id":0,"font":"","enabled":false},"version":2},"_wpas_customize_per_network":false},"categories":[405],"tags":[],"class_list":["post-28079","post","type-post","status-publish","format-standard","has-post-thumbnail","hentry","category-actu-france-monde"],"jetpack_publicize_connections":[],"jetpack_featured_media_url":"https:\/\/i0.wp.com\/www.iceagetv.com\/radiosite\/wp-content\/uploads\/2024\/04\/Gerald-Darmanin-demande-aux-prefets-de-renforcer-la-securite-pres-des-eglises-lors-des-fetes-de-lAscension.jpg?fit=679%2C293&ssl=1","jetpack_sharing_enabled":true,"_links":{"self":[{"href":"https:\/\/www.iceagetv.com\/radiosite\/wp-json\/wp\/v2\/posts\/28079","targetHints":{"allow":["GET"]}}],"collection":[{"href":"https:\/\/www.iceagetv.com\/radiosite\/wp-json\/wp\/v2\/posts"}],"about":[{"href":"https:\/\/www.iceagetv.com\/radiosite\/wp-json\/wp\/v2\/types\/post"}],"author":[{"embeddable":true,"href":"https:\/\/www.iceagetv.com\/radiosite\/wp-json\/wp\/v2\/users\/2"}],"replies":[{"embeddable":true,"href":"https:\/\/www.iceagetv.com\/radiosite\/wp-json\/wp\/v2\/comments?post=28079"}],"version-history":[{"count":1,"href":"https:\/\/www.iceagetv.com\/radiosite\/wp-json\/wp\/v2\/posts\/28079\/revisions"}],"predecessor-version":[{"id":28081,"href":"https:\/\/www.iceagetv.com\/radiosite\/wp-json\/wp\/v2\/posts\/28079\/revisions\/28081"}],"wp:featuredmedia":[{"embeddable":true,"href":"https:\/\/www.iceagetv.com\/radiosite\/wp-json\/wp\/v2\/media\/28080"}],"wp:attachment":[{"href":"https:\/\/www.iceagetv.com\/radiosite\/wp-json\/wp\/v2\/media?parent=28079"}],"wp:term":[{"taxonomy":"category","embeddable":true,"href":"https:\/\/www.iceagetv.com\/radiosite\/wp-json\/wp\/v2\/categories?post=28079"},{"taxonomy":"post_tag","embeddable":true,"href":"https:\/\/www.iceagetv.com\/radiosite\/wp-json\/wp\/v2\/tags?post=28079"}],"curies":[{"name":"wp","href":"https:\/\/api.w.org\/{rel}","templated":true}]}}