{"id":2810,"date":"2015-09-06T13:20:25","date_gmt":"2015-09-06T13:20:25","guid":{"rendered":"http:\/\/www.iceagetv.com\/radiosite\/?p=2810"},"modified":"2015-09-06T13:20:25","modified_gmt":"2015-09-06T13:20:25","slug":"un-avion-burkinabe-sest-abime-avec-sept-personnes-a-bord-dont-une-francaise","status":"publish","type":"post","link":"https:\/\/www.iceagetv.com\/radiosite\/un-avion-burkinabe-sest-abime-avec-sept-personnes-a-bord-dont-une-francaise\/","title":{"rendered":"Un avion burkinab\u00e9 s&rsquo;est ab\u00eem\u00e9 avec sept personnes \u00e0 bord dont une Fran\u00e7aise"},"content":{"rendered":"<p>\n\tL&#39;avion d&#39;&eacute;vacuation m&eacute;dicale&nbsp;appartenait &agrave; la compagnie priv&eacute;e Senegalair. L&#39;accident pourrait &ecirc;tre d&ucirc; &agrave; une panne de k&eacute;ros&egrave;ne selon &quot;Futur M&eacute;dias&quot;.Un avion d&#39;&eacute;vacuation m&eacute;dicale transportant sept personnes, dont une patiente fran&ccedil;aise, du&nbsp;Burkina Faso&nbsp;au&nbsp;S&eacute;n&eacute;gal, s&#39;est ab&icirc;m&eacute; samedi soir au large de Dakar, a-t-on appris dimanche aupr&egrave;s de l&#39;aviation civile. L&#39;appareil, un bimoteur HS 125 appartenant &agrave; la compagnie priv&eacute;e Senegalair, avait &agrave; son bord, outre la patiente, trois membres d&#39;&eacute;quipage &#8211; deux Alg&eacute;riens et un Congolais -, ainsi qu&#39;un m&eacute;decin et deux infirmiers s&eacute;n&eacute;galais, a annonc&eacute; dans un communiqu&eacute; l&#39;Agence nationale de l&#39;aviation civile et de la m&eacute;t&eacute;orologie (Anacim) du S&eacute;n&eacute;gal.\n<\/p>\n<p>\n\tLe contact a &eacute;t&eacute; perdu avec l&#39;avion, appartenant &agrave; la compagnie priv&eacute;e Senegalair, peu apr&egrave;s 19 heures (locales et GMT) &agrave; 111 kilom&egrave;tres de Dakar, a pr&eacute;cis&eacute; l&#39;Anacim, soulignant que l&#39;arm&eacute;e de l&#39;Air menait des recherches dans la zone. Parti de Ouagadougou &agrave; 16 h 35 (locales et GMT) l&#39;avion devait arriver &agrave; Dakar &agrave; 18 h 20, a-t-on indiqu&eacute; de source a&eacute;roportuaire burkinab&eacute; sous couvert d&#39;anonymat.\n<\/p>\n<p>\n\tSelon le site du groupe s&eacute;n&eacute;galais Futur M&eacute;dias, l&#39;accident pourrait &ecirc;tre d&ucirc; &agrave; une panne de k&eacute;ros&egrave;ne. Le site identifie parmi les victimes Yakhya Diop, m&eacute;decin r&eacute;animateur de SOS M&eacute;decins au S&eacute;n&eacute;gal.<\/p>\n","protected":false},"excerpt":{"rendered":"<p>L&#39;avion d&#39;&eacute;vacuation m&eacute;dicale&nbsp;appartenait &agrave; la compagnie priv&eacute;e Senegalair. L&#39;accident pourrait &ecirc;tre d&ucirc; &agrave; une panne de k&eacute;ros&egrave;ne selon &quot;Futur M&eacute;dias&quot;.Un avion d&#39;&eacute;vacuation m&eacute;dicale transportant sept personnes, dont une patiente fran&ccedil;aise, du&nbsp;Burkina Faso&nbsp;au&nbsp;S&eacute;n&eacute;gal, s&#39;est ab&icirc;m&eacute; samedi soir au large de Dakar, a-t-on appris dimanche aupr&egrave;s de l&#39;aviation civile. L&#39;appareil, un bimoteur HS 125 appartenant &agrave; la [&hellip;]<\/p>\n","protected":false},"author":2,"featured_media":2811,"comment_status":"open","ping_status":"open","sticky":false,"template":"","format":"standard","meta":{"_jetpack_memberships_contains_paid_content":false,"footnotes":"","jetpack_publicize_message":"","jetpack_publicize_feature_enabled":true,"jetpack_social_post_already_shared":false,"jetpack_social_options":{"image_generator_settings":{"template":"highway","default_image_id":0,"font":"","enabled":false},"version":2},"_wpas_customize_per_network":false},"categories":[405],"tags":[628],"class_list":["post-2810","post","type-post","status-publish","format-standard","has-post-thumbnail","hentry","category-actu-france-monde","tag-un-avion-burkinabe"],"jetpack_publicize_connections":[],"jetpack_featured_media_url":"https:\/\/i0.wp.com\/www.iceagetv.com\/radiosite\/wp-content\/uploads\/2015\/09\/avion-d%C3%A9vacuation-m%C3%A9dicale.jpg?fit=660%2C281&ssl=1","jetpack_sharing_enabled":true,"_links":{"self":[{"href":"https:\/\/www.iceagetv.com\/radiosite\/wp-json\/wp\/v2\/posts\/2810","targetHints":{"allow":["GET"]}}],"collection":[{"href":"https:\/\/www.iceagetv.com\/radiosite\/wp-json\/wp\/v2\/posts"}],"about":[{"href":"https:\/\/www.iceagetv.com\/radiosite\/wp-json\/wp\/v2\/types\/post"}],"author":[{"embeddable":true,"href":"https:\/\/www.iceagetv.com\/radiosite\/wp-json\/wp\/v2\/users\/2"}],"replies":[{"embeddable":true,"href":"https:\/\/www.iceagetv.com\/radiosite\/wp-json\/wp\/v2\/comments?post=2810"}],"version-history":[{"count":1,"href":"https:\/\/www.iceagetv.com\/radiosite\/wp-json\/wp\/v2\/posts\/2810\/revisions"}],"predecessor-version":[{"id":2812,"href":"https:\/\/www.iceagetv.com\/radiosite\/wp-json\/wp\/v2\/posts\/2810\/revisions\/2812"}],"wp:featuredmedia":[{"embeddable":true,"href":"https:\/\/www.iceagetv.com\/radiosite\/wp-json\/wp\/v2\/media\/2811"}],"wp:attachment":[{"href":"https:\/\/www.iceagetv.com\/radiosite\/wp-json\/wp\/v2\/media?parent=2810"}],"wp:term":[{"taxonomy":"category","embeddable":true,"href":"https:\/\/www.iceagetv.com\/radiosite\/wp-json\/wp\/v2\/categories?post=2810"},{"taxonomy":"post_tag","embeddable":true,"href":"https:\/\/www.iceagetv.com\/radiosite\/wp-json\/wp\/v2\/tags?post=2810"}],"curies":[{"name":"wp","href":"https:\/\/api.w.org\/{rel}","templated":true}]}}