{"id":28101,"date":"2024-05-03T05:51:27","date_gmt":"2024-05-03T05:51:27","guid":{"rendered":"https:\/\/www.iceagetv.com\/radiosite\/?p=28101"},"modified":"2024-05-03T05:51:27","modified_gmt":"2024-05-03T05:51:27","slug":"europeennes-le-discours-de-macron-a-la-sorbonne-decompte-comme-du-temps-de-parole-de-renaissance","status":"publish","type":"post","link":"https:\/\/www.iceagetv.com\/radiosite\/europeennes-le-discours-de-macron-a-la-sorbonne-decompte-comme-du-temps-de-parole-de-renaissance\/","title":{"rendered":"Europ\u00e9ennes\u00a0: le discours de Macron \u00e0 la Sorbonne d\u00e9compt\u00e9 comme du temps de parole de Renaissance"},"content":{"rendered":"\n<p class=\"\">Le 25\u00a0avril, Emmanuel Macron a tenu un discours de pr\u00e8s de deux heures depuis la Sorbonne. Cette prise de parole sera prise en compte dans le temps de parole du parti de la majorit\u00e9 en vue des \u00e9lections europ\u00e9ennes<\/p>\n\n\n\n<p class=\"\">Le discours d\u2019<a href=\"https:\/\/www.leparisien.fr\/politique\/macron-a-la-sorbonne-europe-mortelle-armement-economie-ce-quil-faut-retenir-du-discours-du-president-25-04-2024-M3J6CBEWTVESLFZFBBT5QVIRRI.php\" target=\"_blank\" rel=\"noreferrer noopener\">Emmanuel Macron \u00e0 la Sorbonne&nbsp;<\/a>jeudi dernier doit \u00eatre d\u00e9compt\u00e9 dans son \u00ab&nbsp;int\u00e9gralit\u00e9&nbsp;\u00bb comme du temps de parole pour son camp dans le cadre de la campagne des \u00e9lections europ\u00e9ennes, a tranch\u00e9 jeudi le r\u00e9gulateur de l\u2019audiovisuel,&nbsp;<a href=\"https:\/\/www.leparisien.fr\/elections\/europeennes\/elections-europeennes-larcom-va-se-pencher-sur-le-temps-de-parole-de-macron-apres-son-discours-a-la-sorbonne-26-04-2024-O7XJW5EBTFCRLHCODSFHF4VNFU.php\" target=\"_blank\" rel=\"noreferrer noopener\">l\u2019Arcom<\/a>.<\/p>\n\n\n\n<p class=\"\">\u00ab\u00a0Si les propos du pr\u00e9sident de la R\u00e9publique n\u2019exprimaient pas un soutien explicite \u00e0 la liste conduite par Mme\u00a0<a href=\"https:\/\/www.leparisien.fr\/politique\/valerie-hayer-face-a-jordan-bardella-premier-duel-au-sommet-sur-bfmtv-02-05-2024-RAQNQGFYTVF7TKZDKLPF5PZLVY.php\" target=\"_blank\" rel=\"noreferrer noopener\">Val\u00e9rie Hayer<\/a>, ils pr\u00e9sentaient n\u00e9anmoins, dans leur int\u00e9gralit\u00e9, un lien direct avec l\u2019\u00e9lection\u00a0\u00bb, a consid\u00e9r\u00e9 l\u2019Arcom, dans un courrier \u00e0 LR consult\u00e9 par l\u2019AFPLe r\u00e9gulateur souligne notamment que ces propos, \u00ab\u00a0contribuant \u00e0 dresser un bilan de l\u2019action pass\u00e9e et exposant les \u00e9l\u00e9ments d\u2019un programme, pouvaient avoir une incidence sur<a href=\"https:\/\/www.leparisien.fr\/elections\/europeennes\/\" target=\"_blank\" rel=\"noreferrer noopener\">\u00a0le scrutin\u00a0\u00bb du 9\u00a0juin<\/a>. L\u2019autorit\u00e9 ind\u00e9pendante observe \u00e9galement que ce discours, de pr\u00e8s de deux heures, a \u00e9t\u00e9 prononc\u00e9 \u00ab\u00a0alors que la campagne \u00e9lectorale est pleinement engag\u00e9e\u00a0\u00bb. Les diff\u00e9rentes antennes ayant retransmis le discours vont donc devoir en tenir compte, en \u00e9quilibrant les temps de parole des autres camps politiques.<\/p>\n","protected":false},"excerpt":{"rendered":"<p>Le 25\u00a0avril, Emmanuel Macron a tenu un discours de pr\u00e8s de deux heures depuis la Sorbonne. Cette prise de parole sera prise en compte dans le temps de parole du parti de la majorit\u00e9 en vue des \u00e9lections europ\u00e9ennes Le discours d\u2019Emmanuel Macron \u00e0 la Sorbonne&nbsp;jeudi dernier doit \u00eatre d\u00e9compt\u00e9 dans son \u00ab&nbsp;int\u00e9gralit\u00e9&nbsp;\u00bb comme du [&hellip;]<\/p>\n","protected":false},"author":2,"featured_media":28102,"comment_status":"open","ping_status":"open","sticky":false,"template":"","format":"standard","meta":{"_jetpack_memberships_contains_paid_content":false,"footnotes":"","jetpack_publicize_message":"","jetpack_publicize_feature_enabled":true,"jetpack_social_post_already_shared":true,"jetpack_social_options":{"image_generator_settings":{"template":"highway","default_image_id":0,"font":"","enabled":false},"version":2},"_wpas_customize_per_network":false},"categories":[405],"tags":[],"class_list":["post-28101","post","type-post","status-publish","format-standard","has-post-thumbnail","hentry","category-actu-france-monde"],"jetpack_publicize_connections":[],"jetpack_featured_media_url":"https:\/\/i0.wp.com\/www.iceagetv.com\/radiosite\/wp-content\/uploads\/2024\/05\/5BVJBROGX5HC3D2MMNYU6CDREI.jpg?fit=932%2C582&ssl=1","jetpack_sharing_enabled":true,"_links":{"self":[{"href":"https:\/\/www.iceagetv.com\/radiosite\/wp-json\/wp\/v2\/posts\/28101","targetHints":{"allow":["GET"]}}],"collection":[{"href":"https:\/\/www.iceagetv.com\/radiosite\/wp-json\/wp\/v2\/posts"}],"about":[{"href":"https:\/\/www.iceagetv.com\/radiosite\/wp-json\/wp\/v2\/types\/post"}],"author":[{"embeddable":true,"href":"https:\/\/www.iceagetv.com\/radiosite\/wp-json\/wp\/v2\/users\/2"}],"replies":[{"embeddable":true,"href":"https:\/\/www.iceagetv.com\/radiosite\/wp-json\/wp\/v2\/comments?post=28101"}],"version-history":[{"count":1,"href":"https:\/\/www.iceagetv.com\/radiosite\/wp-json\/wp\/v2\/posts\/28101\/revisions"}],"predecessor-version":[{"id":28103,"href":"https:\/\/www.iceagetv.com\/radiosite\/wp-json\/wp\/v2\/posts\/28101\/revisions\/28103"}],"wp:featuredmedia":[{"embeddable":true,"href":"https:\/\/www.iceagetv.com\/radiosite\/wp-json\/wp\/v2\/media\/28102"}],"wp:attachment":[{"href":"https:\/\/www.iceagetv.com\/radiosite\/wp-json\/wp\/v2\/media?parent=28101"}],"wp:term":[{"taxonomy":"category","embeddable":true,"href":"https:\/\/www.iceagetv.com\/radiosite\/wp-json\/wp\/v2\/categories?post=28101"},{"taxonomy":"post_tag","embeddable":true,"href":"https:\/\/www.iceagetv.com\/radiosite\/wp-json\/wp\/v2\/tags?post=28101"}],"curies":[{"name":"wp","href":"https:\/\/api.w.org\/{rel}","templated":true}]}}