{"id":28110,"date":"2024-05-04T06:51:44","date_gmt":"2024-05-04T06:51:44","guid":{"rendered":"https:\/\/www.iceagetv.com\/radiosite\/?p=28110"},"modified":"2024-05-04T06:51:44","modified_gmt":"2024-05-04T06:51:44","slug":"animatrice-vedette-de-tf1-au-debut-des-annees-2000-geraldine-carre-qui-presentait-entre-autre-lemission-confessions-intimes-est-decedee-a-lage-de-54-ans","status":"publish","type":"post","link":"https:\/\/www.iceagetv.com\/radiosite\/animatrice-vedette-de-tf1-au-debut-des-annees-2000-geraldine-carre-qui-presentait-entre-autre-lemission-confessions-intimes-est-decedee-a-lage-de-54-ans\/","title":{"rendered":"Animatrice vedette de TF1 au d\u00e9but des ann\u00e9es 2000, G\u00e9raldine Carr\u00e9 qui pr\u00e9sentait entre autre l&rsquo;\u00e9mission \u00ab\u00a0Confessions Intimes\u00a0\u00bb est d\u00e9c\u00e9d\u00e9e \u00e0 l&rsquo;\u00e2ge de 54 ans"},"content":{"rendered":"\n<h1 class=\"wp-block-heading\"><\/h1>\n\n\n\n<p class=\"\">Elle \u00e9tait un des visages de la t\u00e9l\u00e9 \u00e0 la fin des ann\u00e9es 90 et au d\u00e9but des ann\u00e9es 2000, tr\u00e8s connue du grand public. Alors qu&rsquo;elle n&rsquo;\u00e9tait \u00e2g\u00e9e que de 54 ans, G\u00e9raldine Carr\u00e9, est d\u00e9c\u00e9d\u00e9 pour des raisons qui n&rsquo;ont pas \u00e9t\u00e9 d\u00e9voil\u00e9es dans l&rsquo;imm\u00e9diat, mais sa disparition tragique a \u00e9t\u00e9 annonc\u00e9e par Benjamin Castaldi sur les r\u00e9seaux sociaux..<\/p>\n\n\n\n<p class=\"\">En 1994, G\u00e9raldine Carr\u00e9, anime sur Paris Premi\u00e8re, un talk show hebdomadaire sur les m\u00e9dias baptis\u00e9 \u00ab\u00a0Tout Paris\u00a0\u00bb. Apr\u00e8s un passage sur France 2 aux c\u00f4t\u00e9s de Christophe Dechavanne, elle est r\u00e9guli\u00e8rement sollicit\u00e9e sur l&rsquo;antenne de TF1 \u00e0 partir de 1997.<\/p>\n\n\n\n<p class=\"\">Dans un premier temps, G\u00e9raldine Carr\u00e9 co-anime l&rsquo;\u00e9mission \u00ab\u00a0Et si \u00e7a vous arrivait\u00a0\u00bb avec Daniela Lumbroso. En 2001, la cha\u00eene lui confie les r\u00eanes de la pr\u00e9sentation des \u00e9missions \u00ab\u00a0Confessions intimes\u00a0\u00bb, \u00e9mission qui fera conna\u00eetre G\u00e9raldine Carr\u00e9 au plus grand nombre malgr\u00e9 les pol\u00e9miques li\u00e9es \u00e0 l&rsquo;\u00e9mission qui expose le quotidien d&rsquo;une personne ou d&rsquo;un couple ayant un probl\u00e8me.<\/p>\n\n\n\n<p class=\"\">La Une lui confie \u00e9galement la pr\u00e9sentation de l&rsquo;\u00e9mission \u00ab\u00a0\u00c7a peut nous arriver\u00a0\u00bb.&nbsp;<\/p>\n\n\n\n<p class=\"\">Elle d\u00e9cide alors de partir sur Canal+ en septembre 2003 pour animer \u00ab\u00a0La vie en clair\u00a0\u00bb.&nbsp;<\/p>\n\n\n\n<p class=\"\">En 2006 , elle anime \u00ab\u00a0Devenez ma\u00e7on du c\u0153ur\u00a0\u00bb, sur la cha\u00eene Fox Lifel&rsquo;adaptation fran\u00e7aise de l&rsquo;\u00e9mission de t\u00e9l\u00e9r\u00e9alit\u00e9 am\u00e9ricaine \u00ab\u00a0Makeover Home Edition\u00a0\u00bb.<\/p>\n\n\n\n<p class=\"\">Sa derni\u00e8re exp\u00e9rience sur le petit \u00e9cran remonte \u00e0 2007, elle officie dans l&rsquo;\u00e9mission Langue de VIP diffus\u00e9e sur TF1, au c\u00f4t\u00e9 de Benjamin Castaldi qui lui a rendu hommage hier sur les r\u00e9seaux sociaux tout comme Julien Courbet.<\/p>\n","protected":false},"excerpt":{"rendered":"<p>Elle \u00e9tait un des visages de la t\u00e9l\u00e9 \u00e0 la fin des ann\u00e9es 90 et au d\u00e9but des ann\u00e9es 2000, tr\u00e8s connue du grand public. Alors qu&rsquo;elle n&rsquo;\u00e9tait \u00e2g\u00e9e que de 54 ans, G\u00e9raldine Carr\u00e9, est d\u00e9c\u00e9d\u00e9 pour des raisons qui n&rsquo;ont pas \u00e9t\u00e9 d\u00e9voil\u00e9es dans l&rsquo;imm\u00e9diat, mais sa disparition tragique a \u00e9t\u00e9 annonc\u00e9e par [&hellip;]<\/p>\n","protected":false},"author":2,"featured_media":28111,"comment_status":"open","ping_status":"open","sticky":false,"template":"","format":"standard","meta":{"_jetpack_memberships_contains_paid_content":false,"footnotes":"","jetpack_publicize_message":"","jetpack_publicize_feature_enabled":true,"jetpack_social_post_already_shared":true,"jetpack_social_options":{"image_generator_settings":{"template":"highway","default_image_id":0,"font":"","enabled":false},"version":2},"_wpas_customize_per_network":false},"categories":[68],"tags":[],"class_list":["post-28110","post","type-post","status-publish","format-standard","has-post-thumbnail","hentry","category-actu-culturelle"],"jetpack_publicize_connections":[],"jetpack_featured_media_url":"https:\/\/i0.wp.com\/www.iceagetv.com\/radiosite\/wp-content\/uploads\/2024\/05\/Geraldine-Carre.jpg?fit=679%2C293&ssl=1","jetpack_sharing_enabled":true,"_links":{"self":[{"href":"https:\/\/www.iceagetv.com\/radiosite\/wp-json\/wp\/v2\/posts\/28110","targetHints":{"allow":["GET"]}}],"collection":[{"href":"https:\/\/www.iceagetv.com\/radiosite\/wp-json\/wp\/v2\/posts"}],"about":[{"href":"https:\/\/www.iceagetv.com\/radiosite\/wp-json\/wp\/v2\/types\/post"}],"author":[{"embeddable":true,"href":"https:\/\/www.iceagetv.com\/radiosite\/wp-json\/wp\/v2\/users\/2"}],"replies":[{"embeddable":true,"href":"https:\/\/www.iceagetv.com\/radiosite\/wp-json\/wp\/v2\/comments?post=28110"}],"version-history":[{"count":1,"href":"https:\/\/www.iceagetv.com\/radiosite\/wp-json\/wp\/v2\/posts\/28110\/revisions"}],"predecessor-version":[{"id":28112,"href":"https:\/\/www.iceagetv.com\/radiosite\/wp-json\/wp\/v2\/posts\/28110\/revisions\/28112"}],"wp:featuredmedia":[{"embeddable":true,"href":"https:\/\/www.iceagetv.com\/radiosite\/wp-json\/wp\/v2\/media\/28111"}],"wp:attachment":[{"href":"https:\/\/www.iceagetv.com\/radiosite\/wp-json\/wp\/v2\/media?parent=28110"}],"wp:term":[{"taxonomy":"category","embeddable":true,"href":"https:\/\/www.iceagetv.com\/radiosite\/wp-json\/wp\/v2\/categories?post=28110"},{"taxonomy":"post_tag","embeddable":true,"href":"https:\/\/www.iceagetv.com\/radiosite\/wp-json\/wp\/v2\/tags?post=28110"}],"curies":[{"name":"wp","href":"https:\/\/api.w.org\/{rel}","templated":true}]}}