{"id":28123,"date":"2024-05-05T08:45:18","date_gmt":"2024-05-05T08:45:18","guid":{"rendered":"https:\/\/www.iceagetv.com\/radiosite\/?p=28123"},"modified":"2024-05-05T08:45:18","modified_gmt":"2024-05-05T08:45:18","slug":"australie-un-adolescent-radicalise-de-16-ans-abattu-par-la-police-a-perth-apres-avoir-blesse-une-personne-lors-dune-attaque-au-couteau","status":"publish","type":"post","link":"https:\/\/www.iceagetv.com\/radiosite\/australie-un-adolescent-radicalise-de-16-ans-abattu-par-la-police-a-perth-apres-avoir-blesse-une-personne-lors-dune-attaque-au-couteau\/","title":{"rendered":"Australie : Un adolescent radicalis\u00e9 de 16 ans abattu par la police \u00e0 Perth, apr\u00e8s avoir bless\u00e9 une personne lors d&rsquo;une attaque au couteau"},"content":{"rendered":"\n<p class=\"\">Un adolescent \u00ab\u00a0radicalis\u00e9\u00a0\u00bb de 16 ans a \u00e9t\u00e9 abattu par la police dans la banlieue de Perth, dans l&rsquo;ouest de l&rsquo;Australie, apr\u00e8s avoir bless\u00e9 une personne lors d&rsquo;une attaque au couteau, ont rapport\u00e9 le chef du gouvernement local et la police ce dimanche 5 mai.<\/p>\n\n\n\n<p class=\"\">L&rsquo;adolescent, arm\u00e9 d&rsquo;un couteau, \u00ab\u00a0s&rsquo;est pr\u00e9cipit\u00e9\u00a0\u00bb sur les forces de l&rsquo;ordre et a \u00e9t\u00e9 mortellement touch\u00e9 par un agent, a indiqu\u00e9 le Premier ministre de l&rsquo;\u00c9tat d&rsquo;Australie-Occidentale Roger Cook lors d&rsquo;une conf\u00e9rence de presse. \u00ab\u00a0Il y a des indications selon lesquelles il s&rsquo;\u00e9tait radicalis\u00e9 en ligne. Mais je tiens \u00e0 rassurer la population, \u00e0 ce stade il semble qu&rsquo;il ait agi seul\u00a0\u00bb, a d\u00e9clar\u00e9 Roger Cook.<\/p>\n\n\n\n<p class=\"\">La police a re\u00e7u un appel ce samedi soir de la part d&rsquo;un homme avertissant qu&rsquo;il allait commettre \u00ab\u00a0des actes de violence\u00a0\u00bb mais sans donner son nom ni sa localisation, a fait part aux journalistes le responsable de la police de l&rsquo;\u00c9tat, Col Blanch.<\/p>\n\n\n\n<p class=\"\">Quelques minutes plus tard, a-t-il ajout\u00e9, la police a re\u00e7u un appel d&rsquo;urgence pour les avertir qu&rsquo;un \u00ab\u00a0homme avec un couteau courait\u00a0\u00bb au niveau d&rsquo;un parking de Willetton, dans la banlieue sud de Perth.<\/p>\n\n\n\n<p class=\"\">D&rsquo;apr\u00e8s des images d&rsquo;une cam\u00e9ra-pi\u00e9ton de la police, l&rsquo;adolescent a refus\u00e9 de poser son couteau \u00e0 terre comme le demandaient les forces de l&rsquo;ordre, a indiqu\u00e9 Col Blanch.<\/p>\n\n\n\n<p class=\"\">Les agents ont tir\u00e9 au moyen de deux pistolets \u00e0 impulsion \u00e9lectrique mais \u00ab\u00a0aucun des deux n&rsquo;a eu totalement l&rsquo;effet escompt\u00e9\u00a0\u00bb, a-t-il relat\u00e9.<\/p>\n","protected":false},"excerpt":{"rendered":"<p>Un adolescent \u00ab\u00a0radicalis\u00e9\u00a0\u00bb de 16 ans a \u00e9t\u00e9 abattu par la police dans la banlieue de Perth, dans l&rsquo;ouest de l&rsquo;Australie, apr\u00e8s avoir bless\u00e9 une personne lors d&rsquo;une attaque au couteau, ont rapport\u00e9 le chef du gouvernement local et la police ce dimanche 5 mai. L&rsquo;adolescent, arm\u00e9 d&rsquo;un couteau, \u00ab\u00a0s&rsquo;est pr\u00e9cipit\u00e9\u00a0\u00bb sur les forces de [&hellip;]<\/p>\n","protected":false},"author":2,"featured_media":28124,"comment_status":"open","ping_status":"open","sticky":false,"template":"","format":"standard","meta":{"_jetpack_memberships_contains_paid_content":false,"footnotes":"","jetpack_publicize_message":"","jetpack_publicize_feature_enabled":true,"jetpack_social_post_already_shared":true,"jetpack_social_options":{"image_generator_settings":{"template":"highway","default_image_id":0,"font":"","enabled":false},"version":2},"_wpas_customize_per_network":false},"categories":[405],"tags":[],"class_list":["post-28123","post","type-post","status-publish","format-standard","has-post-thumbnail","hentry","category-actu-france-monde"],"jetpack_publicize_connections":[],"jetpack_featured_media_url":"https:\/\/i0.wp.com\/www.iceagetv.com\/radiosite\/wp-content\/uploads\/2024\/05\/australie.jpg?fit=679%2C293&ssl=1","jetpack_sharing_enabled":true,"_links":{"self":[{"href":"https:\/\/www.iceagetv.com\/radiosite\/wp-json\/wp\/v2\/posts\/28123","targetHints":{"allow":["GET"]}}],"collection":[{"href":"https:\/\/www.iceagetv.com\/radiosite\/wp-json\/wp\/v2\/posts"}],"about":[{"href":"https:\/\/www.iceagetv.com\/radiosite\/wp-json\/wp\/v2\/types\/post"}],"author":[{"embeddable":true,"href":"https:\/\/www.iceagetv.com\/radiosite\/wp-json\/wp\/v2\/users\/2"}],"replies":[{"embeddable":true,"href":"https:\/\/www.iceagetv.com\/radiosite\/wp-json\/wp\/v2\/comments?post=28123"}],"version-history":[{"count":1,"href":"https:\/\/www.iceagetv.com\/radiosite\/wp-json\/wp\/v2\/posts\/28123\/revisions"}],"predecessor-version":[{"id":28125,"href":"https:\/\/www.iceagetv.com\/radiosite\/wp-json\/wp\/v2\/posts\/28123\/revisions\/28125"}],"wp:featuredmedia":[{"embeddable":true,"href":"https:\/\/www.iceagetv.com\/radiosite\/wp-json\/wp\/v2\/media\/28124"}],"wp:attachment":[{"href":"https:\/\/www.iceagetv.com\/radiosite\/wp-json\/wp\/v2\/media?parent=28123"}],"wp:term":[{"taxonomy":"category","embeddable":true,"href":"https:\/\/www.iceagetv.com\/radiosite\/wp-json\/wp\/v2\/categories?post=28123"},{"taxonomy":"post_tag","embeddable":true,"href":"https:\/\/www.iceagetv.com\/radiosite\/wp-json\/wp\/v2\/tags?post=28123"}],"curies":[{"name":"wp","href":"https:\/\/api.w.org\/{rel}","templated":true}]}}