{"id":28148,"date":"2024-05-07T11:14:09","date_gmt":"2024-05-07T11:14:09","guid":{"rendered":"https:\/\/www.iceagetv.com\/radiosite\/?p=28148"},"modified":"2024-05-07T11:14:09","modified_gmt":"2024-05-07T11:14:09","slug":"guerre-entre-israel-et-le-hamas-des-chars-israeliens-deployes-a-rafah-ou-larmee-a-pris-le-controle-de-la-partie-palestinienne-du-point-de-passage-avec-legypte","status":"publish","type":"post","link":"https:\/\/www.iceagetv.com\/radiosite\/guerre-entre-israel-et-le-hamas-des-chars-israeliens-deployes-a-rafah-ou-larmee-a-pris-le-controle-de-la-partie-palestinienne-du-point-de-passage-avec-legypte\/","title":{"rendered":"Guerre entre Isra\u00ebl et le Hamas : des chars isra\u00e9liens d\u00e9ploy\u00e9s \u00e0 Rafah o\u00f9 l&rsquo;arm\u00e9e a pris le contr\u00f4le de la partie palestinienne du point de passage avec l&rsquo;Egypte"},"content":{"rendered":"\n<p class=\"\">Des&nbsp;<a href=\"https:\/\/www.francetvinfo.fr\/monde\/proche-orient\/israel-palestine\/guerre-entre-israel-et-le-hamas-ce-qu-il-faut-retenir-de-la-journee-du-lundi-6-mai_6529202.html\">chars isra\u00e9liens sont entr\u00e9s dans Rafah<\/a>, mardi 7 mai, dans le sud de la bande de Gaza. Cette<em>&nbsp;\u00ab\u00a0op\u00e9ration cibl\u00e9e de contreterrorisme\u00a0\u00bb&nbsp;<\/em>dans<em>&nbsp;\u00ab\u00a0des zones sp\u00e9cifiques\u00a0\u00bb<\/em>, selon Tel-Aviv, intervient quelques heures avant de nouveaux pourparlers au Caire (Egypte) pour tenter d&rsquo;infl\u00e9chir un accord de tr\u00eave entre l&rsquo;Etat h\u00e9breu et le mouvement islamiste palestinien au pouvoir dans l&rsquo;enclave. Elle a \u00e9t\u00e9 pr\u00e9c\u00e9d\u00e9e par d&rsquo;intenses bombardements nocturnes sur cette ville&nbsp;qui, selon l&rsquo;ONU, abrite au total 1,2 million de Palestiniens.<\/p>\n\n\n\n<p class=\"\">Somm\u00e9s lundi par l&rsquo;arm\u00e9e isra\u00e9lienne d&rsquo;\u00e9vacuer l&rsquo;est de Rafah, des milliers d&rsquo;hommes, de femmes et d&rsquo;enfants,&nbsp;<a href=\"https:\/\/www.francetvinfo.fr\/monde\/proche-orient\/israel-palestine\/temoignages-toute-la-bande-de-gaza-est-detruite-on-doit-aller-ou-a-rafah-les-refugies-a-nouveau-forces-d-evacuer_6530156.html\">pour beaucoup d\u00e9j\u00e0 d\u00e9plac\u00e9s par la guerre, ont fui \u00e0 la h\u00e2te.<\/a><\/p>\n\n\n\n<p class=\"\">L&rsquo;arm\u00e9e isra\u00e9lienne a par ailleurs annonc\u00e9 avoir pris<em>&nbsp;\u00ab\u00a0le contr\u00f4le op\u00e9rationnel\u00a0\u00bb<\/em>&nbsp;de la partie palestinienne du point de passage avec l&rsquo;Egypte, lequel permet l&rsquo;acc\u00e8s de l&rsquo;aide humanitaire dans la bande de Gaza. Une unit\u00e9 de blind\u00e9s&nbsp;<em>\u00ab\u00a0a man\u0153uvr\u00e9 dans la zone. A l&rsquo;instant pr\u00e9sent, des forces sp\u00e9ciales inspectent le point de passage\u00a0\u00bb<\/em>, a fait savoir l&rsquo;arm\u00e9e.&nbsp;<em>\u00ab\u00a0Nous avions des indices (&#8230;) mais aussi du renseignement, que la partie gazaouie du point de passage (&#8230;) \u00e9tait utilis\u00e9 par le Hamas \u00e0 des fins terroristes\u00a0\u00bb,<\/em>&nbsp;a-t-elle expliqu\u00e9.&nbsp;<\/p>\n\n\n\n<h2 class=\"wp-block-heading\">La fermeture de ce point de passage \u00ab\u00a0menace des millions de personnes de famine\u00a0\u00bb<\/h2>\n\n\n\n<p class=\"\">Dimanche, de roquettes tir\u00e9es par le Hamas contre le point de passage de Kerem Shalom entre Isra\u00ebl et Gaza, ont tu\u00e9 quatre soldats isra\u00e9liens, fermant cet autre point de passage \u00e0 l&rsquo;aide humanitaire. Mardi, la branche arm\u00e9e du Hamas a annonc\u00e9 avoir de nouveau tir\u00e9 des roquettes&nbsp;<em>\u00ab\u00a0sur un rassemblement de troupes<\/em>\u00a0\u00bb isra\u00e9liennes autour de Kerem Shalom.&nbsp;<\/p>\n\n\n\n<p class=\"\">Du c\u00f4t\u00e9 diplomatique, des voix se sont \u00e9lev\u00e9es mardi pour faire part de leurs inqui\u00e9tudes face \u00e0 cette op\u00e9ration sur Rafah.&nbsp;<em>\u00ab\u00a0Il doit y avoir une ligne rouge (&#8230;) la fermeture de la fronti\u00e8re<\/em>&nbsp;[avec l&rsquo;Egypte]&nbsp;<em>menace des millions de personnes de famine. Il est tr\u00e8s clair que le droit international n&rsquo;est plus respect\u00e9 \u00e0 Gaza\u00a0\u00bb,&nbsp;<\/em>a d\u00e9clar\u00e9 la ministre belge de la Coop\u00e9ration au D\u00e9veloppement, Caroline Gennez.&nbsp;<em>\u00ab\u00a0Il est important que nous donnions \u00e0 Isra\u00ebl un signal correct et unanime pour que la violence s&rsquo;arr\u00eate (&#8230;) Il faut s&rsquo;assurer que tous les instruments \u00e0 notre disposition soient sur la table, y compris des sanctions\u00a0\u00bb,<\/em>&nbsp;a-t-elle averti, avant une r\u00e9union avec ses homologues des Vingt-Sept \u00e0 Bruxelles.<\/p>\n","protected":false},"excerpt":{"rendered":"<p>Des&nbsp;chars isra\u00e9liens sont entr\u00e9s dans Rafah, mardi 7 mai, dans le sud de la bande de Gaza. Cette&nbsp;\u00ab\u00a0op\u00e9ration cibl\u00e9e de contreterrorisme\u00a0\u00bb&nbsp;dans&nbsp;\u00ab\u00a0des zones sp\u00e9cifiques\u00a0\u00bb, selon Tel-Aviv, intervient quelques heures avant de nouveaux pourparlers au Caire (Egypte) pour tenter d&rsquo;infl\u00e9chir un accord de tr\u00eave entre l&rsquo;Etat h\u00e9breu et le mouvement islamiste palestinien au pouvoir dans l&rsquo;enclave. Elle [&hellip;]<\/p>\n","protected":false},"author":2,"featured_media":28149,"comment_status":"open","ping_status":"open","sticky":false,"template":"","format":"standard","meta":{"_jetpack_memberships_contains_paid_content":false,"footnotes":"","jetpack_publicize_message":"","jetpack_publicize_feature_enabled":true,"jetpack_social_post_already_shared":true,"jetpack_social_options":{"image_generator_settings":{"template":"highway","default_image_id":0,"font":"","enabled":false},"version":2},"_wpas_customize_per_network":false},"categories":[405],"tags":[],"class_list":["post-28148","post","type-post","status-publish","format-standard","has-post-thumbnail","hentry","category-actu-france-monde"],"jetpack_publicize_connections":[],"jetpack_featured_media_url":"https:\/\/i0.wp.com\/www.iceagetv.com\/radiosite\/wp-content\/uploads\/2024\/05\/Guerre-entre-Israel-et-le-Hamas.jpg?fit=680%2C382&ssl=1","jetpack_sharing_enabled":true,"_links":{"self":[{"href":"https:\/\/www.iceagetv.com\/radiosite\/wp-json\/wp\/v2\/posts\/28148","targetHints":{"allow":["GET"]}}],"collection":[{"href":"https:\/\/www.iceagetv.com\/radiosite\/wp-json\/wp\/v2\/posts"}],"about":[{"href":"https:\/\/www.iceagetv.com\/radiosite\/wp-json\/wp\/v2\/types\/post"}],"author":[{"embeddable":true,"href":"https:\/\/www.iceagetv.com\/radiosite\/wp-json\/wp\/v2\/users\/2"}],"replies":[{"embeddable":true,"href":"https:\/\/www.iceagetv.com\/radiosite\/wp-json\/wp\/v2\/comments?post=28148"}],"version-history":[{"count":1,"href":"https:\/\/www.iceagetv.com\/radiosite\/wp-json\/wp\/v2\/posts\/28148\/revisions"}],"predecessor-version":[{"id":28150,"href":"https:\/\/www.iceagetv.com\/radiosite\/wp-json\/wp\/v2\/posts\/28148\/revisions\/28150"}],"wp:featuredmedia":[{"embeddable":true,"href":"https:\/\/www.iceagetv.com\/radiosite\/wp-json\/wp\/v2\/media\/28149"}],"wp:attachment":[{"href":"https:\/\/www.iceagetv.com\/radiosite\/wp-json\/wp\/v2\/media?parent=28148"}],"wp:term":[{"taxonomy":"category","embeddable":true,"href":"https:\/\/www.iceagetv.com\/radiosite\/wp-json\/wp\/v2\/categories?post=28148"},{"taxonomy":"post_tag","embeddable":true,"href":"https:\/\/www.iceagetv.com\/radiosite\/wp-json\/wp\/v2\/tags?post=28148"}],"curies":[{"name":"wp","href":"https:\/\/api.w.org\/{rel}","templated":true}]}}