{"id":28182,"date":"2024-05-10T15:01:33","date_gmt":"2024-05-10T15:01:33","guid":{"rendered":"https:\/\/www.iceagetv.com\/radiosite\/?p=28182"},"modified":"2024-05-10T15:01:33","modified_gmt":"2024-05-10T15:01:33","slug":"les-funerailles-du-presentateur-tele-et-ecrivain-bernard-pivot-auront-lieu-mardi-a-quincie-en-beaujolais-rhone-le-village-de-son-enfance-avant-un-hommage-prochain-a-paris","status":"publish","type":"post","link":"https:\/\/www.iceagetv.com\/radiosite\/les-funerailles-du-presentateur-tele-et-ecrivain-bernard-pivot-auront-lieu-mardi-a-quincie-en-beaujolais-rhone-le-village-de-son-enfance-avant-un-hommage-prochain-a-paris\/","title":{"rendered":"Les fun\u00e9railles du pr\u00e9sentateur t\u00e9l\u00e9 et \u00e9crivain Bernard Pivot auront lieu mardi \u00e0 Quinci\u00e9-en-Beaujolais (Rh\u00f4ne), le village de son enfance, avant un hommage prochain \u00e0 Paris"},"content":{"rendered":"\n<p class=\"\">Les fun\u00e9railles du pr\u00e9sentateur t\u00e9l\u00e9 et \u00e9crivain Bernard Pivot auront lieu mardi \u00e0 Quinci\u00e9-en-Beaujolais (Rh\u00f4ne), le village de son enfance, avant un hommage prochain \u00e0 Paris, a indiqu\u00e9 sa fille \u00e0 l&rsquo;AFP. La c\u00e9r\u00e9monie religieuse aura lieu \u00e0 14H30 dans la petite \u00e9glise du village dont l&rsquo;animateur d'\u00a0\u00bbApostrophes\u00a0\u00bb a \u00e9t\u00e9 conseiller municipal et o\u00f9 il poss\u00e9dait une maison. Bernard Pivot, d\u00e9c\u00e9d\u00e9 lundi \u00e0 89 ans, sera inhum\u00e9 dans la commune comme il le souhaitait.<\/p>\n\n\n\n<p class=\"\">\u00ab\u00a0Le vin et les livres sont les liens qui m&rsquo;attachent \u00e0 Quinci\u00e9\u00a0\u00bb et \u00ab\u00a0je sais qu&rsquo;une place m&rsquo;attend au cimeti\u00e8re dans la tombe de mes parents\u00a0\u00bb, avait-il d\u00e9clar\u00e9 en 2018 au quotidien r\u00e9gional Le Progr\u00e8s. La biblioth\u00e8que de Quinci\u00e9 porte son nom.<\/p>\n\n\n\n<p class=\"\">\u00ab\u00a0Deux fois par an, le maire prend sa voiture pour venir chercher plusieurs centaines de livres que je donne \u00e0 la biblioth\u00e8que\u00a0\u00bb, rapportait-il alors.<\/p>\n\n\n\n<p class=\"\">Le journaliste litt\u00e9raire donnait aussi chaque ann\u00e9e son nom \u00e0 une cuv\u00e9e de la cave coop\u00e9rative de Quinci\u00e9-en-Beaujolais.<\/p>\n\n\n\n<p class=\"\">\u00ab\u00a0J&rsquo;ai une relation charnelle avec le Beaujolais, une relation terrienne\u00a0\u00bb, avait-il aussi d\u00e9clar\u00e9 en 2016. Les hommages ont \u00e9t\u00e9 unanimes \u00e0 l&rsquo;annonce de sa mort.<\/p>\n\n\n\n<p class=\"\">Le pr\u00e9sident de la R\u00e9publique Emmanuel Macron a estim\u00e9 qu&rsquo;il \u00ab\u00a0restera ce passeur, populaire et exigeant, cher au coeur des Fran\u00e7ais\u00a0\u00bb. La date et les modalit\u00e9s d&rsquo;une c\u00e9r\u00e9monie \u00e0 Paris n&rsquo;ont pas encore \u00e9t\u00e9 fix\u00e9es.<\/p>\n","protected":false},"excerpt":{"rendered":"<p>Les fun\u00e9railles du pr\u00e9sentateur t\u00e9l\u00e9 et \u00e9crivain Bernard Pivot auront lieu mardi \u00e0 Quinci\u00e9-en-Beaujolais (Rh\u00f4ne), le village de son enfance, avant un hommage prochain \u00e0 Paris, a indiqu\u00e9 sa fille \u00e0 l&rsquo;AFP. La c\u00e9r\u00e9monie religieuse aura lieu \u00e0 14H30 dans la petite \u00e9glise du village dont l&rsquo;animateur d&rsquo;\u00a0\u00bbApostrophes\u00a0\u00bb a \u00e9t\u00e9 conseiller municipal et o\u00f9 il [&hellip;]<\/p>\n","protected":false},"author":2,"featured_media":28183,"comment_status":"open","ping_status":"open","sticky":false,"template":"","format":"standard","meta":{"_jetpack_memberships_contains_paid_content":false,"footnotes":"","jetpack_publicize_message":"","jetpack_publicize_feature_enabled":true,"jetpack_social_post_already_shared":true,"jetpack_social_options":{"image_generator_settings":{"template":"highway","default_image_id":0,"font":"","enabled":false},"version":2},"_wpas_customize_per_network":false},"categories":[68],"tags":[],"class_list":["post-28182","post","type-post","status-publish","format-standard","has-post-thumbnail","hentry","category-actu-culturelle"],"jetpack_publicize_connections":[],"jetpack_featured_media_url":"https:\/\/i0.wp.com\/www.iceagetv.com\/radiosite\/wp-content\/uploads\/2024\/05\/Les-funerailles-du-presentateur-tele-et-ecrivain-Bernard-Pivot.jpg?fit=679%2C293&ssl=1","jetpack_sharing_enabled":true,"_links":{"self":[{"href":"https:\/\/www.iceagetv.com\/radiosite\/wp-json\/wp\/v2\/posts\/28182","targetHints":{"allow":["GET"]}}],"collection":[{"href":"https:\/\/www.iceagetv.com\/radiosite\/wp-json\/wp\/v2\/posts"}],"about":[{"href":"https:\/\/www.iceagetv.com\/radiosite\/wp-json\/wp\/v2\/types\/post"}],"author":[{"embeddable":true,"href":"https:\/\/www.iceagetv.com\/radiosite\/wp-json\/wp\/v2\/users\/2"}],"replies":[{"embeddable":true,"href":"https:\/\/www.iceagetv.com\/radiosite\/wp-json\/wp\/v2\/comments?post=28182"}],"version-history":[{"count":1,"href":"https:\/\/www.iceagetv.com\/radiosite\/wp-json\/wp\/v2\/posts\/28182\/revisions"}],"predecessor-version":[{"id":28184,"href":"https:\/\/www.iceagetv.com\/radiosite\/wp-json\/wp\/v2\/posts\/28182\/revisions\/28184"}],"wp:featuredmedia":[{"embeddable":true,"href":"https:\/\/www.iceagetv.com\/radiosite\/wp-json\/wp\/v2\/media\/28183"}],"wp:attachment":[{"href":"https:\/\/www.iceagetv.com\/radiosite\/wp-json\/wp\/v2\/media?parent=28182"}],"wp:term":[{"taxonomy":"category","embeddable":true,"href":"https:\/\/www.iceagetv.com\/radiosite\/wp-json\/wp\/v2\/categories?post=28182"},{"taxonomy":"post_tag","embeddable":true,"href":"https:\/\/www.iceagetv.com\/radiosite\/wp-json\/wp\/v2\/tags?post=28182"}],"curies":[{"name":"wp","href":"https:\/\/api.w.org\/{rel}","templated":true}]}}