{"id":28213,"date":"2024-05-13T11:54:15","date_gmt":"2024-05-13T11:54:15","guid":{"rendered":"https:\/\/www.iceagetv.com\/radiosite\/?p=28213"},"modified":"2024-05-13T11:54:15","modified_gmt":"2024-05-13T11:54:15","slug":"les-deputes-donnent-le-coup-denvoi-de-lexamen-du-projet-de-loi-sur-la-fin-de-vie-qui-prevoit-douvrir-pour-la-premiere-fois-en-france-une-aide-a-mourir-pour-certains-patients","status":"publish","type":"post","link":"https:\/\/www.iceagetv.com\/radiosite\/les-deputes-donnent-le-coup-denvoi-de-lexamen-du-projet-de-loi-sur-la-fin-de-vie-qui-prevoit-douvrir-pour-la-premiere-fois-en-france-une-aide-a-mourir-pour-certains-patients\/","title":{"rendered":"Les d\u00e9put\u00e9s donnent le coup d&rsquo;envoi de l&rsquo;examen du projet de loi sur la fin de vie qui pr\u00e9voit d&rsquo;ouvrir pour la premi\u00e8re fois en France une \u00ab\u00a0aide \u00e0 mourir\u00a0\u00bb pour certains patients"},"content":{"rendered":"\n<p class=\"\">Les d\u00e9put\u00e9s donnent le coup d&rsquo;envoi de l&rsquo;examen du projet de loi sur la fin de vie, qui pr\u00e9voit d&rsquo;ouvrir pour la premi\u00e8re fois en France une \u00ab\u00a0aide \u00e0 mourir\u00a0\u00bb pour certains patients, une r\u00e9forme soci\u00e9tale attendue mais aussi source d&rsquo;inqui\u00e9tudes.<\/p>\n\n\n\n<p class=\"\">Les 71 membres de la commission sp\u00e9ciale de l&rsquo;Assembl\u00e9e nationale vont se pencher pendant une semaine sur les quelque 1.900 amendements d\u00e9pos\u00e9s par des \u00e9lus de tous bords pour modifier le texte gouvernemental, en pr\u00e9lude \u00e0 son arriv\u00e9e le 27 mai dans l&rsquo;h\u00e9micycle.<\/p>\n\n\n\n<p class=\"\">Apr\u00e8s avoir men\u00e9 un cycle d&rsquo;auditions, ils lanceront ainsi \u00e0 16H00 un marathon parlementaire qui pourrait durer au moins jusqu&rsquo;\u00e0 l&rsquo;\u00e9t\u00e9 2025, estime-t-on du c\u00f4t\u00e9 de l&rsquo;ex\u00e9cutif, en fonction du nombre d&rsquo;allers-retours n\u00e9cessaires avec le S\u00e9nat.<\/p>\n\n\n\n<p class=\"\">\u00ab\u00a0Je pense que nous sommes pr\u00eats\u00a0\u00bb, a estim\u00e9 la ministre de la Sant\u00e9 Catherine Vautrin jeudi dans Sud-Ouest, louant un \u00ab\u00a0texte \u00e9quilibr\u00e9\u00a0\u00bb qui \u00ab\u00a0a fait l&rsquo;objet d&rsquo;une convention citoyenne, de beaucoup de travaux pr\u00e9alables\u00a0\u00bb.<\/p>\n\n\n\n<p class=\"\">Son volet le plus sensible instaure la possibilit\u00e9 pour certains patients de demander \u00e0 un m\u00e9decin d&rsquo;\u00eatre aid\u00e9s \u00e0 se suicider, via une substance l\u00e9tale qu&rsquo;ils s&rsquo;administreraient eux-m\u00eames, ou qu&rsquo;un tiers pourrait leur administrer s&rsquo;ils ne peuvent pas le faire<\/p>\n","protected":false},"excerpt":{"rendered":"<p>Les d\u00e9put\u00e9s donnent le coup d&rsquo;envoi de l&rsquo;examen du projet de loi sur la fin de vie, qui pr\u00e9voit d&rsquo;ouvrir pour la premi\u00e8re fois en France une \u00ab\u00a0aide \u00e0 mourir\u00a0\u00bb pour certains patients, une r\u00e9forme soci\u00e9tale attendue mais aussi source d&rsquo;inqui\u00e9tudes. Les 71 membres de la commission sp\u00e9ciale de l&rsquo;Assembl\u00e9e nationale vont se pencher pendant [&hellip;]<\/p>\n","protected":false},"author":2,"featured_media":28214,"comment_status":"open","ping_status":"open","sticky":false,"template":"","format":"standard","meta":{"_jetpack_memberships_contains_paid_content":false,"footnotes":"","jetpack_publicize_message":"","jetpack_publicize_feature_enabled":true,"jetpack_social_post_already_shared":true,"jetpack_social_options":{"image_generator_settings":{"template":"highway","default_image_id":0,"font":"","enabled":false},"version":2},"_wpas_customize_per_network":false},"categories":[405],"tags":[],"class_list":["post-28213","post","type-post","status-publish","format-standard","has-post-thumbnail","hentry","category-actu-france-monde"],"jetpack_publicize_connections":[],"jetpack_featured_media_url":"https:\/\/i0.wp.com\/www.iceagetv.com\/radiosite\/wp-content\/uploads\/2024\/05\/Les-deputes-donnent-le-coup-denvoi-de-lexamen-du-projet-de-loi-sur-la-fin-de-vie.jpg?fit=679%2C293&ssl=1","jetpack_sharing_enabled":true,"_links":{"self":[{"href":"https:\/\/www.iceagetv.com\/radiosite\/wp-json\/wp\/v2\/posts\/28213","targetHints":{"allow":["GET"]}}],"collection":[{"href":"https:\/\/www.iceagetv.com\/radiosite\/wp-json\/wp\/v2\/posts"}],"about":[{"href":"https:\/\/www.iceagetv.com\/radiosite\/wp-json\/wp\/v2\/types\/post"}],"author":[{"embeddable":true,"href":"https:\/\/www.iceagetv.com\/radiosite\/wp-json\/wp\/v2\/users\/2"}],"replies":[{"embeddable":true,"href":"https:\/\/www.iceagetv.com\/radiosite\/wp-json\/wp\/v2\/comments?post=28213"}],"version-history":[{"count":1,"href":"https:\/\/www.iceagetv.com\/radiosite\/wp-json\/wp\/v2\/posts\/28213\/revisions"}],"predecessor-version":[{"id":28215,"href":"https:\/\/www.iceagetv.com\/radiosite\/wp-json\/wp\/v2\/posts\/28213\/revisions\/28215"}],"wp:featuredmedia":[{"embeddable":true,"href":"https:\/\/www.iceagetv.com\/radiosite\/wp-json\/wp\/v2\/media\/28214"}],"wp:attachment":[{"href":"https:\/\/www.iceagetv.com\/radiosite\/wp-json\/wp\/v2\/media?parent=28213"}],"wp:term":[{"taxonomy":"category","embeddable":true,"href":"https:\/\/www.iceagetv.com\/radiosite\/wp-json\/wp\/v2\/categories?post=28213"},{"taxonomy":"post_tag","embeddable":true,"href":"https:\/\/www.iceagetv.com\/radiosite\/wp-json\/wp\/v2\/tags?post=28213"}],"curies":[{"name":"wp","href":"https:\/\/api.w.org\/{rel}","templated":true}]}}