{"id":28219,"date":"2024-05-13T18:35:03","date_gmt":"2024-05-13T18:35:03","guid":{"rendered":"https:\/\/www.iceagetv.com\/radiosite\/?p=28219"},"modified":"2024-05-13T18:35:03","modified_gmt":"2024-05-13T18:35:03","slug":"proces-de-laccident-du-tgv-est-un-an-de-prison-avec-sursis-requis-contre-le-conducteur-de-la-rame-400-000-euros-damende-requis-contre-la-sncf","status":"publish","type":"post","link":"https:\/\/www.iceagetv.com\/radiosite\/proces-de-laccident-du-tgv-est-un-an-de-prison-avec-sursis-requis-contre-le-conducteur-de-la-rame-400-000-euros-damende-requis-contre-la-sncf\/","title":{"rendered":"Proc\u00e8s de l&rsquo;accident du TGV Est\u00a0: un an de prison avec sursis requis contre le conducteur de la rame, 400\u00a0000 euros d&rsquo;amende requis contre la SNCF"},"content":{"rendered":"\n<p class=\"\">Le procureur a requis un an de prison avec sursis contre le conducteur de la rame pour homicides et blessures involontaires. Le m\u00eame motif a \u00e9t\u00e9 invoqu\u00e9 contre la SNCF. Il y avait eu onze morts dans l\u2019accident d\u2019un TGV d\u2019essai qui circulait vers Strasbourg.Alors que le proc\u00e8s du\u00a0<a href=\"https:\/\/www.francetvinfo.fr\/faits-divers\/accident\/deraillement-d-un-tgv-en-alsace\/proces-du-deraillement-d-un-tgv-en-2015-en-alsace-encore-aujourd-hui-j-ai-la-chair-de-poule-raconte-le-premier-temoin-du-drame_6401665.html\">d\u00e9raillement de la rame d&rsquo;essai du TGV Est<\/a>\u00a0entre dans sa derni\u00e8re semaine, le procureur a requis un an de prison avec sursis contre le conducteur de la rame pour homicides et blessures involontaires par maladresse, imprudence, n\u00e9gligence ou manquement \u00e0 une obligation de s\u00e9curit\u00e9, indique un journaliste de\u00a0<a href=\"https:\/\/www.francebleu.fr\/infos\/faits-divers-justice\/deraillement-d-un-tgv-en-alsace-un-an-prison-requis-contre-le-conducteur-400-000-euros-d-amende-contre-la-sncf-4493748\">France Bleu Alsace<\/a>\u00a0pr\u00e9sent \u00e0 l&rsquo;audience. Contre le cadre traction pr\u00e9sent dans la rame le jour de l&rsquo;accident, le procureur a requis deux ans d&#8217;emprisonnement avec sursis. Le procureur n&rsquo;a pas requis de condamnation pour le pilote traction, car il a\u00a0<em>\u00ab\u00a0un doute\u00a0\u00bb<\/em>\u00a0sur sa responsabilit\u00e9.<\/p>\n\n\n\n<p class=\"\">Pour les personnes morales, le procureur a requis contre la SNCF, en r\u00e9cidive, deux fois 200&nbsp;000 euros d&rsquo;amende, soit 400&nbsp;000 euros d&rsquo;amende pour homicides et blessures involontaires par maladresse, imprudence, n\u00e9gligence ou manquement \u00e0 une obligation de s\u00e9curit\u00e9. 225&nbsp;000 euros d&rsquo;amende ont \u00e9t\u00e9 requis contre la Systra, en charge des essais, soit le maximum possible. Enfin, contre SNCF R\u00e9seau, le procureur a requis 300&nbsp;000 euros d&rsquo;amende.<\/p>\n\n\n\n<p class=\"\">Avant de livrer ses r\u00e9quisitions, le procureur s&rsquo;est adress\u00e9 ce lundi apr\u00e8s-midi aux proches des victimes pr\u00e9sents dans la salle.&nbsp;<em>\u00ab\u00a0La gravit\u00e9 du trouble ne se mesure pas \u00e0 l&rsquo;aune de l&rsquo;impact m\u00e9diatique\u00a0\u00bb<\/em>, a-t-il insist\u00e9. Survenu au lendemain des attentats meurtriers du 13-Novembre, l&rsquo;accident de cette rame, qui effectuait des essais sur l&rsquo;ultime portion de la ligne \u00e0 grande vitesse entre Paris et Strasbourg avant son ouverture au public, a caus\u00e9 la mort de 11 personnes et faits 42 bless\u00e9s.<\/p>\n\n\n\n<p class=\"\">L&rsquo;enqu\u00eate a \u00e9tabli que le d\u00e9raillement du TGV, qui transportait 53 personnes dont 35 invit\u00e9s, \u00e9tait d\u00fb \u00e0 sa vitesse excessive et son freinage tardif. Le train a abord\u00e9 une courbe \u00e0 265 km\/h, bien au-dessus des 176 km\/h pr\u00e9vus \u00e0 cet endroit.<\/p>\n","protected":false},"excerpt":{"rendered":"<p>Le procureur a requis un an de prison avec sursis contre le conducteur de la rame pour homicides et blessures involontaires. Le m\u00eame motif a \u00e9t\u00e9 invoqu\u00e9 contre la SNCF. Il y avait eu onze morts dans l\u2019accident d\u2019un TGV d\u2019essai qui circulait vers Strasbourg.Alors que le proc\u00e8s du\u00a0d\u00e9raillement de la rame d&rsquo;essai du TGV [&hellip;]<\/p>\n","protected":false},"author":2,"featured_media":28220,"comment_status":"open","ping_status":"open","sticky":false,"template":"","format":"standard","meta":{"_jetpack_memberships_contains_paid_content":false,"footnotes":"","jetpack_publicize_message":"","jetpack_publicize_feature_enabled":true,"jetpack_social_post_already_shared":true,"jetpack_social_options":{"image_generator_settings":{"template":"highway","default_image_id":0,"font":"","enabled":false},"version":2},"_wpas_customize_per_network":false},"categories":[405],"tags":[],"class_list":["post-28219","post","type-post","status-publish","format-standard","has-post-thumbnail","hentry","category-actu-france-monde"],"jetpack_publicize_connections":[],"jetpack_featured_media_url":"https:\/\/i0.wp.com\/www.iceagetv.com\/radiosite\/wp-content\/uploads\/2024\/05\/Proces-de-laccident-du-TGV-Est-.jpg?fit=842%2C495&ssl=1","jetpack_sharing_enabled":true,"_links":{"self":[{"href":"https:\/\/www.iceagetv.com\/radiosite\/wp-json\/wp\/v2\/posts\/28219","targetHints":{"allow":["GET"]}}],"collection":[{"href":"https:\/\/www.iceagetv.com\/radiosite\/wp-json\/wp\/v2\/posts"}],"about":[{"href":"https:\/\/www.iceagetv.com\/radiosite\/wp-json\/wp\/v2\/types\/post"}],"author":[{"embeddable":true,"href":"https:\/\/www.iceagetv.com\/radiosite\/wp-json\/wp\/v2\/users\/2"}],"replies":[{"embeddable":true,"href":"https:\/\/www.iceagetv.com\/radiosite\/wp-json\/wp\/v2\/comments?post=28219"}],"version-history":[{"count":1,"href":"https:\/\/www.iceagetv.com\/radiosite\/wp-json\/wp\/v2\/posts\/28219\/revisions"}],"predecessor-version":[{"id":28221,"href":"https:\/\/www.iceagetv.com\/radiosite\/wp-json\/wp\/v2\/posts\/28219\/revisions\/28221"}],"wp:featuredmedia":[{"embeddable":true,"href":"https:\/\/www.iceagetv.com\/radiosite\/wp-json\/wp\/v2\/media\/28220"}],"wp:attachment":[{"href":"https:\/\/www.iceagetv.com\/radiosite\/wp-json\/wp\/v2\/media?parent=28219"}],"wp:term":[{"taxonomy":"category","embeddable":true,"href":"https:\/\/www.iceagetv.com\/radiosite\/wp-json\/wp\/v2\/categories?post=28219"},{"taxonomy":"post_tag","embeddable":true,"href":"https:\/\/www.iceagetv.com\/radiosite\/wp-json\/wp\/v2\/tags?post=28219"}],"curies":[{"name":"wp","href":"https:\/\/api.w.org\/{rel}","templated":true}]}}