{"id":28228,"date":"2024-05-14T18:42:06","date_gmt":"2024-05-14T18:42:06","guid":{"rendered":"https:\/\/www.iceagetv.com\/radiosite\/?p=28228"},"modified":"2024-05-14T18:42:06","modified_gmt":"2024-05-14T18:42:06","slug":"un-compagnon-formidable-bernard-pivot-enterre-a-quincie-en-beaujolais-le-monde-de-la-litterature-lui-rend-hommage","status":"publish","type":"post","link":"https:\/\/www.iceagetv.com\/radiosite\/un-compagnon-formidable-bernard-pivot-enterre-a-quincie-en-beaujolais-le-monde-de-la-litterature-lui-rend-hommage\/","title":{"rendered":"UN COMPAGNON FORMIDABLE\u00a0\u00bb: BERNARD PIVOT ENTERR\u00c9 \u00c0 QUINCI\u00c9-EN-BEAUJOLAIS, LE MONDE DE LA LITT\u00c9RATURE LUI REND HOMMAGE"},"content":{"rendered":"\n<p class=\"\">Les obs\u00e8ques du journaliste et \u00e9crivain ont eu lieu ce mardi 14 mai en l&rsquo;\u00e9glise de Quinci\u00e9-en-Beaujolais, o\u00f9 il a v\u00e9cu une partie de son enfance. De nombreux habitants et \u00e9lus de la commune, mais aussi des repr\u00e9sentants du monde de la litt\u00e9rature sont venus rendre hommage \u00e0 Bernard Pivot.<\/p>\n\n\n\n<p class=\"\">Un homme qui sera rest\u00e9, jusqu&rsquo;\u00e0 la fin, \u00ab\u00a0simple\u00a0\u00bb. Les&nbsp;<a href=\"https:\/\/www.bfmtv.com\/culture\/mort-de-bernard-pivot_AD-202405060558.html\">obs\u00e8ques de Benard Pivot<\/a>&nbsp;ont eu lieu ce mardi 14 mai \u00e0&nbsp;<a href=\"https:\/\/www.bfmtv.com\/lyon\/bernard-pivot-va-etre-enterre-avec-ses-parents-a-quincie-en-beaujolais_AN-202405070666.html\">Quinci\u00e9-en-Beaujolais<\/a>&nbsp;(Rh\u00f4ne), petite commune dans laquelle il a pass\u00e9 une partie de son enfance, sa famille ayant fui Lyon pendant la guerre.<\/p>\n\n\n\n<p class=\"\">Une commune o\u00f9 il a laiss\u00e9 sa trace, donn\u00e9 son nom \u00e0 la biblioth\u00e8que \u00e0 laquelle il donnait plusieurs fois par an des centaines de livres, et o\u00f9 une cuv\u00e9e de vin porte chaque ann\u00e9e son nom.<\/p>\n\n\n\n<p class=\"\">Si on le connaissait en tant que journaliste et homme de lettres, \u00e0 la pr\u00e9sentation d&rsquo;\u00e9missions litt\u00e9raires telles qu&rsquo;Apostrophes, qu&rsquo;il a tenue pendant 15 ans, il est rest\u00e9 \u00ab\u00a0Bernard\u00a0\u00bb pour beaucoup dans ce village du Beaujolais.<\/p>\n\n\n\n<p class=\"\">\u00ab\u00a0Il repr\u00e9sentait quelqu&rsquo;un de simple, qui avait su devenir c\u00e9l\u00e8bre par son travail, par sa pers\u00e9v\u00e9rance, par sa culture\u00a0\u00bb, relate Richard Saint-Didier, conseiller municipal de Quinci\u00e9-en-Beaujolais, au micro de BFM Lyon.<\/p>\n\n\n\n<h2 class=\"wp-block-heading\" id=\"amcs2\">Des obs\u00e8ques \u00ab\u00a0\u00e0 l&rsquo;image de sa personnalit\u00e9\u00a0\u00bb<\/h2>\n\n\n\n<p class=\"\">Si l&rsquo;\u00e9glise de Quinci\u00e9-en-Beaujolais a pu accueillir plusieurs centaines de personnes pour la c\u00e9r\u00e9monie, qui a m\u00eame \u00e9t\u00e9 retransmise via des haut-parleurs install\u00e9s sur le parvis, c&rsquo;est tout de m\u00eame dans l&rsquo;intimit\u00e9 que les proches de Bernard Pivot lui ont fait leurs derniers adieux, au cours d&rsquo;une c\u00e9r\u00e9monie imagin\u00e9e par l&rsquo;homme de lettres lui-m\u00eame.<\/p>\n\n\n\n<p class=\"\">Des textes \u00e0 la musique,&nbsp;<a href=\"https:\/\/www.bfmtv.com\/people\/quand-pivot-plaisantait-sur-sa-propre-disparition_AN-202405060785.html\">il avait tout choisi<\/a>. Seule sa famille, notamment ses deux filles, ont pris la parole pour lire un texte \u00e9crit par Bernard Pivot, se terminant sur les mots \u00ab\u00a0merci Quinci\u00e9\u00a0\u00bb.<\/p>\n\n\n\n<p class=\"\">\u00ab\u00a0Ses obs\u00e8ques ont \u00e9t\u00e9 \u00e0 l&rsquo;image de sa personnalit\u00e9: quelqu&rsquo;un qui avait de la r\u00e9serve, du recul, et pourtant beaucoup d&rsquo;\u00e9motions. Je sentais m\u00eame beaucoup d&rsquo;amour, de la vraie amiti\u00e9\u00a0\u00bb, d\u00e9clare P\u00e9rico L\u00e9gasse, critique gastronomique avec lequel Bernard Pivot avait fond\u00e9 le Comit\u00e9 de d\u00e9fense du Beaujolais en 2009.<\/p>\n\n\n\n<p class=\"\">Son&nbsp;<a href=\"https:\/\/www.bfmtv.com\/lyon\/fresque-des-lyonnais-beaujolais-bernard-pivot-un-homme-de-lettres-ancre-dans-le-rhone_AV-202405060919.html\">attachement \u00e0 la r\u00e9gion,<\/a>&nbsp;\u00e0 son patrimoine viticole et en particuli\u00e8re \u00e0 la commune de Quinci\u00e9-en-Beaujolais, o\u00f9 il y a \u00e9t\u00e9 conseiller municipal de 1977 \u00e0 1983, a \u00e9galement marqu\u00e9 les esprits.<\/p>\n\n\n\n<p class=\"\">\u00ab\u00a0Il y a une \u00e2me locale, une \u00e2me de territoire, et il en faisait partie\u00a0\u00bb, estime Christophe Guilloteau, pr\u00e9sident du d\u00e9partement du Rh\u00f4ne. \u00ab\u00a0C&rsquo;\u00e9tait quelqu&rsquo;un d&rsquo;ici, du cru, comme on dit.\u00a0\u00bb<\/p>\n\n\n\n<h2 class=\"wp-block-heading\" id=\"55fg7\">Brigitte Macron lui rend hommage<\/h2>\n\n\n\n<p class=\"\">Aucune figure officielle n&rsquo;a pris la parole au cours de la c\u00e9r\u00e9monie, mais elles \u00e9taient toutefois bien pr\u00e9sentes: d\u00e9put\u00e9s du Rh\u00f4ne, maires et \u00e9lus locaux venus faire leurs adieux \u00e0 un homme qui a \u00e9t\u00e9 une figure du Beaujolais.<\/p>\n\n\n\n<p class=\"\">\u00ab\u00a0C&rsquo;\u00e9tait une personnalit\u00e9 extr\u00eamement appr\u00e9ci\u00e9e dans le Beaujolais. Au fond, si on est nombreux, c&rsquo;est parce qu&rsquo;on voulait lui dire merci\u00a0\u00bb, affirme Alexandre Portier, d\u00e9put\u00e9 du Rh\u00f4ne. \u00ab\u00a0Merci pour son engagement, merci d&rsquo;avoir fait rayonner notre territoire.\u00a0\u00bb<\/p>\n","protected":false},"excerpt":{"rendered":"<p>Les obs\u00e8ques du journaliste et \u00e9crivain ont eu lieu ce mardi 14 mai en l&rsquo;\u00e9glise de Quinci\u00e9-en-Beaujolais, o\u00f9 il a v\u00e9cu une partie de son enfance. De nombreux habitants et \u00e9lus de la commune, mais aussi des repr\u00e9sentants du monde de la litt\u00e9rature sont venus rendre hommage \u00e0 Bernard Pivot. Un homme qui sera rest\u00e9, [&hellip;]<\/p>\n","protected":false},"author":2,"featured_media":28229,"comment_status":"open","ping_status":"open","sticky":false,"template":"","format":"standard","meta":{"_jetpack_memberships_contains_paid_content":false,"footnotes":"","jetpack_publicize_message":"","jetpack_publicize_feature_enabled":true,"jetpack_social_post_already_shared":true,"jetpack_social_options":{"image_generator_settings":{"template":"highway","default_image_id":0,"font":"","enabled":false},"version":2},"_wpas_customize_per_network":false},"categories":[405],"tags":[],"class_list":["post-28228","post","type-post","status-publish","format-standard","has-post-thumbnail","hentry","category-actu-france-monde"],"jetpack_publicize_connections":[],"jetpack_featured_media_url":"https:\/\/i0.wp.com\/www.iceagetv.com\/radiosite\/wp-content\/uploads\/2024\/05\/BERNARD-PIVOT-ENTERRE-A-QUINCIE-EN-BEAUJOLAIS.jpg?fit=680%2C383&ssl=1","jetpack_sharing_enabled":true,"_links":{"self":[{"href":"https:\/\/www.iceagetv.com\/radiosite\/wp-json\/wp\/v2\/posts\/28228","targetHints":{"allow":["GET"]}}],"collection":[{"href":"https:\/\/www.iceagetv.com\/radiosite\/wp-json\/wp\/v2\/posts"}],"about":[{"href":"https:\/\/www.iceagetv.com\/radiosite\/wp-json\/wp\/v2\/types\/post"}],"author":[{"embeddable":true,"href":"https:\/\/www.iceagetv.com\/radiosite\/wp-json\/wp\/v2\/users\/2"}],"replies":[{"embeddable":true,"href":"https:\/\/www.iceagetv.com\/radiosite\/wp-json\/wp\/v2\/comments?post=28228"}],"version-history":[{"count":1,"href":"https:\/\/www.iceagetv.com\/radiosite\/wp-json\/wp\/v2\/posts\/28228\/revisions"}],"predecessor-version":[{"id":28230,"href":"https:\/\/www.iceagetv.com\/radiosite\/wp-json\/wp\/v2\/posts\/28228\/revisions\/28230"}],"wp:featuredmedia":[{"embeddable":true,"href":"https:\/\/www.iceagetv.com\/radiosite\/wp-json\/wp\/v2\/media\/28229"}],"wp:attachment":[{"href":"https:\/\/www.iceagetv.com\/radiosite\/wp-json\/wp\/v2\/media?parent=28228"}],"wp:term":[{"taxonomy":"category","embeddable":true,"href":"https:\/\/www.iceagetv.com\/radiosite\/wp-json\/wp\/v2\/categories?post=28228"},{"taxonomy":"post_tag","embeddable":true,"href":"https:\/\/www.iceagetv.com\/radiosite\/wp-json\/wp\/v2\/tags?post=28228"}],"curies":[{"name":"wp","href":"https:\/\/api.w.org\/{rel}","templated":true}]}}