{"id":28235,"date":"2024-05-15T06:42:17","date_gmt":"2024-05-15T06:42:17","guid":{"rendered":"https:\/\/www.iceagetv.com\/radiosite\/?p=28235"},"modified":"2024-05-15T06:42:17","modified_gmt":"2024-05-15T06:42:17","slug":"fourgon-penitentiaire-attaque-darmanin-assure-que-des-moyens-sans-precedents-ont-ete-mis-en-place","status":"publish","type":"post","link":"https:\/\/www.iceagetv.com\/radiosite\/fourgon-penitentiaire-attaque-darmanin-assure-que-des-moyens-sans-precedents-ont-ete-mis-en-place\/","title":{"rendered":"FOURGON P\u00c9NITENTIAIRE ATTAQU\u00c9: DARMANIN ASSURE QUE DES MOYENS \u00ab\u00a0SANS PR\u00c9C\u00c9DENTS\u00a0\u00bb ONT \u00c9T\u00c9 MIS EN PLACE"},"content":{"rendered":"\n<p class=\"\">Le ministre de l&rsquo;Int\u00e9rieur et des Outre-mer a d\u00e9taill\u00e9 que, pour la journ\u00e9e de mardi, 450 policiers et gendarmes ont \u00e9t\u00e9 mobilis\u00e9s rien que pour le d\u00e9partement de l&rsquo;Eure.<\/p>\n\n\n\n<p class=\"\">Une \u00e9motion encore tr\u00e8s forte, moins de 24 heures apr\u00e8s les faits. Invit\u00e9 sur RTL ce mercredi 15 mai, le ministre de l&rsquo;Int\u00e9rieur et des Outre-mer, G\u00e9rald Darmanin, est longuement revenu sur&nbsp;<a href=\"https:\/\/www.bfmtv.com\/normandie\/eure\/direct-agents-penitentiaires-tues-dans-l-eure-journee-prisons-mortes-annoncee-en-france_LN-202405150050.html\">l&rsquo;attaque du fourgon p\u00e9nitentiaire qui a co\u00fbt\u00e9 la vie \u00e0 deux agents<\/a>&nbsp;et permis l&rsquo;\u00e9vasion d&rsquo;<a href=\"https:\/\/www.bfmtv.com\/normandie\/eure\/info-bfmtv-fourgon-penitentiaire-attaque-dans-l-eure-le-commando-a-utilise-un-vehicule-vole_AV-202405150049.html\">un d\u00e9tenu nomm\u00e9 Mohamed Amra<\/a>. Trois autres agents ont \u00e9t\u00e9 gri\u00e8vement bless\u00e9s lors de la fusillade.<\/p>\n\n\n\n<p class=\"\">\u00ab\u00a0Tout le monde est extr\u00eamement choqu\u00e9 par la violence de cette attaque\u00a0\u00bb, a d&rsquo;abord d\u00e9clar\u00e9 le ministre avant de pr\u00e9senter une nouvelle fois ses condol\u00e9ances aux familles et proches des deux victimes.<\/p>\n\n\n\n<p class=\"\">Puis, G\u00e9rald Darmanin l&rsquo;a assur\u00e9, des moyens \u00ab\u00a0sans pr\u00e9c\u00e9dents\u00a0\u00bb ont \u00e9t\u00e9 mis en place pour retrouver non seulement la personne qui s\u2019est \u00e9vad\u00e9e qui est un criminel, mais pour retrouver le gang qui l\u2019a lib\u00e9r\u00e9 dans des conditions ignobles.\u00a0\u00bb<\/p>\n\n\n\n<blockquote class=\"wp-block-quote is-layout-flow wp-block-quote-is-layout-flow\">\n<p class=\"\">\u00ab\u00a0Je peux vous dire que des moyens de police et de gendarmerie, mais aussi des moyens de coop\u00e9ration internationale et de police judiciaire sans pr\u00e9c\u00e9dents ont \u00e9t\u00e9 mis en place \u00e0 la demande du pr\u00e9sident de la R\u00e9publique\u00a0\u00bb, d\u00e9veloppe-t-il encore.<\/p>\n<\/blockquote>\n","protected":false},"excerpt":{"rendered":"<p>Le ministre de l&rsquo;Int\u00e9rieur et des Outre-mer a d\u00e9taill\u00e9 que, pour la journ\u00e9e de mardi, 450 policiers et gendarmes ont \u00e9t\u00e9 mobilis\u00e9s rien que pour le d\u00e9partement de l&rsquo;Eure. Une \u00e9motion encore tr\u00e8s forte, moins de 24 heures apr\u00e8s les faits. Invit\u00e9 sur RTL ce mercredi 15 mai, le ministre de l&rsquo;Int\u00e9rieur et des Outre-mer, [&hellip;]<\/p>\n","protected":false},"author":2,"featured_media":28236,"comment_status":"open","ping_status":"open","sticky":false,"template":"","format":"standard","meta":{"_jetpack_memberships_contains_paid_content":false,"footnotes":"","jetpack_publicize_message":"","jetpack_publicize_feature_enabled":true,"jetpack_social_post_already_shared":true,"jetpack_social_options":{"image_generator_settings":{"template":"highway","default_image_id":0,"font":"","enabled":false},"version":2},"_wpas_customize_per_network":false},"categories":[405],"tags":[],"class_list":["post-28235","post","type-post","status-publish","format-standard","has-post-thumbnail","hentry","category-actu-france-monde"],"jetpack_publicize_connections":[],"jetpack_featured_media_url":"https:\/\/i0.wp.com\/www.iceagetv.com\/radiosite\/wp-content\/uploads\/2024\/05\/FOURGON-PENITENTIAIRE-ATTAQUE-DARMANIN-ASSURE-QUE-DES-MOYENS-SANS-PRECEDENTS-ONT-ETE-MIS-EN-PLACE.jpg?fit=800%2C450&ssl=1","jetpack_sharing_enabled":true,"_links":{"self":[{"href":"https:\/\/www.iceagetv.com\/radiosite\/wp-json\/wp\/v2\/posts\/28235","targetHints":{"allow":["GET"]}}],"collection":[{"href":"https:\/\/www.iceagetv.com\/radiosite\/wp-json\/wp\/v2\/posts"}],"about":[{"href":"https:\/\/www.iceagetv.com\/radiosite\/wp-json\/wp\/v2\/types\/post"}],"author":[{"embeddable":true,"href":"https:\/\/www.iceagetv.com\/radiosite\/wp-json\/wp\/v2\/users\/2"}],"replies":[{"embeddable":true,"href":"https:\/\/www.iceagetv.com\/radiosite\/wp-json\/wp\/v2\/comments?post=28235"}],"version-history":[{"count":1,"href":"https:\/\/www.iceagetv.com\/radiosite\/wp-json\/wp\/v2\/posts\/28235\/revisions"}],"predecessor-version":[{"id":28237,"href":"https:\/\/www.iceagetv.com\/radiosite\/wp-json\/wp\/v2\/posts\/28235\/revisions\/28237"}],"wp:featuredmedia":[{"embeddable":true,"href":"https:\/\/www.iceagetv.com\/radiosite\/wp-json\/wp\/v2\/media\/28236"}],"wp:attachment":[{"href":"https:\/\/www.iceagetv.com\/radiosite\/wp-json\/wp\/v2\/media?parent=28235"}],"wp:term":[{"taxonomy":"category","embeddable":true,"href":"https:\/\/www.iceagetv.com\/radiosite\/wp-json\/wp\/v2\/categories?post=28235"},{"taxonomy":"post_tag","embeddable":true,"href":"https:\/\/www.iceagetv.com\/radiosite\/wp-json\/wp\/v2\/tags?post=28235"}],"curies":[{"name":"wp","href":"https:\/\/api.w.org\/{rel}","templated":true}]}}