{"id":28243,"date":"2024-05-16T09:09:49","date_gmt":"2024-05-16T09:09:49","guid":{"rendered":"https:\/\/www.iceagetv.com\/radiosite\/?p=28243"},"modified":"2024-05-16T09:09:49","modified_gmt":"2024-05-16T09:09:49","slug":"les-pompiers-annoncent-une-manifestation-historique-ce-matin-a-paris-a-lappel-de-lensemble-des-organisations-syndicales-pour-denoncer-leurs-conditions-de-travail","status":"publish","type":"post","link":"https:\/\/www.iceagetv.com\/radiosite\/les-pompiers-annoncent-une-manifestation-historique-ce-matin-a-paris-a-lappel-de-lensemble-des-organisations-syndicales-pour-denoncer-leurs-conditions-de-travail\/","title":{"rendered":"Les pompiers annoncent une manifestation historique ce matin \u00e0 Paris \u00e0 l&rsquo;appel de l\u2019ensemble des organisations syndicales pour d\u00e9noncer leurs conditions de travail"},"content":{"rendered":"\n<p class=\"\">Les sapeurs-pompiers sont appel\u00e9s aujourd&rsquo;hui \u00e0 faire gr\u00e8ve par l\u2019ensemble des organisations syndicales repr\u00e9sentatives. A l\u2019occasion de cette journ\u00e9e nationale de mobilisation, une manifestation est organis\u00e9e \u00e0 Paris \u00e0 partir de 14h, sur la place de la R\u00e9publique.<\/p>\n\n\n\n<p class=\"\">Le cort\u00e8ge doit prendre la direction de Bastille et Nation, en passant par le boulevard du Temple.&nbsp;Parmi les motivations principales des&nbsp;<a href=\"https:\/\/www.20minutes.fr\/dossier\/pompiers\">pompiers&nbsp;<\/a>se trouve le constat de \u00ab&nbsp;la perte de sens du travail des agentes et agents publics&nbsp;\u00bb, ainsi que les \u00ab&nbsp;sous-effectifs chroniques et le niveau de plus en plus d\u00e9plorable de la couverture des risques sur le territoire&nbsp;\u00bb. Ces \u00e9l\u00e9ments \u00ab&nbsp;nous conduisent \u00e0 d\u00e9poser ce pr\u00e9avis de gr\u00e8ve&nbsp;\u00bb, indique la Secr\u00e9taire g\u00e9n\u00e9rale de la f\u00e9d\u00e9ration CGT des Services publics Natacha Pommet dans un communiqu\u00e9.<\/p>\n\n\n\n<p class=\"\">\u00ab\u00a0Nos revendications sont l\u00e9gitimes. Nous voulons prendre la rue calmement \u00e0 Paris et \u00eatre reconnus \u00e0 notre juste valeur\u00a0\u00bb, annonce S\u00e9bastien Delavoux. \u00ab\u00a0On ne fait pas gr\u00e8ve pour des droits nouveaux mais plut\u00f4t pour faire appliquer et respecter la r\u00e9glementation\u00a0\u00bb, indique-t-il.<\/p>\n\n\n\n<p class=\"\">L\u2019animateur du collectif CGT SDIS met notamment en avant la question de la sant\u00e9 et de la s\u00e9curit\u00e9 au travail, \u00ab\u00a0embl\u00e9matique\u00a0\u00bb.<\/p>\n\n\n\n<p class=\"\">\u00ab\u00a0Ces probl\u00e8mes concernent les pompiers mais aussi tous les personnels techniques et sp\u00e9cialis\u00e9s dans nos centres de secours. Il faut prot\u00e9ger les agents de l\u2019exposition aux polluants. Particules li\u00e9es aux fum\u00e9es d\u2019incendie, plomb, amiante, hydrocarbures aromatiques polycycliques (HAP)&#8230; La protection respiratoire n\u2019est pas suffisante, et il y a trop peu de suivi m\u00e9dical et de pr\u00e9vention\u00a0\u00bb, r\u00e9sume-t-il.<\/p>\n","protected":false},"excerpt":{"rendered":"<p>Les sapeurs-pompiers sont appel\u00e9s aujourd&rsquo;hui \u00e0 faire gr\u00e8ve par l\u2019ensemble des organisations syndicales repr\u00e9sentatives. A l\u2019occasion de cette journ\u00e9e nationale de mobilisation, une manifestation est organis\u00e9e \u00e0 Paris \u00e0 partir de 14h, sur la place de la R\u00e9publique. Le cort\u00e8ge doit prendre la direction de Bastille et Nation, en passant par le boulevard du Temple.&nbsp;Parmi [&hellip;]<\/p>\n","protected":false},"author":2,"featured_media":28245,"comment_status":"open","ping_status":"open","sticky":false,"template":"","format":"standard","meta":{"_jetpack_memberships_contains_paid_content":false,"footnotes":"","jetpack_publicize_message":"","jetpack_publicize_feature_enabled":true,"jetpack_social_post_already_shared":true,"jetpack_social_options":{"image_generator_settings":{"template":"highway","default_image_id":0,"font":"","enabled":false},"version":2},"_wpas_customize_per_network":false},"categories":[405],"tags":[],"class_list":["post-28243","post","type-post","status-publish","format-standard","has-post-thumbnail","hentry","category-actu-france-monde"],"jetpack_publicize_connections":[],"jetpack_featured_media_url":"https:\/\/i0.wp.com\/www.iceagetv.com\/radiosite\/wp-content\/uploads\/2024\/05\/Les-pompiers-annoncent-une-manifestation-historique-ce-matin-a-Paris.jpg?fit=679%2C293&ssl=1","jetpack_sharing_enabled":true,"_links":{"self":[{"href":"https:\/\/www.iceagetv.com\/radiosite\/wp-json\/wp\/v2\/posts\/28243","targetHints":{"allow":["GET"]}}],"collection":[{"href":"https:\/\/www.iceagetv.com\/radiosite\/wp-json\/wp\/v2\/posts"}],"about":[{"href":"https:\/\/www.iceagetv.com\/radiosite\/wp-json\/wp\/v2\/types\/post"}],"author":[{"embeddable":true,"href":"https:\/\/www.iceagetv.com\/radiosite\/wp-json\/wp\/v2\/users\/2"}],"replies":[{"embeddable":true,"href":"https:\/\/www.iceagetv.com\/radiosite\/wp-json\/wp\/v2\/comments?post=28243"}],"version-history":[{"count":1,"href":"https:\/\/www.iceagetv.com\/radiosite\/wp-json\/wp\/v2\/posts\/28243\/revisions"}],"predecessor-version":[{"id":28246,"href":"https:\/\/www.iceagetv.com\/radiosite\/wp-json\/wp\/v2\/posts\/28243\/revisions\/28246"}],"wp:featuredmedia":[{"embeddable":true,"href":"https:\/\/www.iceagetv.com\/radiosite\/wp-json\/wp\/v2\/media\/28245"}],"wp:attachment":[{"href":"https:\/\/www.iceagetv.com\/radiosite\/wp-json\/wp\/v2\/media?parent=28243"}],"wp:term":[{"taxonomy":"category","embeddable":true,"href":"https:\/\/www.iceagetv.com\/radiosite\/wp-json\/wp\/v2\/categories?post=28243"},{"taxonomy":"post_tag","embeddable":true,"href":"https:\/\/www.iceagetv.com\/radiosite\/wp-json\/wp\/v2\/tags?post=28243"}],"curies":[{"name":"wp","href":"https:\/\/api.w.org\/{rel}","templated":true}]}}