{"id":28247,"date":"2024-05-16T14:02:11","date_gmt":"2024-05-16T14:02:11","guid":{"rendered":"https:\/\/www.iceagetv.com\/radiosite\/?p=28247"},"modified":"2024-05-16T14:02:11","modified_gmt":"2024-05-16T14:02:11","slug":"attaque-dun-fourgon-dans-leure-les-enqueteurs-face-a-lenigme-des-moyens-dont-dispose-mohamed-amra-pour-sa-cavale","status":"publish","type":"post","link":"https:\/\/www.iceagetv.com\/radiosite\/attaque-dun-fourgon-dans-leure-les-enqueteurs-face-a-lenigme-des-moyens-dont-dispose-mohamed-amra-pour-sa-cavale\/","title":{"rendered":"Attaque d&rsquo;un fourgon dans l&rsquo;Eure : les enqu\u00eateurs face \u00e0 l'\u00a0\u00bb\u00e9nigme\u00a0\u00bb des moyens dont dispose Mohamed Amra pour sa cavale"},"content":{"rendered":"\n<p class=\"\">\u00ab\u00a0<em>Nous vous traquons<\/em>\u00ab\u00a0, a pr\u00e9venu Gabriel Attal. Pr\u00e8s de 48 heures apr\u00e8s l&rsquo;attaque spectaculaire contre un fourgon p\u00e9nitentiaire dans l&rsquo;Eure, mardi 14 mai, qui a fait&nbsp;<a href=\"https:\/\/www.francetvinfo.fr\/faits-divers\/attaque-mortelle-d-un-fourgon-penitentiaire-dans-l-eure-le-metier-d-agent-penitentiaire-etait-pire-qu-une-vocation-pour-arnaud-temoigne-le-pere-d-une-des-victimes_6546188.html\">deux morts et trois bless\u00e9s graves<\/a>&nbsp;parmi les agents, policiers et gendarmes tentent toujours jeudi de remonter la piste du d\u00e9tenu \u00e9vad\u00e9 et de ses complices.&nbsp;<\/p>\n\n\n\n<p class=\"\">\u00ab\u00a0<em>350 enqu\u00eateurs de la police judiciaire<\/em>\u00a0\u00bb sont mobilis\u00e9s pour retrouver&nbsp;<a href=\"https:\/\/www.francetvinfo.fr\/faits-divers\/attaque-mortelle-d-un-fourgon-penitentiaire-dans-l-eure\/attaque-d-un-fourgon-penitentiaire-de-rouen-a-marseille-l-itineraire-de-mohamed-amra-le-delinquant-multirecidiviste-recherche-par-interpol_6545816.html\">Mohamed Amra<\/a>&nbsp;et le commando qui l&rsquo;a aid\u00e9 \u00e0 s&rsquo;\u00e9vader \u00e0 Incarville, a annonc\u00e9 le ministre de l&rsquo;Int\u00e9rieur G\u00e9rald Darmanin, sur France 2, jeudi matin. Les enqu\u00eateurs sont mobilis\u00e9s pour \u00ab\u00a0r<em>ep\u00e9rer, pour arr\u00eater et traduire devant la justice ceux qui ont ex\u00e9cut\u00e9 de sang-froid, \u00e0 la kalachnikov, des p\u00e8res de famille qui faisaient leur travail pour prot\u00e9ger la France d&rsquo;un narcotrafiquant<\/em>\u00ab\u00a0, a-t-il pr\u00e9cis\u00e9.&nbsp;\u00ab\u00a0<em>Ce sont les ennemis publics num\u00e9ro un<\/em>\u00ab\u00a0, affirme G\u00e9rald Darmanin, qui suit \u00ab\u00a0<em>minute par minute<\/em>\u00a0\u00bb la traque du commando. \u00ab\u00a0<em>O\u00f9 il se trouvera, on le trouvera<\/em>\u00ab\u00a0, mart\u00e8le-t-il : \u00ab\u00a0<em>Il n&rsquo;y a aucun doute que la R\u00e9publique va gagner \u00e0 la fin<\/em>\u00ab\u00a0.<\/p>\n\n\n\n<h2 class=\"wp-block-heading\">\u00ab\u00a0Un brin de chance\u00a0\u00bb<\/h2>\n\n\n\n<p class=\"\">Si les enqu\u00eateurs \u00ab\u00a0<em>avancent tr\u00e8s bien<\/em>\u00ab\u00a0, selon le minist\u00e8re de l&rsquo;Int\u00e9rieur, l&rsquo;une des questions centrales sur lesquelles ils tentent d&rsquo;avoir une r\u00e9ponse est celle des moyens dont dispose le fugitif pour assurer sa cavale. Si les sp\u00e9cialistes ont coutume de dire qu\u2019une cavale co\u00fbte cher, parlant du \u00ab\u00a0prix de la discr\u00e9tion\u00a0\u00bb de complices d\u00e9vou\u00e9s et disciplin\u00e9s, pourtant, ils l&rsquo;assurent : s\u2019ils ne voient pas en Mohamed Amra un malfaiteur du \u00ab\u00a0haut de la pyramide\u00a0\u00bb du grand banditisme, policiers et magistrats s&rsquo;interrogent quant aux moyens financiers du fugitif : \u00ab\u00a0<em>C&rsquo;est une \u00e9nigme<\/em>, confie l\u2019un d\u2019eux.&nbsp;<em>On est peut-\u00eatre pass\u00e9 \u00e0 c\u00f4t\u00e9 de quelque chose<\/em>\u00ab\u00a0. Et un magistrat de pr\u00e9ciser : la \u00ab\u00a0fiche rouge\u00a0\u00bb d&rsquo;Interpol ne signifie pas forc\u00e9ment que Mohamed Amra est \u00e0 l\u2019\u00e9tranger.<\/p>\n\n\n\n<p class=\"\">Ce qui est certain aux yeux des enqu\u00eateurs, c&rsquo;est que le commando \u00e9tait \u00ab\u00a0<em>tr\u00e8s bien pr\u00e9par\u00e9<\/em>\u00a0\u00bb et renseign\u00e9 sur les horaires et points de passage de l\u2019escorte p\u00e9nitentiaire entre le tribunal de Rouen et la prison d\u2019Evreux. Alors, la cavale sera-t-elle r\u00e9gl\u00e9e, elle aussi, comme du papier \u00e0 musique ? Un magistrat reconna\u00eet qu&rsquo;il suffit parfois d\u2019un \u00ab\u00a0<em>brin de chance\u00a0\u00bb<\/em>&nbsp;aux enqu\u00eateurs.<\/p>\n\n\n\n<p class=\"\">En attendant, la police judiciaire exploite tout ce qu\u2019elle peut, comme ce t\u00e9l\u00e9phone, retrouv\u00e9 selon nos informations sur Mohamed Amra lundi, dans sa cellule de la prison d\u2019Evreux, dont il avait tent\u00e9 de scier un barreau.<\/p>\n","protected":false},"excerpt":{"rendered":"<p>\u00ab\u00a0Nous vous traquons\u00ab\u00a0, a pr\u00e9venu Gabriel Attal. Pr\u00e8s de 48 heures apr\u00e8s l&rsquo;attaque spectaculaire contre un fourgon p\u00e9nitentiaire dans l&rsquo;Eure, mardi 14 mai, qui a fait&nbsp;deux morts et trois bless\u00e9s graves&nbsp;parmi les agents, policiers et gendarmes tentent toujours jeudi de remonter la piste du d\u00e9tenu \u00e9vad\u00e9 et de ses complices.&nbsp; \u00ab\u00a0350 enqu\u00eateurs de la police [&hellip;]<\/p>\n","protected":false},"author":2,"featured_media":28248,"comment_status":"open","ping_status":"open","sticky":false,"template":"","format":"standard","meta":{"_jetpack_memberships_contains_paid_content":false,"footnotes":"","jetpack_publicize_message":"","jetpack_publicize_feature_enabled":true,"jetpack_social_post_already_shared":true,"jetpack_social_options":{"image_generator_settings":{"template":"highway","default_image_id":0,"font":"","enabled":false},"version":2},"_wpas_customize_per_network":false},"categories":[405],"tags":[],"class_list":["post-28247","post","type-post","status-publish","format-standard","has-post-thumbnail","hentry","category-actu-france-monde"],"jetpack_publicize_connections":[],"jetpack_featured_media_url":"https:\/\/i0.wp.com\/www.iceagetv.com\/radiosite\/wp-content\/uploads\/2024\/05\/Attaque-dun-fourgon-dans-lEure.jpg?fit=803%2C531&ssl=1","jetpack_sharing_enabled":true,"_links":{"self":[{"href":"https:\/\/www.iceagetv.com\/radiosite\/wp-json\/wp\/v2\/posts\/28247","targetHints":{"allow":["GET"]}}],"collection":[{"href":"https:\/\/www.iceagetv.com\/radiosite\/wp-json\/wp\/v2\/posts"}],"about":[{"href":"https:\/\/www.iceagetv.com\/radiosite\/wp-json\/wp\/v2\/types\/post"}],"author":[{"embeddable":true,"href":"https:\/\/www.iceagetv.com\/radiosite\/wp-json\/wp\/v2\/users\/2"}],"replies":[{"embeddable":true,"href":"https:\/\/www.iceagetv.com\/radiosite\/wp-json\/wp\/v2\/comments?post=28247"}],"version-history":[{"count":1,"href":"https:\/\/www.iceagetv.com\/radiosite\/wp-json\/wp\/v2\/posts\/28247\/revisions"}],"predecessor-version":[{"id":28249,"href":"https:\/\/www.iceagetv.com\/radiosite\/wp-json\/wp\/v2\/posts\/28247\/revisions\/28249"}],"wp:featuredmedia":[{"embeddable":true,"href":"https:\/\/www.iceagetv.com\/radiosite\/wp-json\/wp\/v2\/media\/28248"}],"wp:attachment":[{"href":"https:\/\/www.iceagetv.com\/radiosite\/wp-json\/wp\/v2\/media?parent=28247"}],"wp:term":[{"taxonomy":"category","embeddable":true,"href":"https:\/\/www.iceagetv.com\/radiosite\/wp-json\/wp\/v2\/categories?post=28247"},{"taxonomy":"post_tag","embeddable":true,"href":"https:\/\/www.iceagetv.com\/radiosite\/wp-json\/wp\/v2\/tags?post=28247"}],"curies":[{"name":"wp","href":"https:\/\/api.w.org\/{rel}","templated":true}]}}