{"id":28268,"date":"2024-05-17T09:05:43","date_gmt":"2024-05-17T09:05:43","guid":{"rendered":"https:\/\/www.iceagetv.com\/radiosite\/?p=28268"},"modified":"2024-05-17T09:05:43","modified_gmt":"2024-05-17T09:05:43","slug":"rouen-lhomme-arme-qui-souhaitait-mettre-le-feu-a-la-synagogue-a-ete-abattu-par-les-forces-de-lordre-apres-avoir-attaque-un-policier-les-agents-auraient-fait-usage-de-leurs-armes-de-service-a-c","status":"publish","type":"post","link":"https:\/\/www.iceagetv.com\/radiosite\/rouen-lhomme-arme-qui-souhaitait-mettre-le-feu-a-la-synagogue-a-ete-abattu-par-les-forces-de-lordre-apres-avoir-attaque-un-policier-les-agents-auraient-fait-usage-de-leurs-armes-de-service-a-c\/","title":{"rendered":"Rouen : L&rsquo;homme arm\u00e9 qui souhaitait mettre le feu \u00e0 la synagogue a \u00e9t\u00e9 abattu par les forces de l&rsquo;ordre apr\u00e8s avoir attaqu\u00e9 un policier &#8211; Les agents auraient fait usage de leurs armes de service \u00e0 cinq reprises"},"content":{"rendered":"\n<p class=\"\"><strong>&nbsp;Le point sur ce que l&rsquo;on sait ce matin<\/strong><\/p>\n\n\n\n<p class=\"\">Des policiers ont abattu vendredi matin un homme arm\u00e9 notamment d\u2019un couteau qui tentait de mettre le feu \u00e0 une synagogue \u00e0 Rouen et les mena\u00e7ait, a annonc\u00e9 le ministre de l\u2019Int\u00e9rieur G\u00e9rald Darmanin. Vers 6h45, les policiers sont \u00ab&nbsp;intervenus sur un signalement de d\u00e9gagement de fum\u00e9e pr\u00e8s de la synagogue&nbsp;\u00bb, situ\u00e9e rue des Bons enfants dans le centre historique de Rouen, a d\u00e9taill\u00e9 une source polici\u00e8re \u00e0 l\u2019AFP.<\/p>\n\n\n\n<p class=\"\">\u00ab&nbsp;Un individu a mis le feu \u00e0 la synagogue de Rouen. Il aurait pris \u00e0 partie les policiers et les pompiers&nbsp;\u00bb, a indiqu\u00e9 \u00e0 l\u2019AFP le procureur de Rouen, Fr\u00e9d\u00e9ric Teillet. \u00ab&nbsp;Ensuite, il aurait menac\u00e9 un policier d\u2019un couteau et ce dernier a fait usage de son arme et l\u2019individu est d\u00e9c\u00e9d\u00e9&nbsp;\u00bb, a pr\u00e9cis\u00e9 le procureur.<\/p>\n\n\n\n<p class=\"\">Selon la version polici\u00e8re, la police nationale a vu sur les lieux \u00ab&nbsp;un individu debout sur le mur d\u2019enceinte de la synagogue, porteur d\u2019une barre de fer et d\u2019un couteau de 25 centim\u00e8tres. Il brandit le couteau et se dirige vers les policiers qui tirent&nbsp;\u00bb.<\/p>\n\n\n\n<p class=\"\">Une premi\u00e8re enqu\u00eate a \u00e9t\u00e9 ouverte pour \u00ab&nbsp;incendie volontaire&nbsp;\u00bb visant un lieu de culte, \u00ab&nbsp;violences volontaires sur personnes d\u00e9positaires de l\u2019autorit\u00e9 publique&nbsp;\u00bb confi\u00e9e \u00e0 la DGPN, a fait savoir le parquet. Une autre enqu\u00eate a \u00e9t\u00e9 ouverte sur les circonstances du d\u00e9c\u00e8s de l\u2019individu arm\u00e9 pour \u00ab&nbsp;violences volontaires avec armes ayant entrain\u00e9 la mort sans intention de la donner&nbsp;\u00bb, confi\u00e9e \u00e0 l\u2019Inspection g\u00e9n\u00e9rale de la police nationale (IGPN).<\/p>\n\n\n\n<p class=\"\">\u00ab&nbsp;A Rouen, les policiers nationaux ont neutralis\u00e9 t\u00f4t ce matin un individu arm\u00e9 souhaitant manifestement mettre le feu \u00e0 la synagogue de la ville. Je les f\u00e9licite pour leur r\u00e9activit\u00e9 et leur courage&nbsp;\u00bb, a \u00e9crit M. Darmanin sur X.<\/p>\n\n\n\n<p class=\"\">L\u2019homme abattu par les forces de l\u2019ordre n\u2019avait pas de pi\u00e8ce d\u2019identit\u00e9 sur lui et n\u2019a pas \u00e9t\u00e9 identifi\u00e9 \u00e0 ce stade, a-t-on pr\u00e9cis\u00e9 de source polici\u00e8re.<\/p>\n\n\n\n<p class=\"\"><strong>&nbsp;<\/strong>G\u00e9rald Darmanin avait demand\u00e9 le 14 avril dernier aux pr\u00e9fets de renforcer la s\u00e9curit\u00e9 devant les lieux de culte juifs ainsi que devant les \u00e9coles confessionnelles, au lendemain de l\u2019attaque men\u00e9e par l\u2019Iran contre Isra\u00ebl.<\/p>\n\n\n\n<p class=\"\">Les op\u00e9rations militaires lanc\u00e9es par l\u2019Etat h\u00e9breu contre la bande de Gaza, qui ont caus\u00e9 la mort de plus de 35.000 personnes, en repr\u00e9sailles \u00e0 l\u2019attaque des combattants du Hamas contre Isra\u00ebl le 7 octobre dernier ont provoqu\u00e9 une forte hausse des actes d\u2019antis\u00e9mitisme en France.<\/p>\n\n\n\n<p class=\"\">D\u00e9but mai, le Premier ministre Gabriel Attal avait annonc\u00e9 que \u00ab\u00a0366 faits antis\u00e9mites\u00a0\u00bb avaient \u00e9t\u00e9 enregistr\u00e9s au premier trimestre 2024, soit \u00ab\u00a0une hausse de 300% par rapport aux trois premiers mois de l\u2019ann\u00e9e 2023\u00a0\u00bb.<\/p>\n\n\n\n<p class=\"\">Interrog\u00e9 par les m\u00e9dias sur les \u00e9ventuels d\u00e9g\u00e2ts, le rabbin Chmouel Lubecki dit esp\u00e9rer \u00ab&nbsp;que les rouleaux de la Torah n\u2019ont pas \u00e9t\u00e9 touch\u00e9s. C\u2019est le plus important qu\u2019il y ait dans la synagogue&nbsp;\u00bb.<\/p>\n\n\n\n<p class=\"\">\u00ab&nbsp;La communaut\u00e9 est boulevers\u00e9e. On est une petite communaut\u00e9 et malheureusement, \u00e7a peut nous arriver aussi&nbsp;\u00bb, a-t-il ajout\u00e9 faisant r\u00e9f\u00e9rence \u00e0 la mont\u00e9e des actes antis\u00e9mites. Il a pr\u00e9cis\u00e9 que pr\u00e8s de 150 \u00e0 200 familles composent la communaut\u00e9 juive de la ville normande.<\/p>\n","protected":false},"excerpt":{"rendered":"<p>&nbsp;Le point sur ce que l&rsquo;on sait ce matin Des policiers ont abattu vendredi matin un homme arm\u00e9 notamment d\u2019un couteau qui tentait de mettre le feu \u00e0 une synagogue \u00e0 Rouen et les mena\u00e7ait, a annonc\u00e9 le ministre de l\u2019Int\u00e9rieur G\u00e9rald Darmanin. Vers 6h45, les policiers sont \u00ab&nbsp;intervenus sur un signalement de d\u00e9gagement de [&hellip;]<\/p>\n","protected":false},"author":2,"featured_media":28269,"comment_status":"open","ping_status":"open","sticky":false,"template":"","format":"standard","meta":{"_jetpack_memberships_contains_paid_content":false,"footnotes":"","jetpack_publicize_message":"","jetpack_publicize_feature_enabled":true,"jetpack_social_post_already_shared":true,"jetpack_social_options":{"image_generator_settings":{"template":"highway","default_image_id":0,"font":"","enabled":false},"version":2},"_wpas_customize_per_network":false},"categories":[405],"tags":[],"class_list":["post-28268","post","type-post","status-publish","format-standard","has-post-thumbnail","hentry","category-actu-france-monde"],"jetpack_publicize_connections":[],"jetpack_featured_media_url":"https:\/\/i0.wp.com\/www.iceagetv.com\/radiosite\/wp-content\/uploads\/2024\/05\/Lhomme-arme-qui-souhaitait-mettre-le-feu-a-la-synagogue.jpg?fit=679%2C293&ssl=1","jetpack_sharing_enabled":true,"_links":{"self":[{"href":"https:\/\/www.iceagetv.com\/radiosite\/wp-json\/wp\/v2\/posts\/28268","targetHints":{"allow":["GET"]}}],"collection":[{"href":"https:\/\/www.iceagetv.com\/radiosite\/wp-json\/wp\/v2\/posts"}],"about":[{"href":"https:\/\/www.iceagetv.com\/radiosite\/wp-json\/wp\/v2\/types\/post"}],"author":[{"embeddable":true,"href":"https:\/\/www.iceagetv.com\/radiosite\/wp-json\/wp\/v2\/users\/2"}],"replies":[{"embeddable":true,"href":"https:\/\/www.iceagetv.com\/radiosite\/wp-json\/wp\/v2\/comments?post=28268"}],"version-history":[{"count":1,"href":"https:\/\/www.iceagetv.com\/radiosite\/wp-json\/wp\/v2\/posts\/28268\/revisions"}],"predecessor-version":[{"id":28270,"href":"https:\/\/www.iceagetv.com\/radiosite\/wp-json\/wp\/v2\/posts\/28268\/revisions\/28270"}],"wp:featuredmedia":[{"embeddable":true,"href":"https:\/\/www.iceagetv.com\/radiosite\/wp-json\/wp\/v2\/media\/28269"}],"wp:attachment":[{"href":"https:\/\/www.iceagetv.com\/radiosite\/wp-json\/wp\/v2\/media?parent=28268"}],"wp:term":[{"taxonomy":"category","embeddable":true,"href":"https:\/\/www.iceagetv.com\/radiosite\/wp-json\/wp\/v2\/categories?post=28268"},{"taxonomy":"post_tag","embeddable":true,"href":"https:\/\/www.iceagetv.com\/radiosite\/wp-json\/wp\/v2\/tags?post=28268"}],"curies":[{"name":"wp","href":"https:\/\/api.w.org\/{rel}","templated":true}]}}