{"id":28274,"date":"2024-05-17T13:36:42","date_gmt":"2024-05-17T13:36:42","guid":{"rendered":"https:\/\/www.iceagetv.com\/radiosite\/?p=28274"},"modified":"2024-05-17T13:36:42","modified_gmt":"2024-05-17T13:36:42","slug":"greve-sncf-vers-une-journee-noire-mardi-en-ile-de-france","status":"publish","type":"post","link":"https:\/\/www.iceagetv.com\/radiosite\/greve-sncf-vers-une-journee-noire-mardi-en-ile-de-france\/","title":{"rendered":"Gr\u00e8ve SNCF : vers une \u00ab\u00a0journ\u00e9e noire\u00a0\u00bb mardi en \u00cele-de-France"},"content":{"rendered":"\n<p class=\"\">Les usagers des transports franciliens vont pouvoir \u00e9prouver leur r\u00e9silience, \u00e0 quelques semaines des&nbsp;<a href=\"https:\/\/www.tf1info.fr\/transports\/jeux-olympiques-jo-de-paris-2024-le-ticket-de-depannage-va-couter-5-euros-dans-les-bus-ratp-parisiens-2298897.html\">Jeux olympiques<\/a>. Mardi 21 mai, \u00e0 l&rsquo;initiative de Sud-Rail et CGT-Cheminots, les agents de la SNCF sont appel\u00e9s \u00e0 une&nbsp;<a href=\"https:\/\/www.tf1info.fr\/transports\/aeroports-paris-marseille-trains-sncf-ces-greves-qui-menacent-les-departs-en-vacances-scolaires-d-ete-en-juillet-2022-2225070.html\">gr\u00e8ve massive en \u00cele-de-France<\/a>. Cons\u00e9quence : pour ce que les syndicats esp\u00e8rent \u00eatre une&nbsp;<em>\u00ab\u00a0journ\u00e9e noire\u00a0\u00bb<\/em>, le trafic devrait \u00eatre&nbsp;<em>\u00ab\u00a0fortement perturb\u00e9\u00a0\u00bb&nbsp;<\/em>sur les lignes Transilien et RER, avertit d\u00e9j\u00e0 la compagnie ferroviaire.&nbsp;<\/p>\n\n\n\n<p class=\"\">La SNCF, qui g\u00e8re\u00a0<strong>tous les trains de banlieue<\/strong>, les\u00a0<strong>RER C, D et E<\/strong>, et une partie des\u00a0<strong>RER A et B<\/strong>, invite d&rsquo;ores et d\u00e9j\u00e0 les usagers \u00e0 \u00e9viter leurs d\u00e9placements mardi\u00a0<em>\u00ab\u00a0dans la mesure du possible\u00a0\u00bb<\/em>. Elle pr\u00e9cise que les pr\u00e9visions d\u00e9taill\u00e9es des perturbations seront communiqu\u00e9es dimanche \u00e0 17h.<\/p>\n\n\n\n<p class=\"\">L&rsquo;objectif du mouvement social est de peser sur les n\u00e9gociations autour des&nbsp;<a href=\"https:\/\/www.tf1info.fr\/societe\/menace-de-greve-trains-sur-les-jo-jeux-olympiques-paris-2024-que-reclament-les-cheminots-de-la-sncf-2298076.html\" target=\"_blank\" rel=\"noreferrer noopener\">primes des cheminots<\/a>&nbsp;pendant les Jeux olympiques, ont indiqu\u00e9 les syndicats, d\u00e9but mai. Une nouvelle journ\u00e9e de n\u00e9gociation doit avoir lieu mercredi, au lendemain de cette journ\u00e9e de gr\u00e8ve.&nbsp;<\/p>\n\n\n\n<p class=\"\">Pour le moment, la direction de la SNCF propose aux cheminots franciliens une prime de 50 euros brut par journ\u00e9e de service pendant les Jeux, selon les syndicats.&nbsp;<em>\u00ab\u00a0Ce qui est mis sur la table ne nous va pas\u00a0\u00bb<\/em>, soulignait Fabien Villedieu de Sud-Rail, d\u00e9but mai.&nbsp;<em>\u00ab\u00a0\u00c7a nous irait bien une prime fixe, a minima de 1000 euros\u00a0\u00bb<\/em>, avait-il indiqu\u00e9, comme c&rsquo;est le cas par exemple \u00e0 la RATP, o\u00f9 les conducteurs du m\u00e9tro et du RER travaillant du 22 juillet au 8 septembre toucheront 1600 euros.<\/p>\n","protected":false},"excerpt":{"rendered":"<p>Les usagers des transports franciliens vont pouvoir \u00e9prouver leur r\u00e9silience, \u00e0 quelques semaines des&nbsp;Jeux olympiques. Mardi 21 mai, \u00e0 l&rsquo;initiative de Sud-Rail et CGT-Cheminots, les agents de la SNCF sont appel\u00e9s \u00e0 une&nbsp;gr\u00e8ve massive en \u00cele-de-France. Cons\u00e9quence : pour ce que les syndicats esp\u00e8rent \u00eatre une&nbsp;\u00ab\u00a0journ\u00e9e noire\u00a0\u00bb, le trafic devrait \u00eatre&nbsp;\u00ab\u00a0fortement perturb\u00e9\u00a0\u00bb&nbsp;sur les lignes Transilien [&hellip;]<\/p>\n","protected":false},"author":2,"featured_media":28275,"comment_status":"open","ping_status":"open","sticky":false,"template":"","format":"standard","meta":{"_jetpack_memberships_contains_paid_content":false,"footnotes":"","jetpack_publicize_message":"","jetpack_publicize_feature_enabled":true,"jetpack_social_post_already_shared":true,"jetpack_social_options":{"image_generator_settings":{"template":"highway","default_image_id":0,"font":"","enabled":false},"version":2},"_wpas_customize_per_network":false},"categories":[405],"tags":[],"class_list":["post-28274","post","type-post","status-publish","format-standard","has-post-thumbnail","hentry","category-actu-france-monde"],"jetpack_publicize_connections":[],"jetpack_featured_media_url":"https:\/\/i0.wp.com\/www.iceagetv.com\/radiosite\/wp-content\/uploads\/2024\/05\/vers-une-journee-noire-mardi-en-Ile-de-France.jpg?fit=680%2C383&ssl=1","jetpack_sharing_enabled":true,"_links":{"self":[{"href":"https:\/\/www.iceagetv.com\/radiosite\/wp-json\/wp\/v2\/posts\/28274","targetHints":{"allow":["GET"]}}],"collection":[{"href":"https:\/\/www.iceagetv.com\/radiosite\/wp-json\/wp\/v2\/posts"}],"about":[{"href":"https:\/\/www.iceagetv.com\/radiosite\/wp-json\/wp\/v2\/types\/post"}],"author":[{"embeddable":true,"href":"https:\/\/www.iceagetv.com\/radiosite\/wp-json\/wp\/v2\/users\/2"}],"replies":[{"embeddable":true,"href":"https:\/\/www.iceagetv.com\/radiosite\/wp-json\/wp\/v2\/comments?post=28274"}],"version-history":[{"count":1,"href":"https:\/\/www.iceagetv.com\/radiosite\/wp-json\/wp\/v2\/posts\/28274\/revisions"}],"predecessor-version":[{"id":28276,"href":"https:\/\/www.iceagetv.com\/radiosite\/wp-json\/wp\/v2\/posts\/28274\/revisions\/28276"}],"wp:featuredmedia":[{"embeddable":true,"href":"https:\/\/www.iceagetv.com\/radiosite\/wp-json\/wp\/v2\/media\/28275"}],"wp:attachment":[{"href":"https:\/\/www.iceagetv.com\/radiosite\/wp-json\/wp\/v2\/media?parent=28274"}],"wp:term":[{"taxonomy":"category","embeddable":true,"href":"https:\/\/www.iceagetv.com\/radiosite\/wp-json\/wp\/v2\/categories?post=28274"},{"taxonomy":"post_tag","embeddable":true,"href":"https:\/\/www.iceagetv.com\/radiosite\/wp-json\/wp\/v2\/tags?post=28274"}],"curies":[{"name":"wp","href":"https:\/\/api.w.org\/{rel}","templated":true}]}}