{"id":28277,"date":"2024-05-17T14:41:41","date_gmt":"2024-05-17T14:41:41","guid":{"rendered":"https:\/\/www.iceagetv.com\/radiosite\/?p=28277"},"modified":"2024-05-17T14:41:41","modified_gmt":"2024-05-17T14:41:41","slug":"meteo-routes-bloquees-rues-sous-leau-le-bilan-des-fortes-pluies-et-inondations-dans-le-bas-rhin","status":"publish","type":"post","link":"https:\/\/www.iceagetv.com\/radiosite\/meteo-routes-bloquees-rues-sous-leau-le-bilan-des-fortes-pluies-et-inondations-dans-le-bas-rhin\/","title":{"rendered":"M\u00e9t\u00e9o. Routes bloqu\u00e9es, rues sous l&rsquo;eau&#8230; Le bilan des fortes pluies et inondations dans le Bas-Rhin"},"content":{"rendered":"\n<p class=\"\">Initialement annonc\u00e9e hier soir,&nbsp;<a href=\"https:\/\/actu.fr\/tag\/meteo-france\">M\u00e9t\u00e9o France<\/a>&nbsp;a prolong\u00e9 la&nbsp;<strong>vigilance orange pluie-inondation<\/strong>&nbsp;jusqu\u2019au vendredi 17 mai 2024 \u00e0 22h dans le&nbsp;<a href=\"https:\/\/actu.fr\/grand-est\/bas-rhin_67\/\">Bas-Rhin<\/a>.<\/p>\n\n\n\n<p class=\"\">Le nord du Bas-Rhin est particuli\u00e8rement touch\u00e9 ainsi que le d\u00e9partement voisin,\u00a0<a href=\"https:\/\/actu.fr\/meteo\/videos-fortes-pluies-et-inondations-en-moselle-1-000-appels-recus-par-les-pompiers_61079432.html\">la Moselle<\/a>, qui passe en\u00a0<a href=\"https:\/\/actu.fr\/meteo\/inondation-et-fortes-pluies-un-departement-place-en-vigilance-rouge-trois-departements-en-orange_61080427.html\">vigilance rouge<\/a>.<\/p>\n\n\n\n<h2 class=\"wp-block-heading\">Des inondations de sous-sols et de caves, les pompiers sur place<\/h2>\n\n\n\n<p class=\"\">Selon un communiqu\u00e9 de la&nbsp;<strong>pr\u00e9fecture du Bas-Rhin<\/strong>&nbsp;envoy\u00e9 \u00e0 la mi-journ\u00e9e, 52 interventions par les sapeurs-pompiers sont en cours sur l\u2019ensemble du d\u00e9partement.<\/p>\n\n\n\n<blockquote class=\"wp-block-quote is-layout-flow wp-block-quote-is-layout-flow\">\n<p class=\"\">23 engins et 58 sapeurs-pompiers sont actuellement mobilis\u00e9s<strong>Pr\u00e9fecture du Bas-Rhin<\/strong><\/p>\n<\/blockquote>\n\n\n\n<p class=\"\">La pr\u00e9fecture relate \u00ab&nbsp;essentiellement des inondations de sous-sols et de caves&nbsp;\u00bb.&nbsp;<\/p>\n\n\n\n<h2 class=\"wp-block-heading\">Vid\u00e9os et photos des d\u00e9g\u00e2ts sur les r\u00e9seaux sociaux<\/h2>\n\n\n\n<p class=\"\">De la Petite-Pierre, \u00e0 Oberhof en passant par Eberbach sur les\u00a0<strong>r\u00e9seaux sociaux<\/strong>, les vid\u00e9os se sont multipli\u00e9es et montrent les d\u00e9g\u00e2ts dans le d\u00e9partement :<\/p>\n\n\n\n<h2 class=\"wp-block-heading\">Routes bloqu\u00e9es, train \u00e0 l\u2019arr\u00eat&nbsp;<\/h2>\n\n\n\n<p class=\"\">C\u00f4t\u00e9&nbsp;<strong>circulation routi\u00e8re<\/strong>, elle risque d\u2019\u00eatre difficile dans le nord du d\u00e9partement. Certains axes sont bloqu\u00e9s dans les deux sens :&nbsp;<\/p>\n\n\n\n<ul class=\"wp-block-list\">\n<li class=\"\">la D95 entre Gungwiller et Bettwiller<\/li>\n\n\n\n<li class=\"\">la D919 entre Lorentzen et Diemeringen<\/li>\n\n\n\n<li class=\"\">la D740 entre Hirschland et Rauwiller<\/li>\n\n\n\n<li class=\"\">la D919 entre Voellerdingen et Oermingen\u00a0<\/li>\n\n\n\n<li class=\"\">les D919 \/ D823 entre Diemeringen et Waldhambach\u00a0<\/li>\n<\/ul>\n\n\n\n<p class=\"\">Attention, les\u00a0<strong>routes des communes de Diemeringen et de Lorentzen<\/strong>\u00a0sont inond\u00e9es. La pr\u00e9fecture conseille d\u2019<strong>\u00e9viter le secteur<\/strong>\u00a0imp\u00e9rativement. Des d\u00e9viations sont mises en place.Sur le<strong>\u00a0r\u00e9seau ferroviaire,<\/strong>\u00a0les circulations ont \u00e9t\u00e9 interrompues entre Mommenheim et Sarreguemines dans les deux sens en raison d\u2019<strong>inondations<\/strong>\u00a0et d\u2019arbres sur les voies. \u00ab\u00a0Nous ne pr\u00e9voyons pas de reprise des circulations avant le milieu d\u2019apr\u00e8s midi\u00a0\u00bb, a annonc\u00e9 la SNCF sur son compte X.\u00a0<\/p>\n\n\n\n<h2 class=\"wp-block-heading\">Crues dans le Bas-Rhin : des cours d\u2019eau en vigilance orange<\/h2>\n\n\n\n<p class=\"\">Face aux importantes&nbsp;<strong>intemp\u00e9ries<\/strong>&nbsp;le Service de Pr\u00e9vision des Crues annonce une&nbsp;<strong>mont\u00e9e des eaux<\/strong>&nbsp;sur plusieurs cours d\u2019eau. La Moder et la Sarre Moyenne-Eichel sont actuellement en niveau de vigilance orange en raison de la crue de la Sarre.&nbsp;<\/p>\n\n\n\n<p class=\"\">Concernant La Moder, les<strong>&nbsp;pluies importantes<\/strong>&nbsp;tomb\u00e9es cette nuit vont se poursuivre durant la journ\u00e9e, le&nbsp;<strong>pic de crue<\/strong>&nbsp;devrait \u00eatre atteint dans la nuit du vendredi 17 mai au samedi 18 mai, selon les informations mises en ligne sur le site&nbsp;<a href=\"https:\/\/www.vigicrues.gouv.fr\/bulletin-local.php?CdEntVigiCru=3#SA12\">Vigicrues<\/a>.&nbsp;<\/p>\n\n\n\n<p class=\"\">Ces&nbsp;<strong>crues<\/strong>&nbsp;peuvent entra\u00eener les risques suivants :<\/p>\n\n\n\n<ul class=\"wp-block-list\">\n<li class=\"\">des inondations importantes possibles,<\/li>\n\n\n\n<li class=\"\">des conditions de circulation peuvent \u00eatre rendues difficiles sur l\u2019ensemble du r\u00e9seau et des perturbations peuvent affecter les transports ferroviaires,<\/li>\n\n\n\n<li class=\"\">des coupures d\u2019\u00e9lectricit\u00e9 peuvent se produire,<\/li>\n\n\n\n<li class=\"\">des digues peuvent \u00eatre fragilis\u00e9es ou submerg\u00e9es.<\/li>\n<\/ul>\n","protected":false},"excerpt":{"rendered":"<p>Initialement annonc\u00e9e hier soir,&nbsp;M\u00e9t\u00e9o France&nbsp;a prolong\u00e9 la&nbsp;vigilance orange pluie-inondation&nbsp;jusqu\u2019au vendredi 17 mai 2024 \u00e0 22h dans le&nbsp;Bas-Rhin. Le nord du Bas-Rhin est particuli\u00e8rement touch\u00e9 ainsi que le d\u00e9partement voisin,\u00a0la Moselle, qui passe en\u00a0vigilance rouge. Des inondations de sous-sols et de caves, les pompiers sur place Selon un communiqu\u00e9 de la&nbsp;pr\u00e9fecture du Bas-Rhin&nbsp;envoy\u00e9 \u00e0 la mi-journ\u00e9e, [&hellip;]<\/p>\n","protected":false},"author":2,"featured_media":28278,"comment_status":"open","ping_status":"open","sticky":false,"template":"","format":"standard","meta":{"_jetpack_memberships_contains_paid_content":false,"footnotes":"","jetpack_publicize_message":"","jetpack_publicize_feature_enabled":true,"jetpack_social_post_already_shared":true,"jetpack_social_options":{"image_generator_settings":{"template":"highway","default_image_id":0,"font":"","enabled":false},"version":2},"_wpas_customize_per_network":false},"categories":[14],"tags":[],"class_list":["post-28277","post","type-post","status-publish","format-standard","has-post-thumbnail","hentry","category-actu-meteo"],"jetpack_publicize_connections":[],"jetpack_featured_media_url":"https:\/\/i0.wp.com\/www.iceagetv.com\/radiosite\/wp-content\/uploads\/2024\/05\/Le-bilan-des-fortes-pluies-et-inondations-dans-le-Bas-Rhin.jpg?fit=960%2C640&ssl=1","jetpack_sharing_enabled":true,"_links":{"self":[{"href":"https:\/\/www.iceagetv.com\/radiosite\/wp-json\/wp\/v2\/posts\/28277","targetHints":{"allow":["GET"]}}],"collection":[{"href":"https:\/\/www.iceagetv.com\/radiosite\/wp-json\/wp\/v2\/posts"}],"about":[{"href":"https:\/\/www.iceagetv.com\/radiosite\/wp-json\/wp\/v2\/types\/post"}],"author":[{"embeddable":true,"href":"https:\/\/www.iceagetv.com\/radiosite\/wp-json\/wp\/v2\/users\/2"}],"replies":[{"embeddable":true,"href":"https:\/\/www.iceagetv.com\/radiosite\/wp-json\/wp\/v2\/comments?post=28277"}],"version-history":[{"count":1,"href":"https:\/\/www.iceagetv.com\/radiosite\/wp-json\/wp\/v2\/posts\/28277\/revisions"}],"predecessor-version":[{"id":28279,"href":"https:\/\/www.iceagetv.com\/radiosite\/wp-json\/wp\/v2\/posts\/28277\/revisions\/28279"}],"wp:featuredmedia":[{"embeddable":true,"href":"https:\/\/www.iceagetv.com\/radiosite\/wp-json\/wp\/v2\/media\/28278"}],"wp:attachment":[{"href":"https:\/\/www.iceagetv.com\/radiosite\/wp-json\/wp\/v2\/media?parent=28277"}],"wp:term":[{"taxonomy":"category","embeddable":true,"href":"https:\/\/www.iceagetv.com\/radiosite\/wp-json\/wp\/v2\/categories?post=28277"},{"taxonomy":"post_tag","embeddable":true,"href":"https:\/\/www.iceagetv.com\/radiosite\/wp-json\/wp\/v2\/tags?post=28277"}],"curies":[{"name":"wp","href":"https:\/\/api.w.org\/{rel}","templated":true}]}}