{"id":28295,"date":"2024-05-19T16:15:16","date_gmt":"2024-05-19T16:15:16","guid":{"rendered":"https:\/\/www.iceagetv.com\/radiosite\/?p=28295"},"modified":"2024-05-19T16:15:16","modified_gmt":"2024-05-19T16:15:16","slug":"un-helicoptere-qui-transportait-le-president-iranien-raissi-victime-dun-accident-les-recherches-sont-rendues-difficiles-par-les-conditions-meteorologiques-defavorables","status":"publish","type":"post","link":"https:\/\/www.iceagetv.com\/radiosite\/un-helicoptere-qui-transportait-le-president-iranien-raissi-victime-dun-accident-les-recherches-sont-rendues-difficiles-par-les-conditions-meteorologiques-defavorables\/","title":{"rendered":"Un h\u00e9licopt\u00e8re qui transportait le Pr\u00e9sident Iranien Ra\u00efssi victime d&rsquo;un \u00ab\u00a0accident\u00a0\u00bb &#8211; Les recherches sont rendues difficiles par les \u00ab\u00a0conditions m\u00e9t\u00e9orologiques d\u00e9favorables\u00a0\u00bb"},"content":{"rendered":"\n<p class=\"\"><strong>Le point sur ce que l&rsquo;on sait du crash &#8211;<\/strong>&nbsp;Un h\u00e9licopt\u00e8re de la pr\u00e9sidence de l&rsquo;Iran a \u00e9t\u00e9 impliqu\u00e9 dimanche 19 mai dans un \u00ab\u00a0accident\u00a0\u00bb dans le nord-ouest du pays, ont annonc\u00e9 des m\u00e9dias officiels. L&rsquo;incertitude demeure sur le sort du pr\u00e9sident Ebrahim Ra\u00efssi, qui serait l&rsquo;un des passagers \u00e0 bord. \u00ab\u00a0Certaines informations non confirm\u00e9es indiquent que l&rsquo;h\u00e9licopt\u00e8re transportant le pr\u00e9sident Ra\u00efssi aurait eu un accident dans la province de l&rsquo;Azerba\u00efdjan oriental\u00a0\u00bb, a indiqu\u00e9 la t\u00e9l\u00e9vision d&rsquo;\u00c9tat, ajoutant que des op\u00e9rations \u00e9taient \u00ab\u00a0en cours\u00a0\u00bb pour le localiser.<\/p>\n\n\n\n<p class=\"\">Les recherches sont rendues difficiles par les \u00ab\u00a0conditions m\u00e9t\u00e9orologiques d\u00e9favorables\u00a0\u00bb, dont le brouillard, a indiqu\u00e9 le ministre de l&rsquo;Int\u00e9rieur Ahmed Vahidi \u00e0 la t\u00e9l\u00e9vision d&rsquo;\u00c9tat. D&rsquo;apr\u00e8s le quotidien Shargh, proche du courant r\u00e9formateur, \u00ab\u00a0des \u00e9quipes de secours d&rsquo;urgence, comprenant des techniciens et des m\u00e9decins, sont pr\u00e9sentes sur les lieux de l&rsquo;accident.<\/p>\n\n\n\n<p class=\"\">Huit ambulances ont \u00e9t\u00e9 d\u00e9p\u00each\u00e9es \u00e0 Varzeghan\u00a0\u00bb. Sur X, le journal pr\u00e9cise encore qu'\u00a0\u00bbun h\u00e9licopt\u00e8re d&rsquo;urgence a \u00e9galement \u00e9t\u00e9 d\u00e9p\u00each\u00e9, mais celui-ci n&rsquo;a pas pu atterrir en raison d&rsquo;un \u00e9pais brouillard et a d\u00fb rebrousser chemin\u00a0\u00bb.<\/p>\n\n\n\n<p class=\"\">\u00a0\u00ab\u00a0Cela peut prendre du temps pour atteindre la zone de l&rsquo;h\u00e9licopt\u00e8re\u00a0\u00bb, a-t-il ajout\u00e9. Cette zone serait situ\u00e9e dans la for\u00eat de Dizmar, pr\u00e8s de la ville de Varzaghan. L&rsquo;agence de presse officielle Irna a rapport\u00e9 pour sa part qu&rsquo;Ebrahim Ra\u00efssi, ainsi que le ministre des Affaires \u00e9trang\u00e8res, Hossein Amir-Abdollahian, figuraient parmi les passagers de l&rsquo;appareil.<strong>\u00a0L&rsquo;agence de presse officielle Irna diffuse la derni\u00e8re photo de l&rsquo;h\u00e9licopt\u00e8re pr\u00e9sidentiel avant son crash.<\/strong><\/p>\n","protected":false},"excerpt":{"rendered":"<p>Le point sur ce que l&rsquo;on sait du crash &#8211;&nbsp;Un h\u00e9licopt\u00e8re de la pr\u00e9sidence de l&rsquo;Iran a \u00e9t\u00e9 impliqu\u00e9 dimanche 19 mai dans un \u00ab\u00a0accident\u00a0\u00bb dans le nord-ouest du pays, ont annonc\u00e9 des m\u00e9dias officiels. L&rsquo;incertitude demeure sur le sort du pr\u00e9sident Ebrahim Ra\u00efssi, qui serait l&rsquo;un des passagers \u00e0 bord. \u00ab\u00a0Certaines informations non confirm\u00e9es [&hellip;]<\/p>\n","protected":false},"author":2,"featured_media":28296,"comment_status":"open","ping_status":"open","sticky":false,"template":"","format":"standard","meta":{"_jetpack_memberships_contains_paid_content":false,"footnotes":"","jetpack_publicize_message":"","jetpack_publicize_feature_enabled":true,"jetpack_social_post_already_shared":true,"jetpack_social_options":{"image_generator_settings":{"template":"highway","default_image_id":0,"font":"","enabled":false},"version":2},"_wpas_customize_per_network":false},"categories":[405],"tags":[],"class_list":["post-28295","post","type-post","status-publish","format-standard","has-post-thumbnail","hentry","category-actu-france-monde"],"jetpack_publicize_connections":[],"jetpack_featured_media_url":"https:\/\/i0.wp.com\/www.iceagetv.com\/radiosite\/wp-content\/uploads\/2024\/05\/Un-helicoptere-qui-transportait-le-President-Iranien-Raissi.jpg?fit=679%2C293&ssl=1","jetpack_sharing_enabled":true,"_links":{"self":[{"href":"https:\/\/www.iceagetv.com\/radiosite\/wp-json\/wp\/v2\/posts\/28295","targetHints":{"allow":["GET"]}}],"collection":[{"href":"https:\/\/www.iceagetv.com\/radiosite\/wp-json\/wp\/v2\/posts"}],"about":[{"href":"https:\/\/www.iceagetv.com\/radiosite\/wp-json\/wp\/v2\/types\/post"}],"author":[{"embeddable":true,"href":"https:\/\/www.iceagetv.com\/radiosite\/wp-json\/wp\/v2\/users\/2"}],"replies":[{"embeddable":true,"href":"https:\/\/www.iceagetv.com\/radiosite\/wp-json\/wp\/v2\/comments?post=28295"}],"version-history":[{"count":1,"href":"https:\/\/www.iceagetv.com\/radiosite\/wp-json\/wp\/v2\/posts\/28295\/revisions"}],"predecessor-version":[{"id":28297,"href":"https:\/\/www.iceagetv.com\/radiosite\/wp-json\/wp\/v2\/posts\/28295\/revisions\/28297"}],"wp:featuredmedia":[{"embeddable":true,"href":"https:\/\/www.iceagetv.com\/radiosite\/wp-json\/wp\/v2\/media\/28296"}],"wp:attachment":[{"href":"https:\/\/www.iceagetv.com\/radiosite\/wp-json\/wp\/v2\/media?parent=28295"}],"wp:term":[{"taxonomy":"category","embeddable":true,"href":"https:\/\/www.iceagetv.com\/radiosite\/wp-json\/wp\/v2\/categories?post=28295"},{"taxonomy":"post_tag","embeddable":true,"href":"https:\/\/www.iceagetv.com\/radiosite\/wp-json\/wp\/v2\/tags?post=28295"}],"curies":[{"name":"wp","href":"https:\/\/api.w.org\/{rel}","templated":true}]}}