{"id":28303,"date":"2024-05-20T07:31:33","date_gmt":"2024-05-20T07:31:33","guid":{"rendered":"https:\/\/www.iceagetv.com\/radiosite\/?p=28303"},"modified":"2024-05-20T07:31:33","modified_gmt":"2024-05-20T07:31:33","slug":"lundi-de-pentecote-a-quoi-sert-la-journee-de-solidarite-pour-les-personnes-agees-ou-handicapees","status":"publish","type":"post","link":"https:\/\/www.iceagetv.com\/radiosite\/lundi-de-pentecote-a-quoi-sert-la-journee-de-solidarite-pour-les-personnes-agees-ou-handicapees\/","title":{"rendered":"Lundi de Pentec\u00f4te : \u00e0 quoi sert la journ\u00e9e de solidarit\u00e9 pour les personnes \u00e2g\u00e9es ou handicap\u00e9es ?"},"content":{"rendered":"\n<p class=\"\">Allez-vous travailler en ce lundi de Pentec\u00f4te&nbsp;? Cette journ\u00e9e, qui se tient au lendemain d&rsquo;une c\u00e9l\u00e9bration chr\u00e9tienne, fait partie des 11&nbsp;jours f\u00e9ri\u00e9s pr\u00e9vus dans le calendrier. Mais depuis l&rsquo;<a href=\"https:\/\/www.francetvinfo.fr\/societe\/prise-en-charge-des-personnes-agees\/lundi-de-pentecote-ce-qu-il-faut-savoir-sur-la-journee-de-solidarite-qui-ne-tombe-pas-forcement-le-meme-jour-pour-tout-le-monde_5179981.html\">instauration de la journ\u00e9e de solidarit\u00e9 en 2004<\/a>, destin\u00e9e \u00e0 financer la prise en charge des personnes \u00e2g\u00e9es et handicap\u00e9es, ce lundi n&rsquo;est pas ch\u00f4m\u00e9 par tous.<\/p>\n\n\n\n<p class=\"\">Cr\u00e9\u00e9e apr\u00e8s la&nbsp;<a href=\"https:\/\/www.francetvinfo.fr\/monde\/environnement\/crise-climatique\/infographies-intensite-duree-mortalite-on-a-compare-les-canicules-qui-ont-frappe-la-france-depuis-1947_5250382.html\">canicule de 2003<\/a>&nbsp;qui a fait quelque 15&nbsp;000 morts en France, surtout parmi les personnes \u00e2g\u00e9es, le principe de cette journ\u00e9e de solidarit\u00e9 est de faire travailler les actifs une journ\u00e9e de plus par an, soit l&rsquo;\u00e9quivalent de sept heures, sans qu&rsquo;ils soient r\u00e9mun\u00e9r\u00e9s. En contrepartie, les entreprises versent une contribution de solidarit\u00e9 autonomie (CSA), \u00e9quivalente \u00e0 0,3% de leur masse salariale.<\/p>\n\n\n\n<p class=\"\">A sa cr\u00e9ation, la journ\u00e9e de solidarit\u00e9 a \u00e9t\u00e9 fix\u00e9e au lundi de Pentec\u00f4te, en partie pour qu&rsquo;elle ne tombe \u2013&nbsp;par d\u00e9finition&nbsp;\u2013 jamais un dimanche et qu&rsquo;elle puisse donc g\u00e9n\u00e9rer des recettes chaque ann\u00e9e. Ce choix avait provoqu\u00e9 de vives contestations de la part des syndicats, mais aussi des professionnels du tourisme. R\u00e9sultat&nbsp;: depuis 2008, les entreprises n&rsquo;ont plus l&rsquo;obligation de faire co\u00efncider cette journ\u00e9e de solidarit\u00e9 avec le lundi de Pentec\u00f4te.<\/p>\n\n\n\n<h2 class=\"wp-block-heading\">Des situations tr\u00e8s diverses<\/h2>\n\n\n\n<p class=\"\">En fonction des entreprises, cette journ\u00e9e de travail suppl\u00e9mentaire peut ainsi avoir lieu le lundi de Pentec\u00f4te ou une autre journ\u00e9e de l&rsquo;ann\u00e9e jusque-l\u00e0 non travaill\u00e9e, un autre jour f\u00e9ri\u00e9 \u2013&nbsp;\u00e0 l&rsquo;exception du 1er&nbsp;mai&nbsp;\u2013 ou un samedi.&nbsp;Elle peut aussi se traduire par la perte d&rsquo;un jour de RTT. Ces sept heures suppl\u00e9mentaires peuvent \u00e9galement \u00eatre \u00e9tal\u00e9es sur plusieurs jours dans l&rsquo;ann\u00e9e.&nbsp;<a href=\"https:\/\/www.francetvinfo.fr\/societe\/comment-s-applique-la-journee-de-solidarite_920647.html\">La SNCF a par exemple choisi de faire travailler ses salari\u00e9s deux minutes de plus<\/a>&nbsp;<a href=\"https:\/\/www.francetvinfo.fr\/societe\/comment-s-applique-la-journee-de-solidarite_920647.html\"><\/a>chaque jour.&nbsp;Enfin, certaines entreprises offrent cette journ\u00e9e \u00e0 leurs employ\u00e9s et prennent enti\u00e8rement \u00e0 leur charge la CSA. R\u00e9sultat, seuls trois salari\u00e9s sur dix travaillaient effectivement le lundi de Pentec\u00f4te, selon une&nbsp;<a href=\"https:\/\/www.grouperandstad.fr\/wp-content\/uploads\/2016\/05\/alerte-presse-randstad-lundi-de-pentecoxxte-2016.pdf\" target=\"_blank\" rel=\"noreferrer noopener\">\u00e9tude du cabinet d&rsquo;int\u00e9rim Randstad<\/a>&nbsp;parue en 2016.<\/p>\n\n\n\n<p class=\"\">Les travailleurs ind\u00e9pendants non salari\u00e9s ne sont quant \u00e0 eux pas concern\u00e9s par cette journ\u00e9e de solidarit\u00e9.&nbsp;Et les salari\u00e9s de moins de 18&nbsp;ans en sont aussi exempt\u00e9s si celle-ci est fix\u00e9e un jour f\u00e9ri\u00e9, selon le&nbsp;<a href=\"https:\/\/travail-emploi.gouv.fr\/droit-du-travail\/les-conges-payes-et-les-conges-pour-projets-pro-et-perso\/article\/la-journee-de-solidarite\" target=\"_blank\" rel=\"noreferrer noopener\">minist\u00e8re du Travail<\/a>.&nbsp;Pour les salari\u00e9s \u00e0 temps partiel, la dur\u00e9e de sept heures de travail suppl\u00e9mentaires est r\u00e9duite proportionnellement \u00e0 leur dur\u00e9e de travail, compl\u00e8te le&nbsp;<a href=\"https:\/\/www.info.gouv.fr\/actualite\/quest-ce-que-la-journee-de-solidarite\" target=\"_blank\" rel=\"noreferrer noopener\">site du gouvernement<\/a>. Un salari\u00e9 \u00e0 mi-temps devra par exemple effectuer trois heures et demie en plus. Enfin,&nbsp;<a href=\"https:\/\/www.francetvinfo.fr\/societe\/lundi-de-pentecote-ferie-ou-travaille-quatre-questions-sur-la-journee-de-solidarite_1452853.html\">depuis 2013<\/a>, les retrait\u00e9s et pr\u00e9retrait\u00e9s imposables doivent aussi s&rsquo;acquitter d&rsquo;une&nbsp;<a href=\"https:\/\/www.service-public.fr\/particuliers\/vosdroits\/F31408\" target=\"_blank\" rel=\"noreferrer noopener\">contribution additionnelle de solidarit\u00e9 pour l&rsquo;autonomie<\/a>&nbsp;(Casa), qui s&rsquo;\u00e9l\u00e8ve \u00e0 0,3% de leur pension.<\/p>\n\n\n\n<h2 class=\"wp-block-heading\">Seulement 8% du financement de la branche autonomie<\/h2>\n\n\n\n<p class=\"\">Depuis sa mise en place en 2004, la journ\u00e9e de solidarit\u00e9 a rapport\u00e9 plus de 50&nbsp;milliards d&rsquo;euros, selon la Caisse nationale de solidarit\u00e9 pour l&rsquo;autonomie (CNSA).&nbsp;Pour l&rsquo;ann\u00e9e 2024,&nbsp;<a href=\"https:\/\/www.cnsa.fr\/documentation-et-donnees-espace-presse\/2024\/communique-de-la-journee-de-solidarite-au-service-public-de-lautonomie#:~:text=En%202024%2C%20plus%20de%2041,%C3%A2g%C3%A9es%20et%20des%20personnes%20handicap%C3%A9es.\" target=\"_blank\" rel=\"noreferrer noopener\">la CNSA<\/a>&nbsp;estime qu&rsquo;elle g\u00e9n\u00e9rera 3,42&nbsp;milliards d&rsquo;euros de recettes, dont&nbsp;<a href=\"https:\/\/www.cnsa.fr\/budget-et-financement\/budget\" target=\"_blank\" rel=\"noreferrer noopener\">2,481&nbsp;milliards d&rsquo;euros via la CSA<\/a>&nbsp;vers\u00e9e par les entreprises et 936,7&nbsp;millions d&rsquo;euros pour la Casa pay\u00e9e par les retrait\u00e9s.&nbsp;Les sommes r\u00e9colt\u00e9es au titre de la journ\u00e9e de solidarit\u00e9 repr\u00e9sentent 8,2% des recettes affect\u00e9es au financement de la branche autonomie de la S\u00e9curit\u00e9 sociale, qui s&rsquo;\u00e9l\u00e8vent \u00e0 plus de 41&nbsp;milliards d&rsquo;euros et reposent \u00e0 environ 88% sur la contribution sociale g\u00e9n\u00e9ralis\u00e9e (CSG), selon les donn\u00e9es de la CNSA.<\/p>\n\n\n\n<p class=\"\">Ces sommes servent notamment au fonctionnement des \u00e9tablissements et services m\u00e9dico-sociaux qui accueillent les personnes \u00e2g\u00e9es et les personnes handicap\u00e9es, au financement des maisons d\u00e9partementales des personnes handicap\u00e9es (MDPH) ou encore au versement d&rsquo;aides individuelles comme l&rsquo;allocation personnalis\u00e9e d&rsquo;autonomie. Elles visent aussi \u00e0 mettre en place des actions de pr\u00e9vention sur la perte d&rsquo;autonomie, au d\u00e9veloppement de nouvelles formes d&rsquo;habitat pour les personnes \u00e2g\u00e9es ou handicap\u00e9es, et \u00e0 accompagner des proches aidants.<\/p>\n","protected":false},"excerpt":{"rendered":"<p>Allez-vous travailler en ce lundi de Pentec\u00f4te&nbsp;? Cette journ\u00e9e, qui se tient au lendemain d&rsquo;une c\u00e9l\u00e9bration chr\u00e9tienne, fait partie des 11&nbsp;jours f\u00e9ri\u00e9s pr\u00e9vus dans le calendrier. Mais depuis l&rsquo;instauration de la journ\u00e9e de solidarit\u00e9 en 2004, destin\u00e9e \u00e0 financer la prise en charge des personnes \u00e2g\u00e9es et handicap\u00e9es, ce lundi n&rsquo;est pas ch\u00f4m\u00e9 par tous. [&hellip;]<\/p>\n","protected":false},"author":2,"featured_media":28304,"comment_status":"open","ping_status":"open","sticky":false,"template":"","format":"standard","meta":{"_jetpack_memberships_contains_paid_content":false,"footnotes":"","jetpack_publicize_message":"","jetpack_publicize_feature_enabled":true,"jetpack_social_post_already_shared":true,"jetpack_social_options":{"image_generator_settings":{"template":"highway","default_image_id":0,"font":"","enabled":false},"version":2},"_wpas_customize_per_network":false},"categories":[405],"tags":[],"class_list":["post-28303","post","type-post","status-publish","format-standard","has-post-thumbnail","hentry","category-actu-france-monde"],"jetpack_publicize_connections":[],"jetpack_featured_media_url":"https:\/\/i0.wp.com\/www.iceagetv.com\/radiosite\/wp-content\/uploads\/2024\/05\/Lundi-de-Pentecote.jpg?fit=943%2C503&ssl=1","jetpack_sharing_enabled":true,"_links":{"self":[{"href":"https:\/\/www.iceagetv.com\/radiosite\/wp-json\/wp\/v2\/posts\/28303","targetHints":{"allow":["GET"]}}],"collection":[{"href":"https:\/\/www.iceagetv.com\/radiosite\/wp-json\/wp\/v2\/posts"}],"about":[{"href":"https:\/\/www.iceagetv.com\/radiosite\/wp-json\/wp\/v2\/types\/post"}],"author":[{"embeddable":true,"href":"https:\/\/www.iceagetv.com\/radiosite\/wp-json\/wp\/v2\/users\/2"}],"replies":[{"embeddable":true,"href":"https:\/\/www.iceagetv.com\/radiosite\/wp-json\/wp\/v2\/comments?post=28303"}],"version-history":[{"count":1,"href":"https:\/\/www.iceagetv.com\/radiosite\/wp-json\/wp\/v2\/posts\/28303\/revisions"}],"predecessor-version":[{"id":28305,"href":"https:\/\/www.iceagetv.com\/radiosite\/wp-json\/wp\/v2\/posts\/28303\/revisions\/28305"}],"wp:featuredmedia":[{"embeddable":true,"href":"https:\/\/www.iceagetv.com\/radiosite\/wp-json\/wp\/v2\/media\/28304"}],"wp:attachment":[{"href":"https:\/\/www.iceagetv.com\/radiosite\/wp-json\/wp\/v2\/media?parent=28303"}],"wp:term":[{"taxonomy":"category","embeddable":true,"href":"https:\/\/www.iceagetv.com\/radiosite\/wp-json\/wp\/v2\/categories?post=28303"},{"taxonomy":"post_tag","embeddable":true,"href":"https:\/\/www.iceagetv.com\/radiosite\/wp-json\/wp\/v2\/tags?post=28303"}],"curies":[{"name":"wp","href":"https:\/\/api.w.org\/{rel}","templated":true}]}}