{"id":28307,"date":"2024-05-20T09:46:02","date_gmt":"2024-05-20T09:46:02","guid":{"rendered":"https:\/\/www.iceagetv.com\/radiosite\/?p=28307"},"modified":"2024-05-20T09:46:02","modified_gmt":"2024-05-20T09:46:02","slug":"mort-de-jean-claude-gaudin-maire-de-marseille-pendant-25-ans","status":"publish","type":"post","link":"https:\/\/www.iceagetv.com\/radiosite\/mort-de-jean-claude-gaudin-maire-de-marseille-pendant-25-ans\/","title":{"rendered":"Mort de Jean-Claude Gaudin, maire de Marseille pendant 25 ans"},"content":{"rendered":"\n<p class=\"\">Jean-Claude Gaudin est mort ce lundi dans sa r\u00e9sidence secondaire de Saint-Zacharie (Var) \u00e0 84 ans, confirme son secr\u00e9taire \u00e0 France Bleu Provence. Maire de Marseille pendant 25 ans, ex-ministre, pr\u00e9sident de R\u00e9gion, de M\u00e9tropole et vice-pr\u00e9sident du S\u00e9nat, il avait consacr\u00e9 sa vie \u00e0 la politique.<\/p>\n\n\n\n<p class=\"\">La politique, c&rsquo;\u00e9tait toute sa vie. Il lui a consacr\u00e9 les deux-tiers de son existence. Conseiller municipal, maire pendant quatre mandats, d\u00e9put\u00e9, s\u00e9nateur, ministre, pr\u00e9sident de la R\u00e9gion PACA ou de la M\u00e9tropole marseillaise, Jean-Claude Gaudin, qui s&rsquo;est \u00e9teint ce lundi 20 mai \u00e0 l&rsquo;\u00e2ge de 84 ans, \u00e9tait un accro au pouvoir&nbsp;: en plus d&rsquo;un demi-si\u00e8cle de vie politique, il a effectu\u00e9&nbsp;<strong>plus de 120 ann\u00e9es de mandats cumul\u00e9s<\/strong>, tous portefeuilles confondus.\u24d8<\/p>\n\n\n\n<h2 class=\"wp-block-heading\">Premier mandat politique en 1965<\/h2>\n\n\n\n<p class=\"\">Le 8 octobre 1939, Jean-Claude Gaudin, fils unique d&rsquo;un ma\u00e7on et d&rsquo;une ouvri\u00e8re, voit le jour \u00e0 Mazargues (9e arrondissement de Marseille). D\u00e8s son adolescence, il ne r\u00eave que d&rsquo;une chose&nbsp;: devenir s\u00e9nateur. En 1965, le jeune professeur d&rsquo;histoire-g\u00e9ographie est \u00e9lu aux municipales sur la liste socialo-centriste men\u00e9e par Gaston Defferre, son mentor. \u00c0 26 ans, Jean-Claude Gaudin est le&nbsp;<strong>benjamin des conseillers municipaux<\/strong>&nbsp;de Marseille. Neuf ans plus tard, il participe \u00e0 la campagne pr\u00e9sidentielle de Val\u00e9ry Giscard d&rsquo;Estaing.<\/p>\n\n\n\n<h2 class=\"wp-block-heading\">D\u00e9put\u00e9, pr\u00e9sident de R\u00e9gion, s\u00e9nateur<\/h2>\n\n\n\n<p class=\"\">Candidat de l&rsquo;UDF dans la deuxi\u00e8me circonscription des Bouches-du-Rh\u00f4ne, Jean-Claude Gaudin devient&nbsp;<strong>d\u00e9put\u00e9<\/strong>&nbsp;en 1978. Il si\u00e9gera au palais Bourbon jusqu&rsquo;en 1989.<\/p>\n\n\n\n<p class=\"\">L&rsquo;ann\u00e9e 1983 marque son premier \u00e9chec \u00e0 la mairie de Marseille, face \u00e0 son ancien mentor Gaston Defferre, \u00e9galement ministre de l&rsquo;Int\u00e9rieur. Mais en 1986, Jean-Claude Gaudin prend sa revanche en devenant&nbsp;<strong>pr\u00e9sident du conseil r\u00e9gional de PACA<\/strong>, \u00e0 la t\u00eate duquel il sera r\u00e9\u00e9lu jusqu&rsquo;en 1998.<\/p>\n\n\n\n<p class=\"\">En 1988, il est \u00e9lu pour un quatri\u00e8me mandat de d\u00e9put\u00e9 dans la deuxi\u00e8me circonscription des Bouches-du-Rh\u00f4ne, mais essuie un nouvel \u00e9chec aux municipales \u00e0 Marseille l&rsquo;ann\u00e9e suivante face au Pr Robert Vigouroux. L&rsquo;ann\u00e9e 1989 est celle de la r\u00e9alisation du r\u00eave d&rsquo;adolescent de Jean-Claude Gaudin&nbsp;: il devient enfin&nbsp;<strong>s\u00e9nateur des Bouches-du-Rh\u00f4ne<\/strong>.<\/p>\n\n\n\n<h2 class=\"wp-block-heading\">Vingt-cinq ans \u00e0 la mairie de Marseille<\/h2>\n\n\n\n<p class=\"\">En juin 1995,&nbsp;<strong>Jean-Claude Gaudin s&rsquo;assoit enfin dans le fauteuil de maire<\/strong>&nbsp;qu&rsquo;il convoite depuis douze ans. En novembre, il devient ministre de l&rsquo;am\u00e9nagement du territoire, de la ville et de l&rsquo;int\u00e9gration du gouvernement Jupp\u00e9 II. La m\u00eame ann\u00e9e, le cumulard est \u00e9lu pr\u00e9sident de la nouvelle communaut\u00e9 urbaine Marseille-Provence-M\u00e9tropole.<\/p>\n\n\n\n<p class=\"\">L&rsquo;ann\u00e9e 2008 marque le d\u00e9but de ses&nbsp;<strong>troisi\u00e8mes mandats de maire de Marseille et de s\u00e9nateur<\/strong>&nbsp;des Bouches-du-Rh\u00f4ne. En 2014, il entame son&nbsp;<a href=\"https:\/\/www.francebleu.fr\/infos\/politique\/marseille-jean-claude-gaudin-largement-en-tete-et-le-fn-devant-le-ps-1395650189\" target=\"_blank\" rel=\"noreferrer noopener\">quatri\u00e8me mandat \u00e0 la mairie<\/a>&nbsp;de Marseille et est r\u00e9\u00e9lu au S\u00e9nat. En 2015, il s&rsquo;installe&nbsp;<a href=\"https:\/\/www.francebleu.fr\/infos\/politique\/jean-claude-gaudin-doit-etre-elu-lundi-president-de-la-future-metropole-aix-marseille-1447070589\" target=\"_blank\" rel=\"noreferrer noopener\">\u00e0 la t\u00eate de la M\u00e9tropole<\/a>&nbsp;Aix-Marseille-Provence.<\/p>\n\n\n\n<h2 class=\"wp-block-heading\">Retrait progressif de la vie politique<\/h2>\n\n\n\n<p class=\"\">\u00c0 partir de juin 2017, il annonce qu&rsquo;il ne sera&nbsp;<strong>pas candidat aux \u00e9lections municipales de 2020<\/strong>&nbsp;et apporte son soutien, d&rsquo;abord&nbsp;<a href=\"https:\/\/www.francebleu.fr\/infos\/politique\/jean-claude-gaudin-serait-pret-passer-le-relais-bruno-gilles-la-tete-de-la-mairie-de-marseille-1504681936\" target=\"_blank\" rel=\"noreferrer noopener\">\u00e0 Bruno Gilles<\/a>&nbsp;puis&nbsp;<a href=\"https:\/\/www.francebleu.fr\/infos\/politique\/jean-claude-gaudin-soutient-martine-vassal-qui-veut-rassembler-pour-les-municipales-de-2020-1560928354\" target=\"_blank\" rel=\"noreferrer noopener\">\u00e0 Martine Vassal<\/a>. En septembre de la m\u00eame ann\u00e9e, Jean-Claude Gaudin&nbsp;<a href=\"https:\/\/contrib.francebleu.fr\/infos\/politique\/jean-claude-gaudin-quitte-le-senat-pour-se-mettre-en-conformite-avec-la-loi-1501012932\/front\" target=\"_blank\" rel=\"noreferrer noopener\">d\u00e9missionne de son poste de s\u00e9nateur<\/a>&nbsp;pour cause d&rsquo;interdiction de cumul des mandats.<\/p>\n\n\n\n<p class=\"\">Un an plus tard, en septembre 2018, invoquant son \u00e2ge avanc\u00e9,&nbsp;<a href=\"https:\/\/contrib.francebleu.fr\/infos\/politique\/jean-claude-gaudin-pourrait-annoncer-sa-demission-de-la-presidence-de-la-metropole-aix-provence-1536020830\/front\" target=\"_blank\" rel=\"noreferrer noopener\">il quitte la pr\u00e9sidence de la M\u00e9tropole<\/a>&nbsp;\u00e0 laquelle lui succ\u00e8de sa dauphine, Martine Vassal, \u00e9galement pr\u00e9sidente du D\u00e9partement des Bouches-du-Rh\u00f4ne.<\/p>\n\n\n\n<p class=\"\">En novembre 2018,&nbsp;<a href=\"https:\/\/www.francebleu.fr\/infos\/faits-divers-justice\/immeubles-effondres-a-marseille\" target=\"_blank\" rel=\"noreferrer noopener\">l&rsquo;effondrement de plusieurs immeubles rue d&rsquo;Aubagne<\/a>, qui provoque la mort de huit personnes, p\u00e8se sur la&nbsp;<strong>fin du quatri\u00e8me mandat de Jean-Claude Gaudin<\/strong>. Le vieux maire concentre toutes les critiques pour son inaction. La question reviendra d&rsquo;ailleurs hanter son 198e et&nbsp;<a href=\"https:\/\/www.francebleu.fr\/infos\/politique\/la-der-des-ders-pour-jean-claude-gaudin-1580142662\" target=\"_blank\" rel=\"noreferrer noopener\">dernier conseil municipal<\/a>&nbsp;le 27 janvier 2020.<\/p>\n\n\n\n<p class=\"\">En juin 2020, la coalition de gauche, \u00e9cologiste et citoyenne&nbsp;<strong>Printemps marseillais s&#8217;empare de la mairie<\/strong>&nbsp;de droite. Le 4 juillet, en pleine crise sanitaire, le \u00ab\u00a0vieux lion\u00a0\u00bb arrivera par une porte d\u00e9rob\u00e9e \u00e0 la tribune de la salle du conseil municipal pour passer l&rsquo;\u00e9charpe de maire au cou de&nbsp;<a href=\"https:\/\/www.francebleu.fr\/infos\/politique\/direct-municipales-a-marseille-suspens-autour-du-troisieme-tour-1593848283\" target=\"_blank\" rel=\"noreferrer noopener\">Mich\u00e8le Rubirola, qui lui succ\u00e8de<\/a>.<\/p>\n\n\n\n<p class=\"\">Neuf mois apr\u00e8s avoir quitt\u00e9 son fauteuil de maire de Marseille,&nbsp;<a href=\"https:\/\/www.francebleu.fr\/infos\/politique\/jean-claude-gaudin-la-nuit-je-me-reveille-et-je-crois-encore-que-je-suis-toujours-en-responsabilites-1617287413\" target=\"_blank\" rel=\"noreferrer noopener\">Jean-Claude Gaudin publie ses m\u00e9moires<\/a>,&nbsp;<em>Maintenant, je vais tout vous raconter<\/em>, dans lesquelles il \u00e9gr\u00e8ne les moments cl\u00e9s de son histoire politique. Apr\u00e8s une tourn\u00e9e m\u00e9diatique pour \u00ab\u00a0vendre\u00a0\u00bb&nbsp;<strong>son autobiographie<\/strong>, il jure qu&rsquo;on n&rsquo;entendra plus jamais parler de lui.<\/p>\n\n\n\n<p class=\"\"><strong>La justice se rappellera n\u00e9anmoins \u00e0 son bon souvenir<\/strong>&nbsp;: en novembre 2021, il est entendu pour la premi\u00e8re fois par les juges dans le cadre de l&rsquo;<a href=\"https:\/\/www.francebleu.fr\/infos\/faits-divers-justice\/drame-de-la-rue-d-aubagne-l-ancien-maire-de-marseille-jean-claude-gaudin-entendu-par-les-enqueteurs-1637252635\" target=\"_blank\" rel=\"noreferrer noopener\">enqu\u00eate sur le drame de la rue d&rsquo;Aubagne<\/a>. Quatre mois plus tard, en mars 2022, il comparait&nbsp;dans l&rsquo;affaire des heures suppl\u00e9mentaires fictives \u00e0 la mairie de Marseille et est&nbsp;<a href=\"https:\/\/www.francebleu.fr\/infos\/faits-divers-justice\/jean-claude-gaudin-condamne-a-du-sursis-et-une-amende-dans-l-affaire-des-heures-supplementaires-1647966855\" target=\"_blank\" rel=\"noreferrer noopener\">condamn\u00e9 \u00e0 six mois de prison avec sursis<\/a>&nbsp;et \u00e0 10.000 euros d&rsquo;amende.<\/p>\n","protected":false},"excerpt":{"rendered":"<p>Jean-Claude Gaudin est mort ce lundi dans sa r\u00e9sidence secondaire de Saint-Zacharie (Var) \u00e0 84 ans, confirme son secr\u00e9taire \u00e0 France Bleu Provence. Maire de Marseille pendant 25 ans, ex-ministre, pr\u00e9sident de R\u00e9gion, de M\u00e9tropole et vice-pr\u00e9sident du S\u00e9nat, il avait consacr\u00e9 sa vie \u00e0 la politique. La politique, c&rsquo;\u00e9tait toute sa vie. Il lui [&hellip;]<\/p>\n","protected":false},"author":2,"featured_media":28308,"comment_status":"open","ping_status":"open","sticky":false,"template":"","format":"standard","meta":{"_jetpack_memberships_contains_paid_content":false,"footnotes":"","jetpack_publicize_message":"","jetpack_publicize_feature_enabled":true,"jetpack_social_post_already_shared":true,"jetpack_social_options":{"image_generator_settings":{"template":"highway","default_image_id":0,"font":"","enabled":false},"version":2},"_wpas_customize_per_network":false},"categories":[405],"tags":[],"class_list":["post-28307","post","type-post","status-publish","format-standard","has-post-thumbnail","hentry","category-actu-france-monde"],"jetpack_publicize_connections":[],"jetpack_featured_media_url":"https:\/\/i0.wp.com\/www.iceagetv.com\/radiosite\/wp-content\/uploads\/2024\/05\/Mort-de-Jean-Claude-Gaudin.jpg?fit=1200%2C680&ssl=1","jetpack_sharing_enabled":true,"_links":{"self":[{"href":"https:\/\/www.iceagetv.com\/radiosite\/wp-json\/wp\/v2\/posts\/28307","targetHints":{"allow":["GET"]}}],"collection":[{"href":"https:\/\/www.iceagetv.com\/radiosite\/wp-json\/wp\/v2\/posts"}],"about":[{"href":"https:\/\/www.iceagetv.com\/radiosite\/wp-json\/wp\/v2\/types\/post"}],"author":[{"embeddable":true,"href":"https:\/\/www.iceagetv.com\/radiosite\/wp-json\/wp\/v2\/users\/2"}],"replies":[{"embeddable":true,"href":"https:\/\/www.iceagetv.com\/radiosite\/wp-json\/wp\/v2\/comments?post=28307"}],"version-history":[{"count":1,"href":"https:\/\/www.iceagetv.com\/radiosite\/wp-json\/wp\/v2\/posts\/28307\/revisions"}],"predecessor-version":[{"id":28309,"href":"https:\/\/www.iceagetv.com\/radiosite\/wp-json\/wp\/v2\/posts\/28307\/revisions\/28309"}],"wp:featuredmedia":[{"embeddable":true,"href":"https:\/\/www.iceagetv.com\/radiosite\/wp-json\/wp\/v2\/media\/28308"}],"wp:attachment":[{"href":"https:\/\/www.iceagetv.com\/radiosite\/wp-json\/wp\/v2\/media?parent=28307"}],"wp:term":[{"taxonomy":"category","embeddable":true,"href":"https:\/\/www.iceagetv.com\/radiosite\/wp-json\/wp\/v2\/categories?post=28307"},{"taxonomy":"post_tag","embeddable":true,"href":"https:\/\/www.iceagetv.com\/radiosite\/wp-json\/wp\/v2\/tags?post=28307"}],"curies":[{"name":"wp","href":"https:\/\/api.w.org\/{rel}","templated":true}]}}