{"id":28322,"date":"2024-05-21T11:27:16","date_gmt":"2024-05-21T11:27:16","guid":{"rendered":"https:\/\/www.iceagetv.com\/radiosite\/?p=28322"},"modified":"2024-05-21T11:27:16","modified_gmt":"2024-05-21T11:27:16","slug":"nouvelle-caledonie-emmanuel-macron-part-ce-soir-pour-larchipel-pour-y-installer-une-mission-annonce-la-porte-parole-du-gouvernement","status":"publish","type":"post","link":"https:\/\/www.iceagetv.com\/radiosite\/nouvelle-caledonie-emmanuel-macron-part-ce-soir-pour-larchipel-pour-y-installer-une-mission-annonce-la-porte-parole-du-gouvernement\/","title":{"rendered":"Nouvelle-Cal\u00e9donie: Emmanuel Macron part ce soir pour l&rsquo;archipel pour y installer \u00ab\u00a0une mission\u00a0\u00bb, annonce la porte-parole du gouvernement"},"content":{"rendered":"\n<p class=\"\"><strong>Le point sur la situation \u00e0 la mi-journ\u00e9e<\/strong><\/p>\n\n\n\n<p class=\"\">Emmanuel Macron va se rendre \u00ab&nbsp;d\u00e8s ce soir&nbsp;\u00bb en Nouvelle-Cal\u00e9donie, secou\u00e9e par une flamb\u00e9e de violences, pour y installer \u00ab&nbsp;une mission&nbsp;\u00bb, a annonc\u00e9 mardi la porte-parole du gouvernement Prisca Thevenot.<\/p>\n\n\n\n<p class=\"\">\u00ab&nbsp;Il a \u00e9t\u00e9 annonc\u00e9 par le pr\u00e9sident de la R\u00e9publique, en Conseil des ministres, qu\u2019il se rendra sur place (en Nouvelle-Cal\u00e9donie). Il partira sur place d\u00e8s ce soir pour y installer une mission&nbsp;\u00bb, a affirm\u00e9 Mme Thevenot \u00e0 l\u2019issue du Conseil des ministres.<\/p>\n\n\n\n<p class=\"\">Le pr\u00e9sident part \u00ab&nbsp;dans un esprit de responsabilit\u00e9&nbsp;\u00bb, a ajout\u00e9 la porte-parole sans d\u00e9tailler la \u00ab&nbsp;mission&nbsp;\u00bb \u00e9voqu\u00e9e ni pr\u00e9ciser combien de temps le chef de l\u2019Etat resterait sur l\u2019archipel.<\/p>\n\n\n\n<p class=\"\">Elle a redit que \u00ab&nbsp;le retour \u00e0 l\u2019ordre \u00e9tait le pr\u00e9alable \u00e0 tout dialogue&nbsp;\u00bb, alors qu\u2019une r\u00e9forme \u00e9lectorale contest\u00e9e par les ind\u00e9pendantistes doit \u00eatre valid\u00e9e \u00ab&nbsp;avant la fin juin&nbsp;\u00bb selon Emmanuel Macron, par le Congr\u00e8s r\u00e9unissant s\u00e9nateurs et d\u00e9put\u00e9s.<\/p>\n\n\n\n<p class=\"\">Mais \u00ab&nbsp;l\u2019ex\u00e9cutif poursuit (&#8230;) la construction de la solution politique pour le territoire&nbsp;\u00bb, a-t-elle aussi dit.<\/p>\n\n\n\n<p class=\"\">La prorogation de l\u2019\u00e9tat d\u2019urgence, d\u00e9cr\u00e9t\u00e9 mercredi dernier, \u00ab&nbsp;n\u2019a pas \u00e9t\u00e9 abord\u00e9e&nbsp;\u00bb lors de ce Conseil des ministres, a encore indiqu\u00e9 la porte-parole du gouvernement. \u00ab&nbsp;Si la situation doit \u00eatre encore am\u00e9lior\u00e9e, elle est en voie de se normaliser&nbsp;\u00bb, a-t-elle justifi\u00e9.<\/p>\n\n\n\n<p class=\"\">Cette situation exceptionnelle ne peut \u00eatre prolong\u00e9e au-del\u00e0 de douze jours sans soumettre un texte au Parlement. Une \u00e9ventuelle prorogation n\u00e9cessiterait une saisine de l\u2019Assembl\u00e9e nationale et du S\u00e9nat avant le 27 mai.<\/p>\n\n\n\n<p class=\"\">Le Premier ministre Gabriel Attal aura \u00ab\u00a0aussi l\u2019occasion d\u2019y aller (sur l\u2019archipel), pas imm\u00e9diatement mais dans les semaines \u00e0 venir\u00a0\u00bb, a pr\u00e9cis\u00e9 Mme Thevenot alors que le dossier cal\u00e9donien n\u2019est plus pilot\u00e9 directement par Matignon depuis 2020 et que trois anciens Premiers ministres plaident pour qu\u2019il soit de nouveau g\u00e9r\u00e9 depuis la rue de Varenne.<\/p>\n\n\n\n<p class=\"\"><strong>Emmanuel Macron va se rendre \u00ab\u00a0d\u00e8s ce soir\u00a0\u00bb en Nouvelle-Cal\u00e9donie, secou\u00e9e par une flamb\u00e9e de violences, pour y installer \u00ab\u00a0une mission\u00a0\u00bb, a annonc\u00e9 mardi la porte-parole du gouvernement Prisca Thevenot.<\/strong><\/p>\n\n\n\n<p class=\"\">\u00ab\u00a0Il a \u00e9t\u00e9 annonc\u00e9 par le pr\u00e9sident de la R\u00e9publique, en Conseil des ministres qu&rsquo;il se rendra sur place (en Nouvelle-Cal\u00e9donie). Il partira sur place d\u00e8s ce soir pour y installer une mission\u00a0\u00bb, a affirm\u00e9 Prisca Thevenot.<\/p>\n","protected":false},"excerpt":{"rendered":"<p>Le point sur la situation \u00e0 la mi-journ\u00e9e Emmanuel Macron va se rendre \u00ab&nbsp;d\u00e8s ce soir&nbsp;\u00bb en Nouvelle-Cal\u00e9donie, secou\u00e9e par une flamb\u00e9e de violences, pour y installer \u00ab&nbsp;une mission&nbsp;\u00bb, a annonc\u00e9 mardi la porte-parole du gouvernement Prisca Thevenot. \u00ab&nbsp;Il a \u00e9t\u00e9 annonc\u00e9 par le pr\u00e9sident de la R\u00e9publique, en Conseil des ministres, qu\u2019il se rendra [&hellip;]<\/p>\n","protected":false},"author":2,"featured_media":28323,"comment_status":"open","ping_status":"open","sticky":false,"template":"","format":"standard","meta":{"_jetpack_memberships_contains_paid_content":false,"footnotes":"","jetpack_publicize_message":"","jetpack_publicize_feature_enabled":true,"jetpack_social_post_already_shared":true,"jetpack_social_options":{"image_generator_settings":{"template":"highway","default_image_id":0,"font":"","enabled":false},"version":2},"_wpas_customize_per_network":false},"categories":[405],"tags":[],"class_list":["post-28322","post","type-post","status-publish","format-standard","has-post-thumbnail","hentry","category-actu-france-monde"],"jetpack_publicize_connections":[],"jetpack_featured_media_url":"https:\/\/i0.wp.com\/www.iceagetv.com\/radiosite\/wp-content\/uploads\/2024\/05\/Emmanuel-Macron-part-ce-soir-pour-larchipel-pour-y-installer.jpg?fit=679%2C293&ssl=1","jetpack_sharing_enabled":true,"_links":{"self":[{"href":"https:\/\/www.iceagetv.com\/radiosite\/wp-json\/wp\/v2\/posts\/28322","targetHints":{"allow":["GET"]}}],"collection":[{"href":"https:\/\/www.iceagetv.com\/radiosite\/wp-json\/wp\/v2\/posts"}],"about":[{"href":"https:\/\/www.iceagetv.com\/radiosite\/wp-json\/wp\/v2\/types\/post"}],"author":[{"embeddable":true,"href":"https:\/\/www.iceagetv.com\/radiosite\/wp-json\/wp\/v2\/users\/2"}],"replies":[{"embeddable":true,"href":"https:\/\/www.iceagetv.com\/radiosite\/wp-json\/wp\/v2\/comments?post=28322"}],"version-history":[{"count":1,"href":"https:\/\/www.iceagetv.com\/radiosite\/wp-json\/wp\/v2\/posts\/28322\/revisions"}],"predecessor-version":[{"id":28324,"href":"https:\/\/www.iceagetv.com\/radiosite\/wp-json\/wp\/v2\/posts\/28322\/revisions\/28324"}],"wp:featuredmedia":[{"embeddable":true,"href":"https:\/\/www.iceagetv.com\/radiosite\/wp-json\/wp\/v2\/media\/28323"}],"wp:attachment":[{"href":"https:\/\/www.iceagetv.com\/radiosite\/wp-json\/wp\/v2\/media?parent=28322"}],"wp:term":[{"taxonomy":"category","embeddable":true,"href":"https:\/\/www.iceagetv.com\/radiosite\/wp-json\/wp\/v2\/categories?post=28322"},{"taxonomy":"post_tag","embeddable":true,"href":"https:\/\/www.iceagetv.com\/radiosite\/wp-json\/wp\/v2\/tags?post=28322"}],"curies":[{"name":"wp","href":"https:\/\/api.w.org\/{rel}","templated":true}]}}