{"id":28339,"date":"2024-05-23T09:40:51","date_gmt":"2024-05-23T09:40:51","guid":{"rendered":"https:\/\/www.iceagetv.com\/radiosite\/?p=28339"},"modified":"2024-05-23T09:40:51","modified_gmt":"2024-05-23T09:40:51","slug":"un-homme-de-26-ans-suspecte-de-projeter-une-tuerie-de-masse-lors-du-passage-de-la-flamme-olympique-a-bordeaux-aujourdhui-a-ete-interpelle-mardi","status":"publish","type":"post","link":"https:\/\/www.iceagetv.com\/radiosite\/un-homme-de-26-ans-suspecte-de-projeter-une-tuerie-de-masse-lors-du-passage-de-la-flamme-olympique-a-bordeaux-aujourdhui-a-ete-interpelle-mardi\/","title":{"rendered":"Un homme de 26 ans, suspect\u00e9 de projeter une tuerie de masse lors du passage de la flamme olympique \u00e0 Bordeaux aujourd&rsquo;hui, a \u00e9t\u00e9 interpell\u00e9 mardi"},"content":{"rendered":"\n<p class=\"\">Selon les informations de&nbsp;<a href=\"https:\/\/www.cnews.fr\/france\/2024-05-23\/gironde-un-homme-interpelle-pour-avoir-planifie-une-tuerie-de-masse-lors-du\" target=\"_blank\" rel=\"noreferrer noopener\">CNews<\/a>, un homme \u00e2g\u00e9 de 26 ans a \u00e9t\u00e9 interpell\u00e9 mardi par les forces de l&rsquo;ordre \u00e0 Eysines (Gironde) puis plac\u00e9 en d\u00e9tention provisoire. L&rsquo;individu est suspect\u00e9 d&rsquo;avoir projet\u00e9 une tuerie de masse lors du passage de la flamme olympique \u00e0 Bordeaux aujourd&rsquo;hui.<\/p>\n\n\n\n<p class=\"\">Nos confr\u00e8res pr\u00e9cisent que l\u2019homme a \u00e9t\u00e9 interpell\u00e9 suite \u00e0 un signalement de Pharos, la plateforme du minist\u00e8re de l&rsquo;Int\u00e9rieur o\u00f9 peuvent \u00eatre signal\u00e9s les contenus illicites.<\/p>\n\n\n\n<p class=\"\">CNews ajoute que, sur son profil Facebook, les enqu\u00eateurs ont d\u00e9couvert une publication avec un clip dans lequel il faisait r\u00e9f\u00e9rence \u00e0 Elliot Rodger, avec le commentaire : \u00ab\u00a0Tu nous manques Elliot\u00a0\u00bb. Ce dernier a perp\u00e9tr\u00e9, le 23 mai 2014, une tuerie de masse \u00e0 Isla Vista, aux Etats-Unis.<\/p>\n\n\n\n<p class=\"\">Lors de sa garde \u00e0 vue, l&rsquo;homme interpell\u00e9 a \u00e9voqu\u00e9 aupr\u00e8s des enqu\u00eateurs son projet d&rsquo;attentat qui devait se terminer par son suicide. Le jeune homme de 26 ans a \u00e9t\u00e9 plac\u00e9 en d\u00e9tention provisoire.<\/p>\n\n\n\n<p class=\"\">Ce matin, G\u00e9rald Darmanin, le ministre de l&rsquo;Int\u00e9rieur, s&rsquo;est exprim\u00e9 en confirmant l&rsquo;information de CNews. \u00ab\u00a0Un individu planifiant une action violente lors du passage du relais de la flamme olympique \u00e0 Bordeaux a \u00e9t\u00e9 interpell\u00e9. Merci aux policiers et plus largement \u00e0 l\u2019ensemble des agents du minist\u00e8re de l&rsquo;Int\u00e9rieur qui s\u00e9curisent cette f\u00eate populaire avec un professionnalisme et un engagement remarquables\u00a0\u00bb.<\/p>\n\n\n\n<p class=\"\">Ce jeudi, apr\u00e8s la Dordogne et les Pyr\u00e9n\u00e9es-Atlantiques, la flamme olympique d\u00e9barque en Gironde, notamment \u00e0 Bordeaux, et dans le Libournais pour cette 14e \u00e9tape.<\/p>\n","protected":false},"excerpt":{"rendered":"<p>Selon les informations de&nbsp;CNews, un homme \u00e2g\u00e9 de 26 ans a \u00e9t\u00e9 interpell\u00e9 mardi par les forces de l&rsquo;ordre \u00e0 Eysines (Gironde) puis plac\u00e9 en d\u00e9tention provisoire. L&rsquo;individu est suspect\u00e9 d&rsquo;avoir projet\u00e9 une tuerie de masse lors du passage de la flamme olympique \u00e0 Bordeaux aujourd&rsquo;hui. Nos confr\u00e8res pr\u00e9cisent que l\u2019homme a \u00e9t\u00e9 interpell\u00e9 suite [&hellip;]<\/p>\n","protected":false},"author":2,"featured_media":28340,"comment_status":"open","ping_status":"open","sticky":false,"template":"","format":"standard","meta":{"_jetpack_memberships_contains_paid_content":false,"footnotes":"","jetpack_publicize_message":"","jetpack_publicize_feature_enabled":true,"jetpack_social_post_already_shared":true,"jetpack_social_options":{"image_generator_settings":{"template":"highway","default_image_id":0,"font":"","enabled":false},"version":2},"_wpas_customize_per_network":false},"categories":[405],"tags":[],"class_list":["post-28339","post","type-post","status-publish","format-standard","has-post-thumbnail","hentry","category-actu-france-monde"],"jetpack_publicize_connections":[],"jetpack_featured_media_url":"https:\/\/i0.wp.com\/www.iceagetv.com\/radiosite\/wp-content\/uploads\/2024\/05\/Un-homme-de-26-ans-suspecte-de-projeter-une-tuerie-de-masse-lors-du-passage-de-la-flamme-olympique-a-Bordeaux-aujourdhui-a-ete-interpelle-mardi.jpg?fit=846%2C351&ssl=1","jetpack_sharing_enabled":true,"_links":{"self":[{"href":"https:\/\/www.iceagetv.com\/radiosite\/wp-json\/wp\/v2\/posts\/28339","targetHints":{"allow":["GET"]}}],"collection":[{"href":"https:\/\/www.iceagetv.com\/radiosite\/wp-json\/wp\/v2\/posts"}],"about":[{"href":"https:\/\/www.iceagetv.com\/radiosite\/wp-json\/wp\/v2\/types\/post"}],"author":[{"embeddable":true,"href":"https:\/\/www.iceagetv.com\/radiosite\/wp-json\/wp\/v2\/users\/2"}],"replies":[{"embeddable":true,"href":"https:\/\/www.iceagetv.com\/radiosite\/wp-json\/wp\/v2\/comments?post=28339"}],"version-history":[{"count":1,"href":"https:\/\/www.iceagetv.com\/radiosite\/wp-json\/wp\/v2\/posts\/28339\/revisions"}],"predecessor-version":[{"id":28341,"href":"https:\/\/www.iceagetv.com\/radiosite\/wp-json\/wp\/v2\/posts\/28339\/revisions\/28341"}],"wp:featuredmedia":[{"embeddable":true,"href":"https:\/\/www.iceagetv.com\/radiosite\/wp-json\/wp\/v2\/media\/28340"}],"wp:attachment":[{"href":"https:\/\/www.iceagetv.com\/radiosite\/wp-json\/wp\/v2\/media?parent=28339"}],"wp:term":[{"taxonomy":"category","embeddable":true,"href":"https:\/\/www.iceagetv.com\/radiosite\/wp-json\/wp\/v2\/categories?post=28339"},{"taxonomy":"post_tag","embeddable":true,"href":"https:\/\/www.iceagetv.com\/radiosite\/wp-json\/wp\/v2\/tags?post=28339"}],"curies":[{"name":"wp","href":"https:\/\/api.w.org\/{rel}","templated":true}]}}