{"id":28342,"date":"2024-05-23T16:05:20","date_gmt":"2024-05-23T16:05:20","guid":{"rendered":"https:\/\/www.iceagetv.com\/radiosite\/?p=28342"},"modified":"2024-05-23T16:05:20","modified_gmt":"2024-05-23T16:05:20","slug":"nouvelle-caledonie-emmanuel-macron-appelle-a-ne-rien-ceder-a-la-violence-et-retrouver-le-dialogue-nous-allons-reprendre-pas-a-pas-chaque-quartier-le-president-promet-un-point-detap","status":"publish","type":"post","link":"https:\/\/www.iceagetv.com\/radiosite\/nouvelle-caledonie-emmanuel-macron-appelle-a-ne-rien-ceder-a-la-violence-et-retrouver-le-dialogue-nous-allons-reprendre-pas-a-pas-chaque-quartier-le-president-promet-un-point-detap\/","title":{"rendered":"Nouvelle-Cal\u00e9donie: Emmanuel Macron appelle \u00e0 \u00ab\u00a0ne rien c\u00e9der \u00e0 la violence\u00a0et retrouver le dialogue\u00a0\u00bb &#8211; \u00ab\u00a0Nous allons reprendre pas \u00e0 pas chaque quartier\u00a0\u00bb &#8211; Le pr\u00e9sident promet un point d&rsquo;\u00e9tape \u00ab\u00a0d&rsquo;ici un mois\u00a0\u00bb"},"content":{"rendered":"\n<p class=\"\"><strong>Le pr\u00e9sident Emmanuel Macron s&rsquo;exprime<\/strong><\/p>\n\n\n\n<p class=\"\"><strong>\u00ab\u00a0Aucune des victimes qui sont \u00e0 d\u00e9plorer depuis le d\u00e9but ne sont du fait des gendarmes et des policiers\u00a0\u00bb. Le pr\u00e9sident appelle \u00e0 \u00ab\u00a0ne rien c\u00e9der \u00e0 la violence qui s&rsquo;est install\u00e9e depuis maintenant onze jours\u00a0\u00bb et annonce vouloir \u00ab\u00a0reprendre pas \u00e0 pas chaque quartier\u00a0\u00bb.<\/strong><\/p>\n\n\n\n<p class=\"\"><strong>\u00ab\u00a0Tous les responsables doivent explicitement appeler \u00e0 la lev\u00e9e des barrages\u00a0\u00bb. Le pr\u00e9sident indique que 3.000 forces de l&rsquo;ordre ainsi que 130 membres du GIGN et du Raid sont d\u00e9ploy\u00e9s en Nouvelle-Cal\u00e9donie.<\/strong><\/p>\n\n\n\n<p class=\"\"><strong>\u00ab\u00a0Il faut reconstruire dans les meilleurs d\u00e9lais\u00a0\u00bb, d\u00e9clare Emmanuel Macron qui promet une \u00ab\u00a0aide d\u2019urgence\u00a0\u00bb apr\u00e8s des \u00ab\u00a0dommages colossaux\u00a0\u00bb.<\/strong><\/p>\n\n\n\n<p class=\"\"><strong>Emmanuel Macron annonce \u00ab\u00a0un point d&rsquo;\u00e9tape d&rsquo;ici un mois\u00a0\u00bb. \u00ab\u00a0Je me suis engag\u00e9 \u00e0 ce que cette r\u00e9forme ne passe pas en force dans le contexte actuel (&#8230;) J\u2019ai d\u00e9cid\u00e9 d\u2019installer une mission de m\u00e9diation et de travail\u00a0\u00bb. Emmanuel Macron souhaite un vote des Cal\u00e9doniens en cas d&rsquo;accord politique global<\/strong><\/p>\n\n\n\n<p class=\"\">Le chef de l\u2019Etat ne s\u2019est pas prononc\u00e9 sur un \u00e9ventuel report du Congr\u00e8s qui doit r\u00e9unir d\u00e9put\u00e9s et s\u00e9nateurs avant la fin juin pour ent\u00e9riner la r\u00e9forme, sauf si un accord sur un texte global entre ind\u00e9pendantistes et loyalistes intervient d\u2019ici l\u00e0. Mais son objectif est clair: un retour \u00ab&nbsp;le plus vite possible (&#8230;) \u00e0 la paix, au calme, \u00e0 la s\u00e9curit\u00e9&nbsp;\u00bb et une reprise du \u00ab&nbsp;dialogue&nbsp;\u00bb, a-t-il d\u00e9clar\u00e9 d\u00e8s sa descente de l\u2019avion \u00e0 l\u2019a\u00e9roport de Noum\u00e9a.<\/p>\n\n\n\n<p class=\"\">Il a promis des \u00ab&nbsp;d\u00e9cisions&nbsp;\u00bb et des \u00ab&nbsp;annonces&nbsp;\u00bb \u00e0 \u00ab&nbsp;l\u2019issue de cette journ\u00e9e&nbsp;\u00bb, m\u00eame s\u2019il a assur\u00e9 n\u2019avoir \u00ab&nbsp;pas de limite&nbsp;\u00bb de temps sur place. Alors que depuis le d\u00e9but des \u00e9meutes, six personnes ont \u00e9t\u00e9 tu\u00e9es, dont deux gendarmes mobiles, le chef de l\u2019Etat a observ\u00e9 une minute de silence en pr\u00e9ambule d\u2019une premi\u00e8re r\u00e9union avec des \u00e9lus et acteurs \u00e9conomiques, poursuivie par un d\u00e9jeuner informel et la visite d\u2019un commissariat.<\/p>\n\n\n\n<p class=\"\">Ce \u00ab&nbsp;mouvement d\u2019insurrection absolument in\u00e9dit&nbsp;\u00bb, \u00ab&nbsp;personne ne l\u2019avait vu venir avec ce niveau d\u2019organisation et de violence&nbsp;\u00bb, a-t-il lanc\u00e9 aux gendarmes et policiers pr\u00e9sents. Un peu plus t\u00f4t, il a assur\u00e9 que les quelque 3.000 membres des forces de s\u00e9curit\u00e9 d\u00e9ploy\u00e9s \u00ab&nbsp;resteront aussi longtemps que n\u00e9cessaire, m\u00eame durant les Jeux olympiques et paralympiques&nbsp;\u00bb de Paris qui prennent fin d\u00e9but septembre.<\/p>\n\n\n\n<p class=\"\">Quant \u00e0 l\u2019\u00e9tat d\u2019urgence en vigueur depuis une semaine, il \u00ab\u00a0pense\u00a0\u00bb qu\u2019il \u00ab\u00a0ne devrait pas \u00eatre prolong\u00e9\u00a0\u00bb au-del\u00e0 des 12 jours l\u00e9gaux, \u00e0 condition que \u00ab\u00a0tous les dirigeants\u00a0\u00bb de l\u2019archipel \u00ab\u00a0appellent \u00e0 lever les barrages\u00a0\u00bb.<\/p>\n\n\n\n<p class=\"\">Emmanuel Macron a entam\u00e9 jeudi en Nouvelle-Cal\u00e9donie la partie la plus d\u00e9licate de sa visite dans l\u2019archipel par une nouvelle salve de rencontres avec des responsables politiques locaux pour tenter d\u2019amorcer un retour au \u00ab&nbsp;dialogue&nbsp;\u00bb et \u00e0 la \u00ab&nbsp;s\u00e9curit\u00e9&nbsp;\u00bb apr\u00e8s plus d\u2019une semaine d\u2019\u00e9meutes.<\/p>\n\n\n\n<p class=\"\">A la nuit tomb\u00e9e \u00e0 Noum\u00e9a, le chef de l\u2019Etat a rencontr\u00e9 dans un premier temps l\u2019aile mod\u00e9r\u00e9e des non-ind\u00e9pendantistes. Etaient notamment pr\u00e9sents Philippe Gom\u00e8s et Philippe Dunoyer, figures de Cal\u00e9donie Ensemble.<\/p>\n\n\n\n<p class=\"\">En d\u00e9saccord avec eux sur la marche \u00e0 suivre, l\u2019ex-secr\u00e9taire d\u2019Etat Sonia Back\u00e8s, cheffe de file de la branche radicale des loyalistes, et le d\u00e9put\u00e9 Renaissance de Nouvelle-Cal\u00e9donie, Nicolas Metzdorf, ont \u00e9t\u00e9 re\u00e7us dans un second temps.<\/p>\n\n\n\n<p class=\"\">Emmanuel Macron souhaite ensuite rencontrer le camp ind\u00e9pendantiste. Mais qui sera autour de la table&nbsp;?<\/p>\n\n\n\n<p class=\"\">Une premi\u00e8re r\u00e9union, jeudi matin \u00e0 Noum\u00e9a, a notamment \u00e9t\u00e9 boycott\u00e9e par le S\u00e9nat coutumier, une institution consultative dont le r\u00f4le est de d\u00e9fendre l\u2019identit\u00e9 kanak. Son pr\u00e9sident, Victor Gogny, a ainsi voulu d\u00e9noncer \u00ab&nbsp;un passage en force de l\u2019Etat&nbsp;\u00bb qui a rompu \u00ab&nbsp;le contrat de confiance&nbsp;\u00bb avec son projet de r\u00e9forme constitutionnelle du d\u00e9gel du corps \u00e9lectoral, rejet\u00e9 par les kanaks.<\/p>\n","protected":false},"excerpt":{"rendered":"<p>Le pr\u00e9sident Emmanuel Macron s&rsquo;exprime \u00ab\u00a0Aucune des victimes qui sont \u00e0 d\u00e9plorer depuis le d\u00e9but ne sont du fait des gendarmes et des policiers\u00a0\u00bb. Le pr\u00e9sident appelle \u00e0 \u00ab\u00a0ne rien c\u00e9der \u00e0 la violence qui s&rsquo;est install\u00e9e depuis maintenant onze jours\u00a0\u00bb et annonce vouloir \u00ab\u00a0reprendre pas \u00e0 pas chaque quartier\u00a0\u00bb. \u00ab\u00a0Tous les responsables doivent explicitement [&hellip;]<\/p>\n","protected":false},"author":2,"featured_media":28343,"comment_status":"open","ping_status":"open","sticky":false,"template":"","format":"standard","meta":{"_jetpack_memberships_contains_paid_content":false,"footnotes":"","jetpack_publicize_message":"","jetpack_publicize_feature_enabled":true,"jetpack_social_post_already_shared":true,"jetpack_social_options":{"image_generator_settings":{"template":"highway","default_image_id":0,"font":"","enabled":false},"version":2},"_wpas_customize_per_network":false},"categories":[405],"tags":[],"class_list":["post-28342","post","type-post","status-publish","format-standard","has-post-thumbnail","hentry","category-actu-france-monde"],"jetpack_publicize_connections":[],"jetpack_featured_media_url":"https:\/\/i0.wp.com\/www.iceagetv.com\/radiosite\/wp-content\/uploads\/2024\/05\/5wdsoDKv.jpg?fit=679%2C293&ssl=1","jetpack_sharing_enabled":true,"_links":{"self":[{"href":"https:\/\/www.iceagetv.com\/radiosite\/wp-json\/wp\/v2\/posts\/28342","targetHints":{"allow":["GET"]}}],"collection":[{"href":"https:\/\/www.iceagetv.com\/radiosite\/wp-json\/wp\/v2\/posts"}],"about":[{"href":"https:\/\/www.iceagetv.com\/radiosite\/wp-json\/wp\/v2\/types\/post"}],"author":[{"embeddable":true,"href":"https:\/\/www.iceagetv.com\/radiosite\/wp-json\/wp\/v2\/users\/2"}],"replies":[{"embeddable":true,"href":"https:\/\/www.iceagetv.com\/radiosite\/wp-json\/wp\/v2\/comments?post=28342"}],"version-history":[{"count":1,"href":"https:\/\/www.iceagetv.com\/radiosite\/wp-json\/wp\/v2\/posts\/28342\/revisions"}],"predecessor-version":[{"id":28344,"href":"https:\/\/www.iceagetv.com\/radiosite\/wp-json\/wp\/v2\/posts\/28342\/revisions\/28344"}],"wp:featuredmedia":[{"embeddable":true,"href":"https:\/\/www.iceagetv.com\/radiosite\/wp-json\/wp\/v2\/media\/28343"}],"wp:attachment":[{"href":"https:\/\/www.iceagetv.com\/radiosite\/wp-json\/wp\/v2\/media?parent=28342"}],"wp:term":[{"taxonomy":"category","embeddable":true,"href":"https:\/\/www.iceagetv.com\/radiosite\/wp-json\/wp\/v2\/categories?post=28342"},{"taxonomy":"post_tag","embeddable":true,"href":"https:\/\/www.iceagetv.com\/radiosite\/wp-json\/wp\/v2\/tags?post=28342"}],"curies":[{"name":"wp","href":"https:\/\/api.w.org\/{rel}","templated":true}]}}