{"id":28345,"date":"2024-05-24T11:03:09","date_gmt":"2024-05-24T11:03:09","guid":{"rendered":"https:\/\/www.iceagetv.com\/radiosite\/?p=28345"},"modified":"2024-05-24T11:03:09","modified_gmt":"2024-05-24T11:03:09","slug":"guerre-a-gaza-orion-hernandez-radoux-lun-des-trois-derniers-otages-francais-detenus-par-le-hamas-est-mort-larmee-israelienne-a-recupere-les-corps-de-deux-autres-otages","status":"publish","type":"post","link":"https:\/\/www.iceagetv.com\/radiosite\/guerre-a-gaza-orion-hernandez-radoux-lun-des-trois-derniers-otages-francais-detenus-par-le-hamas-est-mort-larmee-israelienne-a-recupere-les-corps-de-deux-autres-otages\/","title":{"rendered":"Guerre \u00e0 Gaza: Orion Hernandez-Radoux, l\u2019un des trois derniers otages fran\u00e7ais d\u00e9tenus par le Hamas, est mort &#8211; L&rsquo;arm\u00e9e isra\u00e9lienne a r\u00e9cup\u00e9r\u00e9 les corps de deux autres otages"},"content":{"rendered":"\n<p class=\"\"><strong>&nbsp;Le point sur ce que l&rsquo;on sait<\/strong><\/p>\n\n\n\n<p class=\"\">Emmanuel Macron a exprim\u00e9 vendredi son \u00ab&nbsp;immense tristesse&nbsp;\u00bb apr\u00e8s l\u2019annonce de la mort de l\u2019otage franco-mexicain du Hamas, Ori\u00f3n Hern\u00e1ndez-Radoux, dont le corps a \u00e9t\u00e9 r\u00e9cup\u00e9r\u00e9 dans la nuit par l\u2019arm\u00e9e isra\u00e9lienne aux c\u00f4t\u00e9s de ceux de deux autres otages.<\/p>\n\n\n\n<p class=\"\">\u00ab&nbsp;J\u2019apprends avec une immense tristesse la mort de notre compatriote Ori\u00f3n Hern\u00e1ndez-Radoux, otage du Hamas depuis le 7 octobre. Je pense \u00e0 sa famille et \u00e0 ses proches. Nous sommes \u00e0 leurs c\u00f4t\u00e9s. La France reste plus que jamais engag\u00e9e pour la lib\u00e9ration de tous les otages&nbsp;\u00bb, a \u00e9crit le pr\u00e9sident de la R\u00e9publique sur X.<\/p>\n\n\n\n<p class=\"\">Ori\u00f3n Hern\u00e1ndez-Radoux est la 43e victime fran\u00e7aise de l\u2019assaut du mouvement islamiste palestinien survenu le 7 octobre en Isra\u00ebl, qui a entra\u00een\u00e9 la mort de plus de 1.170 personnes. Deux otages fran\u00e7ais restent d\u00e9sormais d\u00e9tenus depuis plus de sept mois.<\/p>\n\n\n\n<p class=\"\">L\u2019arm\u00e9e isra\u00e9lienne a annonc\u00e9 vendredi avoir r\u00e9cup\u00e9r\u00e9 les corps de trois otages retenus dans la bande de Gaza, apr\u00e8s une \u00ab&nbsp;op\u00e9ration conjointe&nbsp;\u00bb de l\u2019arm\u00e9e et de services de renseignements isra\u00e9liens \u00e0 Jabalia, dans le nord du territoire en guerre.<\/p>\n\n\n\n<p class=\"\">En d\u00e9placement \u00e0 Valence, le Premier ministre Gabriel Attal a \u00ab&nbsp;adress\u00e9 (s)es pens\u00e9es et (s)a solidarit\u00e9 \u00e0 sa famille, ses amis \u00e0 ses proches&nbsp;\u00bb.<\/p>\n\n\n\n<p class=\"\">\u00ab&nbsp;C\u2019est un drame qui nous rappelle d\u2019abord l\u2019ampleur du massacre et de l\u2019attaque terroriste commise par le Hamas. C\u2019est un drame qui nous rappelle que nous avons toujours deux otages fran\u00e7ais qui sont retenus dans la bande de Gaza&nbsp;\u00bb, a-t-il ajout\u00e9, affirmant que \u00ab&nbsp;notre priorit\u00e9 absolue, c\u2019est \u00e9videmment de parvenir \u00e0 leur lib\u00e9ration pour qu\u2019ils puissent retrouver leurs proches en s\u00e9curit\u00e9&nbsp;\u00bb.<\/p>\n\n\n\n<p class=\"\">Outre celui d\u2019Ori\u00f3n Hern\u00e1ndez-Radoux, les corps de l\u2019Isra\u00e9lien Chanan Yablonka et de l\u2019Isra\u00e9lo-Br\u00e9silien Michel Nisenbaum ont \u00e9t\u00e9 retrouv\u00e9s.<\/p>\n\n\n\n<p class=\"\">Ces trois hommes faisaient partie des 124 personnes toujours retenues \u00e0 Gaza, sur les 252 enlev\u00e9es le 7 octobre. Le nombre d\u2019otages encore d\u00e9tenus s\u2019\u00e9l\u00e8ve d\u00e9sormais \u00e0 121, dont 37 sont morts, selon l\u2019arm\u00e9e isra\u00e9lienne.<\/p>\n\n\n\n<p class=\"\">Le 7 octobre, Ori\u00f3n Hern\u00e1ndez-Radoux avait assist\u00e9 au festival de musique Tribe of Nova, dans le sud d\u2019Isra\u00ebl, lorsque les combattants du Hamas ont attaqu\u00e9.<\/p>\n\n\n\n<p class=\"\">Dans un entretien \u00e0 l\u2019AFP en janvier, sa m\u00e8re fran\u00e7aise Marie-Pascale Radoux, peintre install\u00e9e \u00e0 Labastide-Saint-George, pr\u00e8s de Toulouse, demandait \u00ab&nbsp;au Hamas de prendre soin de (son) fils, parce qu\u2019il avait des fragilit\u00e9s physiques&nbsp;\u00bb.<\/p>\n","protected":false},"excerpt":{"rendered":"<p>&nbsp;Le point sur ce que l&rsquo;on sait Emmanuel Macron a exprim\u00e9 vendredi son \u00ab&nbsp;immense tristesse&nbsp;\u00bb apr\u00e8s l\u2019annonce de la mort de l\u2019otage franco-mexicain du Hamas, Ori\u00f3n Hern\u00e1ndez-Radoux, dont le corps a \u00e9t\u00e9 r\u00e9cup\u00e9r\u00e9 dans la nuit par l\u2019arm\u00e9e isra\u00e9lienne aux c\u00f4t\u00e9s de ceux de deux autres otages. \u00ab&nbsp;J\u2019apprends avec une immense tristesse la mort de [&hellip;]<\/p>\n","protected":false},"author":2,"featured_media":28346,"comment_status":"open","ping_status":"open","sticky":false,"template":"","format":"standard","meta":{"_jetpack_memberships_contains_paid_content":false,"footnotes":"","jetpack_publicize_message":"","jetpack_publicize_feature_enabled":true,"jetpack_social_post_already_shared":true,"jetpack_social_options":{"image_generator_settings":{"template":"highway","default_image_id":0,"font":"","enabled":false},"version":2},"_wpas_customize_per_network":false},"categories":[405],"tags":[],"class_list":["post-28345","post","type-post","status-publish","format-standard","has-post-thumbnail","hentry","category-actu-france-monde"],"jetpack_publicize_connections":[],"jetpack_featured_media_url":"https:\/\/i0.wp.com\/www.iceagetv.com\/radiosite\/wp-content\/uploads\/2024\/05\/Orion-Hernandez-Radoux.jpg?fit=679%2C293&ssl=1","jetpack_sharing_enabled":true,"_links":{"self":[{"href":"https:\/\/www.iceagetv.com\/radiosite\/wp-json\/wp\/v2\/posts\/28345","targetHints":{"allow":["GET"]}}],"collection":[{"href":"https:\/\/www.iceagetv.com\/radiosite\/wp-json\/wp\/v2\/posts"}],"about":[{"href":"https:\/\/www.iceagetv.com\/radiosite\/wp-json\/wp\/v2\/types\/post"}],"author":[{"embeddable":true,"href":"https:\/\/www.iceagetv.com\/radiosite\/wp-json\/wp\/v2\/users\/2"}],"replies":[{"embeddable":true,"href":"https:\/\/www.iceagetv.com\/radiosite\/wp-json\/wp\/v2\/comments?post=28345"}],"version-history":[{"count":1,"href":"https:\/\/www.iceagetv.com\/radiosite\/wp-json\/wp\/v2\/posts\/28345\/revisions"}],"predecessor-version":[{"id":28347,"href":"https:\/\/www.iceagetv.com\/radiosite\/wp-json\/wp\/v2\/posts\/28345\/revisions\/28347"}],"wp:featuredmedia":[{"embeddable":true,"href":"https:\/\/www.iceagetv.com\/radiosite\/wp-json\/wp\/v2\/media\/28346"}],"wp:attachment":[{"href":"https:\/\/www.iceagetv.com\/radiosite\/wp-json\/wp\/v2\/media?parent=28345"}],"wp:term":[{"taxonomy":"category","embeddable":true,"href":"https:\/\/www.iceagetv.com\/radiosite\/wp-json\/wp\/v2\/categories?post=28345"},{"taxonomy":"post_tag","embeddable":true,"href":"https:\/\/www.iceagetv.com\/radiosite\/wp-json\/wp\/v2\/tags?post=28345"}],"curies":[{"name":"wp","href":"https:\/\/api.w.org\/{rel}","templated":true}]}}