{"id":28348,"date":"2024-05-24T11:08:01","date_gmt":"2024-05-24T11:08:01","guid":{"rendered":"https:\/\/www.iceagetv.com\/radiosite\/?p=28348"},"modified":"2024-05-24T11:08:01","modified_gmt":"2024-05-24T11:08:01","slug":"nouvelle-caledonie-un-homme-tue-par-un-policier-pris-a-partie-par-une-quinzaine-dindividus-le-bilan-monte-a-sept-morts-depuis-le-debut-des-emeutes","status":"publish","type":"post","link":"https:\/\/www.iceagetv.com\/radiosite\/nouvelle-caledonie-un-homme-tue-par-un-policier-pris-a-partie-par-une-quinzaine-dindividus-le-bilan-monte-a-sept-morts-depuis-le-debut-des-emeutes\/","title":{"rendered":"Nouvelle-Cal\u00e9donie: Un homme tu\u00e9 par un policier \u00ab\u00a0pris \u00e0 partie par une quinzaine d&rsquo;individus\u00a0\u00bb &#8211; Le bilan monte \u00e0 sept morts depuis le d\u00e9but des \u00e9meutes"},"content":{"rendered":"\n<p class=\"\">Une homme de 48 ans a \u00e9t\u00e9 tu\u00e9 vendredi en Nouvelle-Cal\u00e9donie par un policier qui avait \u00e9t\u00e9 \u00ab&nbsp;pris \u00e0 partie physiquement&nbsp;\u00bb par des manifestants, a annonc\u00e9 le procureur de Noum\u00e9a, portant \u00e0 sept le nombre de morts depuis le d\u00e9but des \u00e9meutes dans l\u2019archipel.<\/p>\n\n\n\n<p class=\"\">Ce d\u00e9c\u00e8s survient au lendemain de la visite d\u2019Emmanuel Macron dans le territoire fran\u00e7ais du Pacifique Sud.<\/p>\n\n\n\n<p class=\"\">Alors qu\u2019ils circulaient \u00e0 Dumb\u00e9a, au nord de Noum\u00e9a, deux policiers ont \u00e9t\u00e9 \u00ab&nbsp;pris \u00e0 partie physiquement par un groupe d\u2019une quinzaine d\u2019individus&nbsp;\u00bb, a expliqu\u00e9 le procureur Yves Dupas dans un communiqu\u00e9. \u00ab&nbsp;Dans des circonstances qu\u2019il reste \u00e0 d\u00e9terminer, le fonctionnaire aurait fait usage de son arme de service en tirant un coup de feu, pour s\u2019extraire de cette altercation physique&nbsp;\u00bb, poursuit-il.<\/p>\n\n\n\n<p class=\"\">\u00ab&nbsp;Les premi\u00e8res constatations font \u00e9tat de la pr\u00e9sence de traces de coups sur le visage des fonctionnaires&nbsp;\u00bb, ajoute le communiqu\u00e9.<\/p>\n\n\n\n<p class=\"\">Le policier ayant tir\u00e9 a \u00e9t\u00e9 plac\u00e9 en garde \u00e0 vue et une enqu\u00eate pour homicide volontaire par personne d\u00e9positaire de l\u2019autorit\u00e9 publique a \u00e9t\u00e9 ouverte, selon le minist\u00e8re public.<\/p>\n\n\n\n<p class=\"\">Les investigations seront men\u00e9es \u00ab&nbsp;avec toute l\u2019objectivit\u00e9 et l\u2019impartialit\u00e9 n\u00e9cessaires \u00e0 la manifestation de la v\u00e9rit\u00e9&nbsp;\u00bb, a soulign\u00e9 le procureur.<\/p>\n\n\n\n<p class=\"\">Sept personnes, dont deux gendarmes, ont \u00e9t\u00e9 tu\u00e9es en Nouvelle-Cal\u00e9donie depuis le d\u00e9but de la crise, le 13 mai. C\u2019est la premi\u00e8re fois qu\u2019une personne est tu\u00e9e par un membre des forces de s\u00e9curit\u00e9.<\/p>\n","protected":false},"excerpt":{"rendered":"<p>Une homme de 48 ans a \u00e9t\u00e9 tu\u00e9 vendredi en Nouvelle-Cal\u00e9donie par un policier qui avait \u00e9t\u00e9 \u00ab&nbsp;pris \u00e0 partie physiquement&nbsp;\u00bb par des manifestants, a annonc\u00e9 le procureur de Noum\u00e9a, portant \u00e0 sept le nombre de morts depuis le d\u00e9but des \u00e9meutes dans l\u2019archipel. Ce d\u00e9c\u00e8s survient au lendemain de la visite d\u2019Emmanuel Macron dans [&hellip;]<\/p>\n","protected":false},"author":2,"featured_media":28232,"comment_status":"open","ping_status":"open","sticky":false,"template":"","format":"standard","meta":{"_jetpack_memberships_contains_paid_content":false,"footnotes":"","jetpack_publicize_message":"","jetpack_publicize_feature_enabled":true,"jetpack_social_post_already_shared":true,"jetpack_social_options":{"image_generator_settings":{"template":"highway","default_image_id":0,"font":"","enabled":false},"version":2},"_wpas_customize_per_network":false},"categories":[405],"tags":[],"class_list":["post-28348","post","type-post","status-publish","format-standard","has-post-thumbnail","hentry","category-actu-france-monde"],"jetpack_publicize_connections":[],"jetpack_featured_media_url":"https:\/\/i0.wp.com\/www.iceagetv.com\/radiosite\/wp-content\/uploads\/2024\/05\/Nouvelle-Caledonie.jpg?fit=618%2C271&ssl=1","jetpack_sharing_enabled":true,"_links":{"self":[{"href":"https:\/\/www.iceagetv.com\/radiosite\/wp-json\/wp\/v2\/posts\/28348","targetHints":{"allow":["GET"]}}],"collection":[{"href":"https:\/\/www.iceagetv.com\/radiosite\/wp-json\/wp\/v2\/posts"}],"about":[{"href":"https:\/\/www.iceagetv.com\/radiosite\/wp-json\/wp\/v2\/types\/post"}],"author":[{"embeddable":true,"href":"https:\/\/www.iceagetv.com\/radiosite\/wp-json\/wp\/v2\/users\/2"}],"replies":[{"embeddable":true,"href":"https:\/\/www.iceagetv.com\/radiosite\/wp-json\/wp\/v2\/comments?post=28348"}],"version-history":[{"count":1,"href":"https:\/\/www.iceagetv.com\/radiosite\/wp-json\/wp\/v2\/posts\/28348\/revisions"}],"predecessor-version":[{"id":28349,"href":"https:\/\/www.iceagetv.com\/radiosite\/wp-json\/wp\/v2\/posts\/28348\/revisions\/28349"}],"wp:featuredmedia":[{"embeddable":true,"href":"https:\/\/www.iceagetv.com\/radiosite\/wp-json\/wp\/v2\/media\/28232"}],"wp:attachment":[{"href":"https:\/\/www.iceagetv.com\/radiosite\/wp-json\/wp\/v2\/media?parent=28348"}],"wp:term":[{"taxonomy":"category","embeddable":true,"href":"https:\/\/www.iceagetv.com\/radiosite\/wp-json\/wp\/v2\/categories?post=28348"},{"taxonomy":"post_tag","embeddable":true,"href":"https:\/\/www.iceagetv.com\/radiosite\/wp-json\/wp\/v2\/tags?post=28348"}],"curies":[{"name":"wp","href":"https:\/\/api.w.org\/{rel}","templated":true}]}}