{"id":28363,"date":"2024-05-26T07:52:58","date_gmt":"2024-05-26T07:52:58","guid":{"rendered":"https:\/\/www.iceagetv.com\/radiosite\/?p=28363"},"modified":"2024-05-26T07:52:58","modified_gmt":"2024-05-26T07:52:58","slug":"assurance-chomage-le-gouvernement-veut-encore-serrer-la-vis-voici-les-mesures-de-la-reforme","status":"publish","type":"post","link":"https:\/\/www.iceagetv.com\/radiosite\/assurance-chomage-le-gouvernement-veut-encore-serrer-la-vis-voici-les-mesures-de-la-reforme\/","title":{"rendered":"Assurance ch\u00f4mage : le gouvernement veut encore serrer la vis, voici les mesures de la r\u00e9forme"},"content":{"rendered":"\n<p class=\"\">Dans sa qu\u00eate du plein emploi, la ministre du Travail,&nbsp;<a href=\"https:\/\/actu.fr\/politique\/remaniement-qui-est-catherine-vautrin-nouvelle-ministre-du-travail-et-de-la-sante_50982441.html\">Catherine Vautrin<\/a>, et le gouvernement semblent avoir trouv\u00e9 une recette : durcir les conditions d\u2019acc\u00e8s \u00e0 l\u2019assurance ch\u00f4mage. Gabriel Attal a annonc\u00e9 ce dimanche 26 mai 2024 les mesures d\u2019une nouvelle r\u00e9forme de l\u2019assurance ch\u00f4mage, dans une interview \u00e0&nbsp;<a href=\"https:\/\/www.latribune.fr\/economie\/politique\/gabriel-attal-j-appelle-au-plein-emploi-998358.html\"><em>La Tribune Dimanche.<\/em><\/a><\/p>\n\n\n\n<p class=\"\">Durcissement des conditions d\u2019affiliation, donc,<strong>\u00a0\u00e0 compter du 1\u1d49\u02b3 d\u00e9cembre,<\/strong>\u00a0date esp\u00e9r\u00e9e d\u2019entr\u00e9e en vigueur de r\u00e9forme, mais aussi r\u00e9duction de la dur\u00e9e d\u2019indemnisation si le ch\u00f4mage se maintient en dessous de 9% et une prime afin d\u2019inciter \u00e0 la reprise d\u2019activit\u00e9 les seniors\u2026 Diff\u00e9rentes mesures sont propos\u00e9es.<\/p>\n\n\n\n<h2 class=\"wp-block-heading\">Il va falloir travailler davantage pour toucher le ch\u00f4mage<\/h2>\n\n\n\n<p class=\"\">Alors que les syndicats ont d\u00e9fil\u00e9, mercredi et jeudi, dans le bureau de Catherine Vautrin pour des discussions autour de cette r\u00e9forme, les arbitrages autour de la r\u00e9forme semblent d\u00e9j\u00e0 avoir \u00e9t\u00e9 tranch\u00e9s.&nbsp;<\/p>\n\n\n\n<p class=\"\">Ainsi, comme annonc\u00e9 par<a href=\"https:\/\/actu.fr\/politique\/direct-interview-de-gabriel-attal-au-jt-de-20h-de-tf1-les-annonces-du-premier-ministre_60875730.html\">&nbsp;Gabriel Attal en mars dernier,<\/a>&nbsp;pour toucher les indemnit\u00e9s li\u00e9es au ch\u00f4mage,&nbsp;<strong>il faudrait travailler plus<\/strong>. Aujourd\u2019hui, pour ouvrir les droits lors de son inscription \u00e0 France Travail, il faut avoir travaill\u00e9 six mois sur les 24 derniers mois, la fameuse p\u00e9riode \u00ab&nbsp;de r\u00e9f\u00e9rence&nbsp;\u00bb.<\/p>\n\n\n\n<p class=\"\">Il faudra donc avoir travaill\u00e9<strong>\u00a0huit mois lors de 20 derniers mois pour toucher les droits,\u00a0<\/strong>comme l\u2019a confirm\u00e9 Gabriel Attal, justifiant ce changement en appuyant sur le fait que ce r\u00e9gime est \u00ab\u00a0plus g\u00e9n\u00e9reux que nos voisins, en nous rapprochant du syst\u00e8me allemand\u00a0\u00bb.<\/p>\n\n\n\n<h2 class=\"wp-block-heading\">Moins de ch\u00f4mage dans le pays ? Moins de dur\u00e9e d\u2019indemnisation<\/h2>\n\n\n\n<p class=\"\">Depuis le 1\u1d49\u02b3 f\u00e9vrier 2023, un m\u00e9canisme de \u00ab&nbsp;contracyclicit\u00e9&nbsp;\u00bb est en place pour la dur\u00e9e des indemnisations. Si on traduit le langage administratif absolument imbitable, cela veut dire que<strong>&nbsp;la dur\u00e9e des indemnisations n\u2019est plus calcul\u00e9e uniquement en fonction de la situation personnelle<\/strong>, mais aussi en prenant&nbsp;<strong>en compte la situation du march\u00e9 du travail.<\/strong><\/p>\n\n\n\n<p class=\"\">Actuellement, si le taux de ch\u00f4mage (au global) est inf\u00e9rieur \u00e0 9 % ou s\u2019il n\u2019a pas \u00e9volu\u00e9 de + 0,9 % sur un trimestre, la dur\u00e9e d\u2019indemnisation sera r\u00e9duite de 25 %. Et inversement : si le taux est sup\u00e9rieur \u00e0 9 %, ou s\u2019il a d\u00e9pass\u00e9 + 0,8 % sur un trimestre, la dur\u00e9e d\u2019indemnisation pourra durer 25 % plus longtemps.&nbsp;<\/p>\n","protected":false},"excerpt":{"rendered":"<p>Dans sa qu\u00eate du plein emploi, la ministre du Travail,&nbsp;Catherine Vautrin, et le gouvernement semblent avoir trouv\u00e9 une recette : durcir les conditions d\u2019acc\u00e8s \u00e0 l\u2019assurance ch\u00f4mage. Gabriel Attal a annonc\u00e9 ce dimanche 26 mai 2024 les mesures d\u2019une nouvelle r\u00e9forme de l\u2019assurance ch\u00f4mage, dans une interview \u00e0&nbsp;La Tribune Dimanche. Durcissement des conditions d\u2019affiliation, donc,\u00a0\u00e0 [&hellip;]<\/p>\n","protected":false},"author":2,"featured_media":28364,"comment_status":"open","ping_status":"open","sticky":false,"template":"","format":"standard","meta":{"_jetpack_memberships_contains_paid_content":false,"footnotes":"","jetpack_publicize_message":"","jetpack_publicize_feature_enabled":true,"jetpack_social_post_already_shared":true,"jetpack_social_options":{"image_generator_settings":{"template":"highway","default_image_id":0,"font":"","enabled":false},"version":2},"_wpas_customize_per_network":false},"categories":[405],"tags":[],"class_list":["post-28363","post","type-post","status-publish","format-standard","has-post-thumbnail","hentry","category-actu-france-monde"],"jetpack_publicize_connections":[],"jetpack_featured_media_url":"https:\/\/i0.wp.com\/www.iceagetv.com\/radiosite\/wp-content\/uploads\/2024\/05\/Assurance-chomage.jpg?fit=500%2C261&ssl=1","jetpack_sharing_enabled":true,"_links":{"self":[{"href":"https:\/\/www.iceagetv.com\/radiosite\/wp-json\/wp\/v2\/posts\/28363","targetHints":{"allow":["GET"]}}],"collection":[{"href":"https:\/\/www.iceagetv.com\/radiosite\/wp-json\/wp\/v2\/posts"}],"about":[{"href":"https:\/\/www.iceagetv.com\/radiosite\/wp-json\/wp\/v2\/types\/post"}],"author":[{"embeddable":true,"href":"https:\/\/www.iceagetv.com\/radiosite\/wp-json\/wp\/v2\/users\/2"}],"replies":[{"embeddable":true,"href":"https:\/\/www.iceagetv.com\/radiosite\/wp-json\/wp\/v2\/comments?post=28363"}],"version-history":[{"count":1,"href":"https:\/\/www.iceagetv.com\/radiosite\/wp-json\/wp\/v2\/posts\/28363\/revisions"}],"predecessor-version":[{"id":28365,"href":"https:\/\/www.iceagetv.com\/radiosite\/wp-json\/wp\/v2\/posts\/28363\/revisions\/28365"}],"wp:featuredmedia":[{"embeddable":true,"href":"https:\/\/www.iceagetv.com\/radiosite\/wp-json\/wp\/v2\/media\/28364"}],"wp:attachment":[{"href":"https:\/\/www.iceagetv.com\/radiosite\/wp-json\/wp\/v2\/media?parent=28363"}],"wp:term":[{"taxonomy":"category","embeddable":true,"href":"https:\/\/www.iceagetv.com\/radiosite\/wp-json\/wp\/v2\/categories?post=28363"},{"taxonomy":"post_tag","embeddable":true,"href":"https:\/\/www.iceagetv.com\/radiosite\/wp-json\/wp\/v2\/tags?post=28363"}],"curies":[{"name":"wp","href":"https:\/\/api.w.org\/{rel}","templated":true}]}}