{"id":28372,"date":"2024-05-27T11:55:46","date_gmt":"2024-05-27T11:55:46","guid":{"rendered":"https:\/\/www.iceagetv.com\/radiosite\/?p=28372"},"modified":"2024-05-27T11:55:46","modified_gmt":"2024-05-27T11:55:46","slug":"lhumoriste-pierre-palmade-est-renvoye-en-proces-pour-blessures-involontaires-concernant-laccident-routier-de-2023-annonce-le-parquet-de-melun","status":"publish","type":"post","link":"https:\/\/www.iceagetv.com\/radiosite\/lhumoriste-pierre-palmade-est-renvoye-en-proces-pour-blessures-involontaires-concernant-laccident-routier-de-2023-annonce-le-parquet-de-melun\/","title":{"rendered":"L&rsquo;humoriste Pierre Palmade est renvoy\u00e9 en proc\u00e8s pour blessures involontaires concernant l&rsquo;accident routier de 2023, annonce le parquet de Melun"},"content":{"rendered":"\n<p class=\"\">L\u2019humoriste Pierre Palmade sera jug\u00e9 pour blessures involontaires pour le grave accident qu\u2019il a provoqu\u00e9 en f\u00e9vrier 2023 sous l\u2019emprise de stup\u00e9fiants en Seine-et-Marne, a annonc\u00e9 lundi le procureur de Melun.<\/p>\n\n\n\n<p class=\"\">La juge d\u2019instruction a renvoy\u00e9 l\u2019artiste pour blessures involontaires ayant entra\u00een\u00e9 des incapacit\u00e9s totales de travail sup\u00e9rieure et inf\u00e9rieure \u00e0 trois mois, a \u00e9crit le procureur, Jean-Michel Bourl\u00e8s, dans un communiqu\u00e9. Elle n\u2019a toutefois pas suivi les r\u00e9quisitions du parquet en faveur d\u2019un proc\u00e8s pour homicide et blessures involontaires pour l\u2019humoriste de 56 ans.<\/p>\n\n\n\n<p class=\"\">Le 10 f\u00e9vrier 2023, sur une route du sud de la Seine-et-Marne, Pierre Palmade a pris le volant apr\u00e8s trois jours de \u00ab&nbsp;bringue&nbsp;\u00bb sans dormir et de consommation fr\u00e9n\u00e9tique de drogues. Sur une route d\u00e9partementale, il a percut\u00e9 une Renault Megane o\u00f9 se trouvaient trois membres d\u2019une m\u00eame famille&nbsp;: un homme de 38 ans, son fils de six ans et sa belle-soeur de 27 ans, gri\u00e8vement bless\u00e9s.<\/p>\n\n\n\n<p class=\"\">La collision a \u00e9galement provoqu\u00e9 la perte in utero d\u2019un foetus de six mois, de sexe f\u00e9minin. Pesant 1,09 kg, le b\u00e9b\u00e9 \u00e9tait \u00ab&nbsp;indiscutablement viable&nbsp;\u00bb avant l\u2019accident, selon une expertise m\u00e9dicale diligent\u00e9e par la justice. Si la qualification d\u2019\u00ab&nbsp;homicide involontaire&nbsp;\u00bb avait \u00e9t\u00e9 retenue, la proc\u00e9dure aurait fait l\u2019objet d\u2019un \u00e9pineux d\u00e9bat juridique.<\/p>\n\n\n\n<p class=\"\">Selon une jurisprudence constante de la Cour de cassation, qui s\u2019est prononc\u00e9e sur de semblables cas d\u2019accidents de la route, un enfant qui n\u2019est pas n\u00e9 n\u2019existe pas en tant que personne. Un foetus n\u2019a donc pas d\u2019existence l\u00e9gale et sa mort ne peut donc constituer un homicide involontaire pour l\u2019automobiliste mis en cause.<\/p>\n\n\n\n<p class=\"\">\u00c0 rebours de cette jurisprudence criminelle, le parquet de Melun souhaitait un \u00ab&nbsp;d\u00e9bat&nbsp;\u00bb devant le tribunal sur un \u00e9ventuel chef d\u2019\u00ab&nbsp;homicide involontaire&nbsp;\u00bb.<\/p>\n\n\n\n<p class=\"\">Pierre Palmade se trouve en situation de r\u00e9cidive en raison d\u2019une condamnation en 2019 pour usage de stup\u00e9fiants. \u00ab&nbsp;En raison de cet \u00e9tat de r\u00e9cidive l\u00e9gale, Pierre Palmade encourt une peine de 14 ans d\u2019emprisonnement et 200.000 euros d\u2019amende&nbsp;\u00bb, a d\u00e9clar\u00e9 le procureur de Melun. Contact\u00e9e par l\u2019AFP, son avocate Me C\u00e9line Lasek n\u2019a pas souhait\u00e9 faire de d\u00e9claration.<\/p>\n","protected":false},"excerpt":{"rendered":"<p>L\u2019humoriste Pierre Palmade sera jug\u00e9 pour blessures involontaires pour le grave accident qu\u2019il a provoqu\u00e9 en f\u00e9vrier 2023 sous l\u2019emprise de stup\u00e9fiants en Seine-et-Marne, a annonc\u00e9 lundi le procureur de Melun. La juge d\u2019instruction a renvoy\u00e9 l\u2019artiste pour blessures involontaires ayant entra\u00een\u00e9 des incapacit\u00e9s totales de travail sup\u00e9rieure et inf\u00e9rieure \u00e0 trois mois, a \u00e9crit [&hellip;]<\/p>\n","protected":false},"author":2,"featured_media":28373,"comment_status":"open","ping_status":"open","sticky":false,"template":"","format":"standard","meta":{"_jetpack_memberships_contains_paid_content":false,"footnotes":"","jetpack_publicize_message":"","jetpack_publicize_feature_enabled":true,"jetpack_social_post_already_shared":true,"jetpack_social_options":{"image_generator_settings":{"template":"highway","default_image_id":0,"font":"","enabled":false},"version":2},"_wpas_customize_per_network":false},"categories":[405],"tags":[],"class_list":["post-28372","post","type-post","status-publish","format-standard","has-post-thumbnail","hentry","category-actu-france-monde"],"jetpack_publicize_connections":[],"jetpack_featured_media_url":"https:\/\/i0.wp.com\/www.iceagetv.com\/radiosite\/wp-content\/uploads\/2024\/05\/Lhumoriste-Pierre-Palmade-est-renvoye-en-proces-pour-blessures-involontaires-concernant-laccident-routier-de-2023-annonce-le-parquet-de-Melun.jpg?fit=679%2C293&ssl=1","jetpack_sharing_enabled":true,"_links":{"self":[{"href":"https:\/\/www.iceagetv.com\/radiosite\/wp-json\/wp\/v2\/posts\/28372","targetHints":{"allow":["GET"]}}],"collection":[{"href":"https:\/\/www.iceagetv.com\/radiosite\/wp-json\/wp\/v2\/posts"}],"about":[{"href":"https:\/\/www.iceagetv.com\/radiosite\/wp-json\/wp\/v2\/types\/post"}],"author":[{"embeddable":true,"href":"https:\/\/www.iceagetv.com\/radiosite\/wp-json\/wp\/v2\/users\/2"}],"replies":[{"embeddable":true,"href":"https:\/\/www.iceagetv.com\/radiosite\/wp-json\/wp\/v2\/comments?post=28372"}],"version-history":[{"count":1,"href":"https:\/\/www.iceagetv.com\/radiosite\/wp-json\/wp\/v2\/posts\/28372\/revisions"}],"predecessor-version":[{"id":28374,"href":"https:\/\/www.iceagetv.com\/radiosite\/wp-json\/wp\/v2\/posts\/28372\/revisions\/28374"}],"wp:featuredmedia":[{"embeddable":true,"href":"https:\/\/www.iceagetv.com\/radiosite\/wp-json\/wp\/v2\/media\/28373"}],"wp:attachment":[{"href":"https:\/\/www.iceagetv.com\/radiosite\/wp-json\/wp\/v2\/media?parent=28372"}],"wp:term":[{"taxonomy":"category","embeddable":true,"href":"https:\/\/www.iceagetv.com\/radiosite\/wp-json\/wp\/v2\/categories?post=28372"},{"taxonomy":"post_tag","embeddable":true,"href":"https:\/\/www.iceagetv.com\/radiosite\/wp-json\/wp\/v2\/tags?post=28372"}],"curies":[{"name":"wp","href":"https:\/\/api.w.org\/{rel}","templated":true}]}}