{"id":28378,"date":"2024-05-28T15:50:24","date_gmt":"2024-05-28T15:50:24","guid":{"rendered":"https:\/\/www.iceagetv.com\/radiosite\/?p=28378"},"modified":"2024-05-28T15:50:24","modified_gmt":"2024-05-28T15:50:24","slug":"incident-le-depute-insoumis-sebastien-delogu-est-exclu-pour-15-jours-de-lassemblee-avec-suspension-des-indemnites-apres-avoir-brandit-un-drapeau-palestinien-au-coeur-de-lassemblee","status":"publish","type":"post","link":"https:\/\/www.iceagetv.com\/radiosite\/incident-le-depute-insoumis-sebastien-delogu-est-exclu-pour-15-jours-de-lassemblee-avec-suspension-des-indemnites-apres-avoir-brandit-un-drapeau-palestinien-au-coeur-de-lassemblee\/","title":{"rendered":"Incident : Le d\u00e9put\u00e9 Insoumis, S\u00e9bastien Delogu, est exclu pour 15 jours de l&rsquo;Assembl\u00e9e avec suspension des indemnit\u00e9s, apr\u00e8s avoir brandit un drapeau palestinien au coeur de l&rsquo;Assembl\u00e9e"},"content":{"rendered":"\n<p class=\"\"><strong>Dans un message sur X, le d\u00e9put\u00e9 LFI sanctionn\u00e9 annonce qu&rsquo;il se rendra ce soir place de la R\u00e9publique pour un rassemblement organis\u00e9 en soutien aux Palestiniens.<\/strong>\u00a0Plusieurs \u00e9lus insoumis comme Cl\u00e9mence Guett\u00e9, Rachel Keke et Antoine L\u00e9aument ont aussi fait savoir sur le r\u00e9seau social qu&rsquo;ils seraient pr\u00e9sents. Un pr\u00e9c\u00e9dent rassemblement organis\u00e9 hier au m\u00eame endroit a rassembl\u00e9 environ 10.000 personnes.\u00a0La patronne des Ecologistes \u00e0 l&rsquo;Assembl\u00e9e nationale Cyrielle Chatelain s&rsquo;est dite \u00ab\u00a0constern\u00e9e par la sanction d\u2019exclusion prise \u00e0 l\u2019encontre de S\u00e9bastien Delogu\u00a0\u00bb. M\u00eame chose pour le porte-parole des socialistes, Arthur Delaporte, qui juge cette sanction \u00ab\u00a0disproportionn\u00e9e\u00a0\u00bb.<strong>Par un vote \u00ab\u00a0assis-debout\u00a0\u00bb le d\u00e9put\u00e9 Delogu est exclu de l&rsquo;Assembl\u00e9e\u00a0Le bureau de l&rsquo;Assembl\u00e9e, souhaite l&rsquo;exclusion pour 15 jours du d\u00e9put\u00e9 Insoumis, S\u00e9bastien Delogu, apr\u00e8s avoir brandit un drapeauS\u00e9bastien Delogu, de la France Insoumise, s&rsquo;exprime en direct : \u00ab\u00a0L&rsquo;\u00e9tat Fran\u00e7ais est complice de ce qui se passe en Palestine. je me fou de la sanction. J&rsquo;esp\u00e8re que je vais avoir une sanction car je d\u00e9nonce ce qui se passe en palestine. il faut que le Pr\u00e9sident r\u00e9agisse.\u00a0\u00bbUn d\u00e9put\u00e9 de la France Insoumise se l\u00e8ve et brandit un drapeau palestinien \u00e0 l&rsquo;Assembl\u00e9e Nationale provoquant la suspension de la s\u00e9ance.<\/strong>\u00a0\u00c9cologistes et Insoumis ont somm\u00e9 le gouvernement de se positionner plus fermement contre les frappes isra\u00e9liennes \u00e0 Rafah. LFI a fini par brandir un drapeau palestinien dans l&rsquo;h\u00e9micycle avant qu&rsquo;un agent de l&rsquo;Assembl\u00e9e n&rsquo;intervienne et que la pr\u00e9sidente Ya\u00ebl Braun-Pivet suspende la s\u00e9ance.<\/p>\n","protected":false},"excerpt":{"rendered":"<p>Dans un message sur X, le d\u00e9put\u00e9 LFI sanctionn\u00e9 annonce qu&rsquo;il se rendra ce soir place de la R\u00e9publique pour un rassemblement organis\u00e9 en soutien aux Palestiniens.\u00a0Plusieurs \u00e9lus insoumis comme Cl\u00e9mence Guett\u00e9, Rachel Keke et Antoine L\u00e9aument ont aussi fait savoir sur le r\u00e9seau social qu&rsquo;ils seraient pr\u00e9sents. Un pr\u00e9c\u00e9dent rassemblement organis\u00e9 hier au m\u00eame [&hellip;]<\/p>\n","protected":false},"author":2,"featured_media":28379,"comment_status":"open","ping_status":"open","sticky":false,"template":"","format":"standard","meta":{"_jetpack_memberships_contains_paid_content":false,"footnotes":"","jetpack_publicize_message":"","jetpack_publicize_feature_enabled":true,"jetpack_social_post_already_shared":true,"jetpack_social_options":{"image_generator_settings":{"template":"highway","default_image_id":0,"font":"","enabled":false},"version":2},"_wpas_customize_per_network":false},"categories":[405],"tags":[],"class_list":["post-28378","post","type-post","status-publish","format-standard","has-post-thumbnail","hentry","category-actu-france-monde"],"jetpack_publicize_connections":[],"jetpack_featured_media_url":"https:\/\/i0.wp.com\/www.iceagetv.com\/radiosite\/wp-content\/uploads\/2024\/05\/Sebastien-Delogu.jpg?fit=679%2C293&ssl=1","jetpack_sharing_enabled":true,"_links":{"self":[{"href":"https:\/\/www.iceagetv.com\/radiosite\/wp-json\/wp\/v2\/posts\/28378","targetHints":{"allow":["GET"]}}],"collection":[{"href":"https:\/\/www.iceagetv.com\/radiosite\/wp-json\/wp\/v2\/posts"}],"about":[{"href":"https:\/\/www.iceagetv.com\/radiosite\/wp-json\/wp\/v2\/types\/post"}],"author":[{"embeddable":true,"href":"https:\/\/www.iceagetv.com\/radiosite\/wp-json\/wp\/v2\/users\/2"}],"replies":[{"embeddable":true,"href":"https:\/\/www.iceagetv.com\/radiosite\/wp-json\/wp\/v2\/comments?post=28378"}],"version-history":[{"count":1,"href":"https:\/\/www.iceagetv.com\/radiosite\/wp-json\/wp\/v2\/posts\/28378\/revisions"}],"predecessor-version":[{"id":28380,"href":"https:\/\/www.iceagetv.com\/radiosite\/wp-json\/wp\/v2\/posts\/28378\/revisions\/28380"}],"wp:featuredmedia":[{"embeddable":true,"href":"https:\/\/www.iceagetv.com\/radiosite\/wp-json\/wp\/v2\/media\/28379"}],"wp:attachment":[{"href":"https:\/\/www.iceagetv.com\/radiosite\/wp-json\/wp\/v2\/media?parent=28378"}],"wp:term":[{"taxonomy":"category","embeddable":true,"href":"https:\/\/www.iceagetv.com\/radiosite\/wp-json\/wp\/v2\/categories?post=28378"},{"taxonomy":"post_tag","embeddable":true,"href":"https:\/\/www.iceagetv.com\/radiosite\/wp-json\/wp\/v2\/tags?post=28378"}],"curies":[{"name":"wp","href":"https:\/\/api.w.org\/{rel}","templated":true}]}}