{"id":28382,"date":"2024-05-28T18:25:20","date_gmt":"2024-05-28T18:25:20","guid":{"rendered":"https:\/\/www.iceagetv.com\/radiosite\/?p=28382"},"modified":"2024-05-28T18:25:20","modified_gmt":"2024-05-28T18:25:20","slug":"80-ans-du-debarquement-volodymyr-zelensky-assistera-aux-commemorations-en-normandie","status":"publish","type":"post","link":"https:\/\/www.iceagetv.com\/radiosite\/80-ans-du-debarquement-volodymyr-zelensky-assistera-aux-commemorations-en-normandie\/","title":{"rendered":"80 ANS DU D\u00c9BARQUEMENT : VOLODYMYR ZELENSKY ASSISTERA AUX COMM\u00c9MORATIONS EN NORMANDIE"},"content":{"rendered":"\n<p class=\"\">Le pr\u00e9sident ukrainien Volodymyr Zelensky va assister aux comm\u00e9morations du 80e anniversaire du D\u00e9barquement alli\u00e9 en France, organis\u00e9es le jeudi 6 juin en Normandie, selon une annonce faite par le chef de l\u2019Etat Emmanuel Macron ce mardi 28 mai.<\/p>\n\n\n\n<p class=\"\">Le 6 juin prochain, le pr\u00e9sident ukrainien&nbsp;<a href=\"https:\/\/www.cnews.fr\/volodymyr-zelensky\">Volodymyr Zelensky<\/a>&nbsp;assistera en Normandie aux comm\u00e9morations du 80e anniversaire du D\u00e9barquement alli\u00e9 en France, a annonc\u00e9 mardi son homologue fran\u00e7ais Emmanuel Macron.&nbsp;<\/p>\n\n\n\n<p class=\"\">\u00abJ&rsquo;aurai l&rsquo;occasion, lorsque le pr\u00e9sident Zelensky se rendra en France \u00e0 l&rsquo;occasion du D-Day la semaine prochaine, de le recevoir et \u00e0 ce moment-l\u00e0 de m&rsquo;exprimer tr\u00e8s pr\u00e9cis\u00e9ment pour annoncer ce que nous allons faire\u00bb pour soutenir&nbsp;<a href=\"https:\/\/www.cnews.fr\/guerre-en-ukraine\">l&rsquo;Ukraine<\/a>, a d\u00e9clar\u00e9 le chef de l\u2019\u00c9tat fran\u00e7ais lors d&rsquo;une conf\u00e9rence de presse en Allemagne. &nbsp;<\/p>\n\n\n\n<p class=\"\">\u00abJe ne ferai pas de commentaire sur ce qui a \u00e9t\u00e9 des communications non coordonn\u00e9es et malheureuses\u00bb, a-t-il ajout\u00e9, en r\u00e9ponse \u00e0 une question sur le possible envoi en Ukraine d&rsquo;instructeurs militaires fran\u00e7ais.&nbsp;<\/p>\n\n\n\n<h2 class=\"wp-block-heading\">LE MONDE NE DOIT PAS \u00abSE LASSER\u00bb&nbsp;<\/h2>\n\n\n\n<p class=\"\">Cette annonce d\u2019<a href=\"https:\/\/www.cnews.fr\/emmanuel-macron\">Emmanuel Macron<\/a>&nbsp;intervient alors que Volodymyr Zelensky a partag\u00e9 sa peur d\u2019une lassitude de la communaut\u00e9 internationale \u00e0 l\u2019\u00e9gard de la guerre en Ukraine \u00e0 l\u2019occasion d\u2019une conf\u00e9rence de presse \u00e0 Lisbonne. \u00abSinon il n&rsquo;y aura pas de justice (&#8230;), sinon le monde sera chang\u00e9 par des gens comme (Vladimir) Poutine\u00bb, a-t-il martel\u00e9.&nbsp;<\/p>\n","protected":false},"excerpt":{"rendered":"<p>Le pr\u00e9sident ukrainien Volodymyr Zelensky va assister aux comm\u00e9morations du 80e anniversaire du D\u00e9barquement alli\u00e9 en France, organis\u00e9es le jeudi 6 juin en Normandie, selon une annonce faite par le chef de l\u2019Etat Emmanuel Macron ce mardi 28 mai. Le 6 juin prochain, le pr\u00e9sident ukrainien&nbsp;Volodymyr Zelensky&nbsp;assistera en Normandie aux comm\u00e9morations du 80e anniversaire du [&hellip;]<\/p>\n","protected":false},"author":2,"featured_media":28383,"comment_status":"open","ping_status":"open","sticky":false,"template":"","format":"standard","meta":{"_jetpack_memberships_contains_paid_content":false,"footnotes":"","jetpack_publicize_message":"","jetpack_publicize_feature_enabled":true,"jetpack_social_post_already_shared":true,"jetpack_social_options":{"image_generator_settings":{"template":"highway","default_image_id":0,"font":"","enabled":false},"version":2},"_wpas_customize_per_network":false},"categories":[405],"tags":[],"class_list":["post-28382","post","type-post","status-publish","format-standard","has-post-thumbnail","hentry","category-actu-france-monde"],"jetpack_publicize_connections":[],"jetpack_featured_media_url":"https:\/\/i0.wp.com\/www.iceagetv.com\/radiosite\/wp-content\/uploads\/2024\/05\/80-ANS-DU-DEBARQUEMENT.jpg?fit=680%2C383&ssl=1","jetpack_sharing_enabled":true,"_links":{"self":[{"href":"https:\/\/www.iceagetv.com\/radiosite\/wp-json\/wp\/v2\/posts\/28382","targetHints":{"allow":["GET"]}}],"collection":[{"href":"https:\/\/www.iceagetv.com\/radiosite\/wp-json\/wp\/v2\/posts"}],"about":[{"href":"https:\/\/www.iceagetv.com\/radiosite\/wp-json\/wp\/v2\/types\/post"}],"author":[{"embeddable":true,"href":"https:\/\/www.iceagetv.com\/radiosite\/wp-json\/wp\/v2\/users\/2"}],"replies":[{"embeddable":true,"href":"https:\/\/www.iceagetv.com\/radiosite\/wp-json\/wp\/v2\/comments?post=28382"}],"version-history":[{"count":1,"href":"https:\/\/www.iceagetv.com\/radiosite\/wp-json\/wp\/v2\/posts\/28382\/revisions"}],"predecessor-version":[{"id":28384,"href":"https:\/\/www.iceagetv.com\/radiosite\/wp-json\/wp\/v2\/posts\/28382\/revisions\/28384"}],"wp:featuredmedia":[{"embeddable":true,"href":"https:\/\/www.iceagetv.com\/radiosite\/wp-json\/wp\/v2\/media\/28383"}],"wp:attachment":[{"href":"https:\/\/www.iceagetv.com\/radiosite\/wp-json\/wp\/v2\/media?parent=28382"}],"wp:term":[{"taxonomy":"category","embeddable":true,"href":"https:\/\/www.iceagetv.com\/radiosite\/wp-json\/wp\/v2\/categories?post=28382"},{"taxonomy":"post_tag","embeddable":true,"href":"https:\/\/www.iceagetv.com\/radiosite\/wp-json\/wp\/v2\/tags?post=28382"}],"curies":[{"name":"wp","href":"https:\/\/api.w.org\/{rel}","templated":true}]}}