{"id":28408,"date":"2024-05-31T16:08:00","date_gmt":"2024-05-31T16:08:00","guid":{"rendered":"https:\/\/www.iceagetv.com\/radiosite\/?p=28408"},"modified":"2024-05-31T16:08:00","modified_gmt":"2024-05-31T16:08:00","slug":"allemagne-au-moins-7-personnes-blessees-dont-un-policier-ayant-son-pronostic-vital-engage-dans-une-violente-attaque-au-couteau-a-mannheim","status":"publish","type":"post","link":"https:\/\/www.iceagetv.com\/radiosite\/allemagne-au-moins-7-personnes-blessees-dont-un-policier-ayant-son-pronostic-vital-engage-dans-une-violente-attaque-au-couteau-a-mannheim\/","title":{"rendered":"Allemagne: Au moins 7 personnes bless\u00e9es, dont un policier ayant son pronostic vital engag\u00e9, dans une violente attaque au couteau \u00e0 Mannheim"},"content":{"rendered":"\n<p class=\"\"><strong>&nbsp;Ce que l&rsquo;on sait \u00e0 ce stade<\/strong><\/p>\n\n\n\n<p class=\"\">Plusieurs personnes ont \u00e9t\u00e9 gri\u00e8vement bless\u00e9es au couteau vendredi \u00e0 Mannheim en Allemagne par \u00ab l&rsquo;auteur d&rsquo;un attentat \u00bb, selon le chancelier Olaf Scholz, qui d\u2019apr\u00e8s plusieurs m\u00e9dias visait principalement un activiste anti-Islam proche de l\u2019extr\u00eame droite.<\/p>\n\n\n\n<p class=\"\">La ministre allemande de l\u2019Int\u00e9rieur Nancy Faeser a \u00e9voqu\u00e9 la possibilit\u00e9 d\u2019un acte islamiste.<\/p>\n\n\n\n<p class=\"\">\u00ab Si l&rsquo;enqu\u00eate r\u00e9v\u00e8le un mobile islamiste, ce sera une nouvelle confirmation du grand danger que repr\u00e9sentent les actes de violence islamistes, contre lequel nous avons mis en garde \u00bb, a-t-elle d\u00e9clar\u00e9 dans un communiqu\u00e9, en parlant de \u00ab crime terrible \u00bb.<\/p>\n\n\n\n<p class=\"\">Le chef du gouvernement a parl\u00e9 lui \u00ab d&rsquo;images horribles \u00bb qui circulent sur cette agression. Elle survient quelques jours avant la tenue des \u00e9lections europ\u00e9ennes la semaine prochaine.<\/p>\n\n\n\n<p class=\"\">\u00ab La violence est absolument inacceptable dans notre d\u00e9mocratie \u00bb, a-t-il ajout\u00e9 sur son compte X (ex-Twitter).<\/p>\n\n\n\n<p class=\"\">Selon plusieurs m\u00e9dias allemands, outre l\u2019activiste anti-Islam qui s\u2019appr\u00eatait \u00e0 intervenir lors d\u2019une r\u00e9union politique de son mouvement dans la ville, un policier figure \u00e9galement au nombre des bless\u00e9s.<\/p>\n\n\n\n<p class=\"\">La police elle m\u00eame n\u2019a pas donn\u00e9 de d\u00e9tails, parlant seulement dans l\u2019imm\u00e9diat de plusieurs personnes bless\u00e9es par des coups de couteau sur la place du march\u00e9 de Mannheim, dans le sud-ouest du pays. Elle a indiqu\u00e9 avoir ensuite bless\u00e9 par balles l\u2019agresseur.<\/p>\n\n\n\n<p class=\"\">Sur des images circulant sur les r\u00e9seaux sociaux, on voit un jeune homme arm\u00e9 d\u2019un poignard donner des coups de couteau \u00e0 plusieurs personnes dans le centre de Mannheim.<\/p>\n\n\n\n<p class=\"\">Plusieurs hommes tentent de le ma\u00eetriser au sol, sans y parvenir. L\u2019agresseur parvient \u00e0 se relever et \u00e0 frapper un policier dans le dos, avant qu\u2019un autre agent ne le neutralise en lui tirant dessus.<\/p>\n\n\n\n<p class=\"\">Selon plusieurs m\u00e9dias, dont le quotidien Bild, l&rsquo;attaque visait principalement une personnalit\u00e9 connue pour son activisme anti-Islam dans le pays, Michael St\u00fcrzenberger, qui s&rsquo;appr\u00eatait \u00e0 intervenir lors d&rsquo;un rassemblement organis\u00e9 par le mouvement \u00ab Mouvement citoyen Pax Europa \u00bb (BPE).<\/p>\n\n\n\n<p class=\"\">Ce mouvement politique, qui entend d\u00e9noncer \u00ab les dangers de l&rsquo;influence de l&rsquo;islam politique sur les soci\u00e9t\u00e9s d\u00e9mocratiques en Allemagne et en Europe \u00bb, a fait \u00e9tat de l&rsquo;agression contre Michael St\u00fcrzenberger sur son site internet, en parlant \u00ab d&rsquo;un attentat au couteau \u00bb lors d&rsquo;un de ses meetings.<\/p>\n\n\n\n<p class=\"\">Ce dernier, ainsi que \u00ab plusieurs b\u00e9n\u00e9voles du BPE et un policier ont \u00e9t\u00e9 bless\u00e9s au couteau \u00bb, pour certaines \u00ab tr\u00e8s gri\u00e8vement \u00bb, par l&rsquo;agresseur, a indiqu\u00e9 le mouvement. Selon lui, le policier a \u00e9t\u00e9 bless\u00e9 \u00e0 la nuque et dans le dos.<\/p>\n\n\n\n<p class=\"\">Michael St\u00fcrzenberger, 59 ans, fut dans le pass\u00e9 porte-parole du parti conservateur bavarois CSU \u00e0 Munich, et milite activement dans plusieurs organisations proches de l&rsquo;extr\u00eame droite et anti-islam.<\/p>\n\n\n\n<p class=\"\">Ces derniers mois, plusieurs op\u00e9rations policiers ont vis\u00e9 les milieux islamistes et permis selon les autorit\u00e9s d\u2019\u00e9viter des attentats.<\/p>\n\n\n\n<p class=\"\">Trois mineurs soup\u00e7onn\u00e9s de pr\u00e9parer en Allemagne un attentat terroriste pour un motif islamiste ont \u00e9t\u00e9 arr\u00eat\u00e9s et plac\u00e9s en d\u00e9tention lors du week-end de P\u00e2ques.<\/p>\n\n\n\n<p class=\"\">Deux jihadistes afghans pr\u00e9sum\u00e9s soup\u00e7onn\u00e9s d&rsquo;avoir pr\u00e9par\u00e9 un attentat pr\u00e8s du parlement su\u00e9dois ont \u00e9t\u00e9 arr\u00eat\u00e9s en Thuringe (dans l&rsquo;est de l&rsquo;Allemagne) le 19 mars.<\/p>\n\n\n\n<p class=\"\">Et fin d\u00e9cembre 2023, avaient \u00e9t\u00e9 interpell\u00e9s trois islamistes pr\u00e9sum\u00e9s, soup\u00e7onn\u00e9s d&rsquo;avoir envisag\u00e9 un attentat le soir du Nouvel An contre la cath\u00e9drale de Cologne (ouest) \u00e0 l&rsquo;aide \u00ab d&rsquo;une voiture \u00bb.<\/p>\n\n\n\n<p class=\"\">Jusqu&rsquo;ici, l&rsquo;attaque jihadiste la plus meurtri\u00e8re commise sur le sol allemand remonte \u00e0 d\u00e9cembre 2016: un attentat au camion-b\u00e9lier revendiqu\u00e9 par le groupe Etat islamique avait fait 12 morts sur un march\u00e9 de No\u00ebl en plein centre de Berlin.<strong>Selon\u00a0Der Spiegel,\u00a0sept personnes ont \u00e9t\u00e9 bless\u00e9es. Plusieurs d\u2019entre elles auraient re\u00e7u des coups de couteau aux jambes et aux bras, et certaines \u00e9galement aux \u00e9paules ou au visage. Un policier a d\u00fb \u00eatre op\u00e9r\u00e9. Son pronostic vital est engag\u00e9, selon des sources de s\u00e9curit\u00e9 cit\u00e9es par le\u00a0Tagesschau,\u00a0le journal t\u00e9l\u00e9vis\u00e9 de r\u00e9f\u00e9rence en Allemagne.<\/strong><\/p>\n","protected":false},"excerpt":{"rendered":"<p>&nbsp;Ce que l&rsquo;on sait \u00e0 ce stade Plusieurs personnes ont \u00e9t\u00e9 gri\u00e8vement bless\u00e9es au couteau vendredi \u00e0 Mannheim en Allemagne par \u00ab l&rsquo;auteur d&rsquo;un attentat \u00bb, selon le chancelier Olaf Scholz, qui d\u2019apr\u00e8s plusieurs m\u00e9dias visait principalement un activiste anti-Islam proche de l\u2019extr\u00eame droite. La ministre allemande de l\u2019Int\u00e9rieur Nancy Faeser a \u00e9voqu\u00e9 la possibilit\u00e9 [&hellip;]<\/p>\n","protected":false},"author":2,"featured_media":28409,"comment_status":"open","ping_status":"open","sticky":false,"template":"","format":"standard","meta":{"_jetpack_memberships_contains_paid_content":false,"footnotes":"","jetpack_publicize_message":"","jetpack_publicize_feature_enabled":true,"jetpack_social_post_already_shared":true,"jetpack_social_options":{"image_generator_settings":{"template":"highway","default_image_id":0,"font":"","enabled":false},"version":2},"_wpas_customize_per_network":false},"categories":[405],"tags":[],"class_list":["post-28408","post","type-post","status-publish","format-standard","has-post-thumbnail","hentry","category-actu-france-monde"],"jetpack_publicize_connections":[],"jetpack_featured_media_url":"https:\/\/i0.wp.com\/www.iceagetv.com\/radiosite\/wp-content\/uploads\/2024\/05\/Au-moins-7-personnes-blessees-dont-un-policier-ayant-son-pronostic-vital-engage-dans-une-violente-attaque-au-couteau-a-Mannheim.jpg?fit=679%2C293&ssl=1","jetpack_sharing_enabled":true,"_links":{"self":[{"href":"https:\/\/www.iceagetv.com\/radiosite\/wp-json\/wp\/v2\/posts\/28408","targetHints":{"allow":["GET"]}}],"collection":[{"href":"https:\/\/www.iceagetv.com\/radiosite\/wp-json\/wp\/v2\/posts"}],"about":[{"href":"https:\/\/www.iceagetv.com\/radiosite\/wp-json\/wp\/v2\/types\/post"}],"author":[{"embeddable":true,"href":"https:\/\/www.iceagetv.com\/radiosite\/wp-json\/wp\/v2\/users\/2"}],"replies":[{"embeddable":true,"href":"https:\/\/www.iceagetv.com\/radiosite\/wp-json\/wp\/v2\/comments?post=28408"}],"version-history":[{"count":1,"href":"https:\/\/www.iceagetv.com\/radiosite\/wp-json\/wp\/v2\/posts\/28408\/revisions"}],"predecessor-version":[{"id":28410,"href":"https:\/\/www.iceagetv.com\/radiosite\/wp-json\/wp\/v2\/posts\/28408\/revisions\/28410"}],"wp:featuredmedia":[{"embeddable":true,"href":"https:\/\/www.iceagetv.com\/radiosite\/wp-json\/wp\/v2\/media\/28409"}],"wp:attachment":[{"href":"https:\/\/www.iceagetv.com\/radiosite\/wp-json\/wp\/v2\/media?parent=28408"}],"wp:term":[{"taxonomy":"category","embeddable":true,"href":"https:\/\/www.iceagetv.com\/radiosite\/wp-json\/wp\/v2\/categories?post=28408"},{"taxonomy":"post_tag","embeddable":true,"href":"https:\/\/www.iceagetv.com\/radiosite\/wp-json\/wp\/v2\/tags?post=28408"}],"curies":[{"name":"wp","href":"https:\/\/api.w.org\/{rel}","templated":true}]}}