{"id":28423,"date":"2024-06-03T15:44:01","date_gmt":"2024-06-03T15:44:01","guid":{"rendered":"https:\/\/www.iceagetv.com\/radiosite\/?p=28423"},"modified":"2024-06-03T15:44:01","modified_gmt":"2024-06-03T15:44:01","slug":"reforme-de-lassurance-chomage-gabriel-attal-confirme-un-durcissement-des-regles-pour-aller-vers-le-plein-emploi","status":"publish","type":"post","link":"https:\/\/www.iceagetv.com\/radiosite\/reforme-de-lassurance-chomage-gabriel-attal-confirme-un-durcissement-des-regles-pour-aller-vers-le-plein-emploi\/","title":{"rendered":"R\u00e9forme de l&rsquo;assurance-ch\u00f4mage\u00a0: Gabriel Attal confirme un durcissement des r\u00e8gles \u00ab\u00a0pour aller vers le plein-emploi\u00a0\u00bb"},"content":{"rendered":"\n<p class=\"\">Les r\u00e8gles d&rsquo;indemnisation de&nbsp;<a href=\"https:\/\/www.francetvinfo.fr\/economie\/emploi\/chomage\/gabriel-attal-souhaite-une-nouvelle-reforme-globale-de-l-assurance-chomage_6451519.html\">l&rsquo;assurance-ch\u00f4mage<\/a>&nbsp;seront durcies \u00e0 compter du 1er&nbsp;d\u00e9cembre, a confirm\u00e9 Gabriel Attal dans une interview parue dans&nbsp;<a href=\"https:\/\/www.latribune.fr\/economie\/politique\/gabriel-attal-j-appelle-au-plein-emploi-998358.html\" target=\"_blank\" rel=\"noreferrer noopener\"><em>La Tribune dimanche<\/em><\/a>, dimanche 26&nbsp;mai. L&rsquo;objectif, selon le Premier ministre&nbsp;:&nbsp;<em>\u00ab\u00a0aller vers le plein-emploi\u00a0\u00bb<\/em>&nbsp;et&nbsp;<em>\u00ab\u00a0valoriser encore plus le travail\u00a0\u00bb.<\/em><\/p>\n\n\n\n<p class=\"\">Ainsi, la dur\u00e9e d&rsquo;indemnisation sera r\u00e9duite \u00e0 15 mois\u00a0<em>\u00ab\u00a0dans les conditions actuelles\u00a0\u00bb<\/em>, c&rsquo;est-\u00e0-dire si le taux de ch\u00f4mage se maintient en dessous de 9%, pour les ch\u00f4meurs de moins de 57\u00a0ans. Et il faudra avoir travaill\u00e9 8 mois sur les derniers 20\u00a0mois pour \u00eatre indemnis\u00e9, contre 6 mois au cours des 24\u00a0derniers mois actuellement, a pr\u00e9cis\u00e9 le chef du gouvernement. Ces \u00e9l\u00e9ments confirment les pistes\u00a0<a href=\"https:\/\/www.francetvinfo.fr\/economie\/emploi\/chomage\/reforme-de-l-assurance-chomage-le-gouvernement-mise-sur-3-6-milliards-d-euros-d-economies-et-la-creation-de-90-000-emplois_6559529.html\">donn\u00e9es la semaine du 20 mai aux partenaires sociaux par la ministre du Travail<\/a>, Catherine Vautrin.<\/p>\n\n\n\n<p class=\"\">Gabriel Attal a pr\u00e9cis\u00e9 que le gouvernement allait prendre un d\u00e9cret le 1er juillet pour que la r\u00e9forme&nbsp;<em>\u00ab\u00a0puisse entrer en vigueur le 1er d\u00e9cembre\u00a0\u00bb<\/em>. Changer les r\u00e8gles d&rsquo;indemnisation n\u00e9cessite une mise \u00e0 jour des syst\u00e8mes d&rsquo;information de France Travail (ex-P\u00f4le Emploi) qui ne peut \u00eatre faite du jour au lendemain.<\/p>\n\n\n\n<h2 class=\"wp-block-heading\">Cr\u00e9ation d&rsquo;un \u00ab\u00a0bonus emploi senior\u00a0\u00bb<\/h2>\n\n\n\n<p class=\"\">Le Premier ministre a \u00e9galement confirm\u00e9 la cr\u00e9ation d&rsquo;un&nbsp;<em>\u00ab\u00a0bonus emploi senior\u00a0\u00bb<\/em>. Gr\u00e2ce \u00e0 cette mesure,&nbsp;<em>\u00ab\u00a0un senior au ch\u00f4mage qui reprendra un emploi moins bien r\u00e9mun\u00e9r\u00e9 que son emploi pr\u00e9c\u00e9dent pourra cumuler son nouveau salaire avec son allocation-ch\u00f4mage\u00a0\u00bb et \u00ab\u00a0retrouvera ainsi sa r\u00e9mun\u00e9ration initiale, pendant un an\u00a0\u00bb<\/em>, a expliqu\u00e9 le locataire de Matignon. Les syndicats avaient rapport\u00e9 que les salaires seraient ainsi compens\u00e9s jusqu&rsquo;\u00e0 3&nbsp;000 euros. Il a aussi souhait\u00e9 cr\u00e9er un&nbsp;<em>\u00ab\u00a0index seniors\u00a0\u00bb<\/em>&nbsp;et \u00e9tudier la cr\u00e9ation d&rsquo;un \u00ab\u00a0CDI senior\u00a0\u00bb.<\/p>\n\n\n\n<p class=\"\">Le syst\u00e8me de bonus malus sur les contrats courts, critiqu\u00e9 par le patronat et aujourd&rsquo;hui limit\u00e9 \u00e0 sept secteurs d&rsquo;activit\u00e9, fera l&rsquo;objet d&rsquo;un examen sur&nbsp;<em>\u00ab\u00a0l&rsquo;opportunit\u00e9 de l&rsquo;\u00e9tendre en fonction de l&rsquo;\u00e9valuation \u00e0 conduire\u00a0\u00bb<\/em>.&nbsp;<em>\u00ab\u00a0Je charge Catherine Vautrin de mener une concertation pour identifier les secteurs qui auront vocation \u00e0 entrer dans ce syst\u00e8me et \u00e0 quel rythme\u00a0\u00bb<\/em>, a d\u00e9taill\u00e9 le chef du gouvernement. Re\u00e7u par la ministre du Travail cette semaine, le pr\u00e9sident du Medef Patrick Martin avait affich\u00e9 son&nbsp;<em>\u00ab\u00a0soutien \u00e0 la r\u00e9forme\u00a0\u00bb<\/em>&nbsp;tout en se disant oppos\u00e9&nbsp;<em>\u00ab\u00a0\u00e0 une g\u00e9n\u00e9ralisation ou m\u00eame \u00e0 une simple extension du bonus malus\u00a0\u00bb<\/em>.<\/p>\n\n\n\n<h2 class=\"wp-block-heading\">\u00ab\u00a0Ce n&rsquo;est pas une r\u00e9forme d&rsquo;\u00e9conomie\u00a0\u00bb<\/h2>\n\n\n\n<p class=\"\">Enfin, le Premier ministre a confirm\u00e9 l&rsquo;ajout d&rsquo;un nouveau seuil pour diminuer la dur\u00e9e d&rsquo;indemnisation, d\u00e9j\u00e0 r\u00e9duite de 25% depuis f\u00e9vrier 2023, encore davantage si le taux ch\u00f4mage tombe en de\u00e7\u00e0 de 6,5%. Il n&rsquo;a toutefois pas pr\u00e9cis\u00e9 de combien. La CGT avait rapport\u00e9 que cette dur\u00e9e serait diminu\u00e9e dans ce cas de 15 points de pourcentage suppl\u00e9mentaires, soit 40%, ce qui la ram\u00e8nerait \u00e0 12 mois.<\/p>\n\n\n\n<p class=\"\"><em>\u00ab\u00a0Pour pr\u00e9parer le rebond \u00e9conomique de 2025 que nous annoncent les pr\u00e9visionnistes, je souhaite que les r\u00e8gles soient encore plus incitatives quand la croissance repartira davantage et que le taux de ch\u00f4mage diminuera\u00a0\u00bb<\/em>, plaide Gabriel Attal. Pour le Premier ministre,&nbsp;<em>\u00ab\u00a0ce n&rsquo;est pas une r\u00e9forme d&rsquo;\u00e9conomie, mais de prosp\u00e9rit\u00e9 et d&rsquo;activit\u00e9\u00a0\u00bb<\/em>.&nbsp;<em>\u00ab\u00a0Le gain se mesurera par un nombre plus important de Fran\u00e7ais qui travailleront. Et donc plus de financements pour notre syst\u00e8me<\/em>\u00ab\u00a0, a-t-il assur\u00e9.<\/p>\n\n\n\n<p class=\"\">Selon le minist\u00e8re du Travail, le gouvernement attend de la r\u00e9forme 3,6 milliards d&rsquo;euros d&rsquo;\u00e9conomies et projette une augmentation&nbsp;<em>\u00ab\u00a0de 90<\/em>&nbsp;<em>000 le nombre de personnes en emploi\u00a0\u00bb<\/em>. Le durcissement de la condition d&rsquo;affiliation g\u00e9n\u00e8rerait \u00e0 lui seul 2,8 milliards d&rsquo;\u00e9conomies, selon la CGT.<\/p>\n","protected":false},"excerpt":{"rendered":"<p>Les r\u00e8gles d&rsquo;indemnisation de&nbsp;l&rsquo;assurance-ch\u00f4mage&nbsp;seront durcies \u00e0 compter du 1er&nbsp;d\u00e9cembre, a confirm\u00e9 Gabriel Attal dans une interview parue dans&nbsp;La Tribune dimanche, dimanche 26&nbsp;mai. L&rsquo;objectif, selon le Premier ministre&nbsp;:&nbsp;\u00ab\u00a0aller vers le plein-emploi\u00a0\u00bb&nbsp;et&nbsp;\u00ab\u00a0valoriser encore plus le travail\u00a0\u00bb. Ainsi, la dur\u00e9e d&rsquo;indemnisation sera r\u00e9duite \u00e0 15 mois\u00a0\u00ab\u00a0dans les conditions actuelles\u00a0\u00bb, c&rsquo;est-\u00e0-dire si le taux de ch\u00f4mage se maintient en [&hellip;]<\/p>\n","protected":false},"author":2,"featured_media":28424,"comment_status":"open","ping_status":"open","sticky":false,"template":"","format":"standard","meta":{"_jetpack_memberships_contains_paid_content":false,"footnotes":"","jetpack_publicize_message":"","jetpack_publicize_feature_enabled":true,"jetpack_social_post_already_shared":true,"jetpack_social_options":{"image_generator_settings":{"template":"highway","default_image_id":0,"font":"","enabled":false},"version":2},"_wpas_customize_per_network":false},"categories":[405],"tags":[],"class_list":["post-28423","post","type-post","status-publish","format-standard","has-post-thumbnail","hentry","category-actu-france-monde"],"jetpack_publicize_connections":[],"jetpack_featured_media_url":"https:\/\/i0.wp.com\/www.iceagetv.com\/radiosite\/wp-content\/uploads\/2024\/06\/Reforme-de-lassurance-chomage.jpg?fit=753%2C490&ssl=1","jetpack_sharing_enabled":true,"_links":{"self":[{"href":"https:\/\/www.iceagetv.com\/radiosite\/wp-json\/wp\/v2\/posts\/28423","targetHints":{"allow":["GET"]}}],"collection":[{"href":"https:\/\/www.iceagetv.com\/radiosite\/wp-json\/wp\/v2\/posts"}],"about":[{"href":"https:\/\/www.iceagetv.com\/radiosite\/wp-json\/wp\/v2\/types\/post"}],"author":[{"embeddable":true,"href":"https:\/\/www.iceagetv.com\/radiosite\/wp-json\/wp\/v2\/users\/2"}],"replies":[{"embeddable":true,"href":"https:\/\/www.iceagetv.com\/radiosite\/wp-json\/wp\/v2\/comments?post=28423"}],"version-history":[{"count":1,"href":"https:\/\/www.iceagetv.com\/radiosite\/wp-json\/wp\/v2\/posts\/28423\/revisions"}],"predecessor-version":[{"id":28425,"href":"https:\/\/www.iceagetv.com\/radiosite\/wp-json\/wp\/v2\/posts\/28423\/revisions\/28425"}],"wp:featuredmedia":[{"embeddable":true,"href":"https:\/\/www.iceagetv.com\/radiosite\/wp-json\/wp\/v2\/media\/28424"}],"wp:attachment":[{"href":"https:\/\/www.iceagetv.com\/radiosite\/wp-json\/wp\/v2\/media?parent=28423"}],"wp:term":[{"taxonomy":"category","embeddable":true,"href":"https:\/\/www.iceagetv.com\/radiosite\/wp-json\/wp\/v2\/categories?post=28423"},{"taxonomy":"post_tag","embeddable":true,"href":"https:\/\/www.iceagetv.com\/radiosite\/wp-json\/wp\/v2\/tags?post=28423"}],"curies":[{"name":"wp","href":"https:\/\/api.w.org\/{rel}","templated":true}]}}