{"id":28430,"date":"2024-06-04T14:15:38","date_gmt":"2024-06-04T14:15:38","guid":{"rendered":"https:\/\/www.iceagetv.com\/radiosite\/?p=28430"},"modified":"2024-06-04T14:15:38","modified_gmt":"2024-06-04T14:15:38","slug":"larcom-appelle-les-chaines-au-strict-respect-des-regles-des-temps-de-parole-avant-linterview-demmanuel-macron-sur-tf1-et-france-2-jeudi-soir","status":"publish","type":"post","link":"https:\/\/www.iceagetv.com\/radiosite\/larcom-appelle-les-chaines-au-strict-respect-des-regles-des-temps-de-parole-avant-linterview-demmanuel-macron-sur-tf1-et-france-2-jeudi-soir\/","title":{"rendered":"L&rsquo;Arcom appelle les cha\u00eenes au \u00ab\u00a0strict respect des r\u00e8gles\u00a0\u00bb des temps de parole, avant l&rsquo;interview d&rsquo;Emmanuel Macron sur TF1 et France 2 jeudi soir"},"content":{"rendered":"\n<p class=\"\">L&rsquo;Arcom, le r\u00e9gulateur de l&rsquo;audiovisuel, a appel\u00e9 mardi les cha\u00eenes au \u00ab\u00a0strict respect des r\u00e8gles\u00a0\u00bb des temps de parole, avant l&rsquo;interview d&rsquo;Emmanuel Macron sur TF1 et France 2 jeudi, \u00e0 trois jours des \u00e9lections europ\u00e9ennes.<\/p>\n\n\n\n<p class=\"\">\u00ab\u00a0Tout ou partie des propos tenus lors de cette interview pourra \u00eatre pris en compte\u00a0\u00bb dans le temps de parole de la liste du camp pr\u00e9sidentiel et les autres listes devront b\u00e9n\u00e9ficier en contrepartie d'\u00a0\u00bbun acc\u00e8s \u00e9quitable\u00a0\u00bb aux antennes, a soulign\u00e9 le r\u00e9gulateur dans un communiqu\u00e9. Les oppositions avaient saisi l&rsquo;Arcom pour protester contre l&rsquo;intervention du pr\u00e9sident de la R\u00e9publique jeudi au 20H00 de TF1 et France 2, \u00e9galement retransmise sur les cha\u00eenes info des deux groupes, LCI et franceinfo.<\/p>\n\n\n\n<p class=\"\">A trois jours des europ\u00e9ennes, elles y voient un soutien \u00e0 la liste conduite par la candidate macroniste Val\u00e9rie Hayer. L&rsquo;autorit\u00e9 ind\u00e9pendante a indiqu\u00e9 mardi avoir \u00e9crit aux groupes TF1 et France T\u00e9l\u00e9visions \u00ab\u00a0afin qu&rsquo;ils lui fassent conna\u00eetre sans d\u00e9lai les dispositions qu&rsquo;ils entendent prendre\u00a0\u00bb pour \u00e9quilibrer les temps de parole. Ces dispositions doivent \u00eatre prises \u00ab\u00a0y compris de mani\u00e8re anticip\u00e9e\u00a0\u00bb, pr\u00e9cise l&rsquo;Arcom. La campagne \u00e9lectorale prend fin vendredi \u00e0 minuit et les candidats ne pourront ensuite plus s&rsquo;exprimer publiquement. En outre, l&rsquo;Arcom a re\u00e7u lundi plusieurs petites listes candidates, inqui\u00e8tes de ne pas b\u00e9n\u00e9ficier d&rsquo;un acc\u00e8s \u00e9quitable aux antennes. L&rsquo;autorit\u00e9 \u00ab\u00a0les a assur\u00e9es de son enti\u00e8re vigilance\u00a0\u00bb, affirme-t-elle.<\/p>\n\n\n\n<p class=\"\">Les prises de parole du Pr\u00e9sident de la R\u00e9publique en p\u00e9riode d&rsquo;\u00e9lections sont r\u00e9gies par des r\u00e8gles particuli\u00e8res. Elles stipulent que les interventions du chef de l&rsquo;Etat qui \u00ab\u00a0rel\u00e8vent du d\u00e9bat politique li\u00e9 aux \u00e9lections, notamment celles qui comportent l&rsquo;expression d&rsquo;un soutien envers un candidat ou une liste de candidats\u00a0\u00bb, doivent \u00eatre comptabilis\u00e9es comme du temps de parole li\u00e9 au scrutin. Dans ce cas, les autres listes doivent b\u00e9n\u00e9ficier \u00ab\u00a0en contrepartie\u00a0\u00bb d&rsquo;un \u00ab\u00a0acc\u00e8s \u00e9quitable\u00a0\u00bb \u00e0 l&rsquo;antenne.<\/p>\n\n\n\n<p class=\"\">Cela veut donc dire que, pour la m\u00eame intervention, certains propos du pr\u00e9sident de la R\u00e9publique peuvent \u00eatre pris en compte au titre de la campagne \u00e9lectorale et d&rsquo;autres non. Fin avril, l&rsquo;Arcom avait estim\u00e9 qu&rsquo;un discours de pr\u00e8s de deux heures de M. Macron \u00e0 la Sorbonne au sujet de l&rsquo;Europe devait \u00eatre d\u00e9compt\u00e9 dans son int\u00e9gralit\u00e9 comme du temps de parole pour son camp.<\/p>\n\n\n\n<p class=\"\">Depuis le 15 avril, les cha\u00eenes de t\u00e9l\u00e9 et de radio sont tenues d&rsquo;assurer un \u00ab\u00a0acc\u00e8s \u00e9quitable \u00e0 l&rsquo;antenne\u00a0\u00bb entre les listes. Mais \u00e9quit\u00e9 ne veut pas dire \u00e9galit\u00e9: le temps d&rsquo;antenne de chaque liste d\u00e9pend de ses r\u00e9sultats aux pr\u00e9c\u00e9dentes \u00e9lections, des sondages ou de sa capacit\u00e9 \u00e0 \u00ab\u00a0animer la campagne\u00a0\u00bb (via par exemples des r\u00e9unions publiques).&nbsp;<\/p>\n","protected":false},"excerpt":{"rendered":"<p>L&rsquo;Arcom, le r\u00e9gulateur de l&rsquo;audiovisuel, a appel\u00e9 mardi les cha\u00eenes au \u00ab\u00a0strict respect des r\u00e8gles\u00a0\u00bb des temps de parole, avant l&rsquo;interview d&rsquo;Emmanuel Macron sur TF1 et France 2 jeudi, \u00e0 trois jours des \u00e9lections europ\u00e9ennes. \u00ab\u00a0Tout ou partie des propos tenus lors de cette interview pourra \u00eatre pris en compte\u00a0\u00bb dans le temps de parole [&hellip;]<\/p>\n","protected":false},"author":2,"featured_media":28431,"comment_status":"open","ping_status":"open","sticky":false,"template":"","format":"standard","meta":{"_jetpack_memberships_contains_paid_content":false,"footnotes":"","jetpack_publicize_message":"","jetpack_publicize_feature_enabled":true,"jetpack_social_post_already_shared":true,"jetpack_social_options":{"image_generator_settings":{"template":"highway","default_image_id":0,"font":"","enabled":false},"version":2},"_wpas_customize_per_network":false},"categories":[405],"tags":[],"class_list":["post-28430","post","type-post","status-publish","format-standard","has-post-thumbnail","hentry","category-actu-france-monde"],"jetpack_publicize_connections":[],"jetpack_featured_media_url":"https:\/\/i0.wp.com\/www.iceagetv.com\/radiosite\/wp-content\/uploads\/2024\/06\/LArcom-appelle-les-chaines.png?fit=652%2C313&ssl=1","jetpack_sharing_enabled":true,"_links":{"self":[{"href":"https:\/\/www.iceagetv.com\/radiosite\/wp-json\/wp\/v2\/posts\/28430","targetHints":{"allow":["GET"]}}],"collection":[{"href":"https:\/\/www.iceagetv.com\/radiosite\/wp-json\/wp\/v2\/posts"}],"about":[{"href":"https:\/\/www.iceagetv.com\/radiosite\/wp-json\/wp\/v2\/types\/post"}],"author":[{"embeddable":true,"href":"https:\/\/www.iceagetv.com\/radiosite\/wp-json\/wp\/v2\/users\/2"}],"replies":[{"embeddable":true,"href":"https:\/\/www.iceagetv.com\/radiosite\/wp-json\/wp\/v2\/comments?post=28430"}],"version-history":[{"count":1,"href":"https:\/\/www.iceagetv.com\/radiosite\/wp-json\/wp\/v2\/posts\/28430\/revisions"}],"predecessor-version":[{"id":28432,"href":"https:\/\/www.iceagetv.com\/radiosite\/wp-json\/wp\/v2\/posts\/28430\/revisions\/28432"}],"wp:featuredmedia":[{"embeddable":true,"href":"https:\/\/www.iceagetv.com\/radiosite\/wp-json\/wp\/v2\/media\/28431"}],"wp:attachment":[{"href":"https:\/\/www.iceagetv.com\/radiosite\/wp-json\/wp\/v2\/media?parent=28430"}],"wp:term":[{"taxonomy":"category","embeddable":true,"href":"https:\/\/www.iceagetv.com\/radiosite\/wp-json\/wp\/v2\/categories?post=28430"},{"taxonomy":"post_tag","embeddable":true,"href":"https:\/\/www.iceagetv.com\/radiosite\/wp-json\/wp\/v2\/tags?post=28430"}],"curies":[{"name":"wp","href":"https:\/\/api.w.org\/{rel}","templated":true}]}}