{"id":28433,"date":"2024-06-04T14:31:10","date_gmt":"2024-06-04T14:31:10","guid":{"rendered":"https:\/\/www.iceagetv.com\/radiosite\/?p=28433"},"modified":"2024-06-04T14:31:10","modified_gmt":"2024-06-04T14:31:10","slug":"gaza-le-president-emmanuel-macron-qui-sest-entretenu-avec-le-premier-ministre-israelien-benyamin-netanyahou-appelle-de-nouveau-le-hamas-a-accepter-laccord-de-cessez-le-feu","status":"publish","type":"post","link":"https:\/\/www.iceagetv.com\/radiosite\/gaza-le-president-emmanuel-macron-qui-sest-entretenu-avec-le-premier-ministre-israelien-benyamin-netanyahou-appelle-de-nouveau-le-hamas-a-accepter-laccord-de-cessez-le-feu\/","title":{"rendered":"Gaza: Le pr\u00e9sident Emmanuel Macron, qui s&rsquo;est entretenu avec le Premier ministre isra\u00e9lien, Benyamin N\u00e9tanyahou, appelle de nouveau le Hamas \u00e0 accepter l&rsquo;accord de cessez-le-feu"},"content":{"rendered":"\n<p class=\"\">Le pr\u00e9sident fran\u00e7ais Emmanuel Macron s&rsquo;est entretenu avec le Premier ministre isra\u00e9lien, Benyamin N\u00e9tanyahou.&nbsp;\u00ab\u00a0Il a r\u00e9it\u00e9r\u00e9 la solidarit\u00e9 du peuple fran\u00e7ais avec le peuple isra\u00e9lien face au terrorisme\u00a0\u00bb, assure un communiqu\u00e9 de l&rsquo;Elys\u00e9e, indiquant aussi qu&rsquo;il a pr\u00e9sent\u00e9 ses&nbsp;\u00ab\u00a0condol\u00e9ances\u00a0\u00bb&nbsp;apr\u00e8s l&rsquo;annonce de la mort de quatre otages isra\u00e9liens.<\/p>\n\n\n\n<p class=\"\">Le pr\u00e9sident a aussi r\u00e9it\u00e9r\u00e9 son&nbsp;\u00ab\u00a0appel au Hamas (&#8230;) \u00e0 accepter [l&rsquo;]accord\u00a0\u00bb&nbsp;de paix pr\u00e9sent\u00e9 par Joe Biden. Il estime que&nbsp;\u00ab\u00a0l&rsquo;Autorit\u00e9 palestinienne r\u00e9form\u00e9e et renforc\u00e9e, avec l\u2019aide de la communaut\u00e9 internationale, doit assurer la gouvernance\u00a0\u00bb&nbsp;d&rsquo;un futur Etat palestinien apr\u00e8s la guerre.<\/p>\n\n\n\n<p class=\"\">Et d&rsquo;appeler Isra\u00ebl&nbsp;\u00ab\u00a0\u00e0 la plus grande retenue\u00a0\u00bb&nbsp;dans le cadre des tensions croissantes \u00e0 la fronti\u00e8re avec le Liban.<\/p>\n","protected":false},"excerpt":{"rendered":"<p>Le pr\u00e9sident fran\u00e7ais Emmanuel Macron s&rsquo;est entretenu avec le Premier ministre isra\u00e9lien, Benyamin N\u00e9tanyahou.&nbsp;\u00ab\u00a0Il a r\u00e9it\u00e9r\u00e9 la solidarit\u00e9 du peuple fran\u00e7ais avec le peuple isra\u00e9lien face au terrorisme\u00a0\u00bb, assure un communiqu\u00e9 de l&rsquo;Elys\u00e9e, indiquant aussi qu&rsquo;il a pr\u00e9sent\u00e9 ses&nbsp;\u00ab\u00a0condol\u00e9ances\u00a0\u00bb&nbsp;apr\u00e8s l&rsquo;annonce de la mort de quatre otages isra\u00e9liens. Le pr\u00e9sident a aussi r\u00e9it\u00e9r\u00e9 son&nbsp;\u00ab\u00a0appel au Hamas [&hellip;]<\/p>\n","protected":false},"author":2,"featured_media":28434,"comment_status":"open","ping_status":"open","sticky":false,"template":"","format":"standard","meta":{"_jetpack_memberships_contains_paid_content":false,"footnotes":"","jetpack_publicize_message":"","jetpack_publicize_feature_enabled":true,"jetpack_social_post_already_shared":true,"jetpack_social_options":{"image_generator_settings":{"template":"highway","default_image_id":0,"font":"","enabled":false},"version":2},"_wpas_customize_per_network":false},"categories":[405],"tags":[],"class_list":["post-28433","post","type-post","status-publish","format-standard","has-post-thumbnail","hentry","category-actu-france-monde"],"jetpack_publicize_connections":[],"jetpack_featured_media_url":"https:\/\/i0.wp.com\/www.iceagetv.com\/radiosite\/wp-content\/uploads\/2024\/06\/vzjWtNdh.jpg?fit=899%2C388&ssl=1","jetpack_sharing_enabled":true,"_links":{"self":[{"href":"https:\/\/www.iceagetv.com\/radiosite\/wp-json\/wp\/v2\/posts\/28433","targetHints":{"allow":["GET"]}}],"collection":[{"href":"https:\/\/www.iceagetv.com\/radiosite\/wp-json\/wp\/v2\/posts"}],"about":[{"href":"https:\/\/www.iceagetv.com\/radiosite\/wp-json\/wp\/v2\/types\/post"}],"author":[{"embeddable":true,"href":"https:\/\/www.iceagetv.com\/radiosite\/wp-json\/wp\/v2\/users\/2"}],"replies":[{"embeddable":true,"href":"https:\/\/www.iceagetv.com\/radiosite\/wp-json\/wp\/v2\/comments?post=28433"}],"version-history":[{"count":1,"href":"https:\/\/www.iceagetv.com\/radiosite\/wp-json\/wp\/v2\/posts\/28433\/revisions"}],"predecessor-version":[{"id":28435,"href":"https:\/\/www.iceagetv.com\/radiosite\/wp-json\/wp\/v2\/posts\/28433\/revisions\/28435"}],"wp:featuredmedia":[{"embeddable":true,"href":"https:\/\/www.iceagetv.com\/radiosite\/wp-json\/wp\/v2\/media\/28434"}],"wp:attachment":[{"href":"https:\/\/www.iceagetv.com\/radiosite\/wp-json\/wp\/v2\/media?parent=28433"}],"wp:term":[{"taxonomy":"category","embeddable":true,"href":"https:\/\/www.iceagetv.com\/radiosite\/wp-json\/wp\/v2\/categories?post=28433"},{"taxonomy":"post_tag","embeddable":true,"href":"https:\/\/www.iceagetv.com\/radiosite\/wp-json\/wp\/v2\/tags?post=28433"}],"curies":[{"name":"wp","href":"https:\/\/api.w.org\/{rel}","templated":true}]}}