{"id":28440,"date":"2024-06-05T08:48:16","date_gmt":"2024-06-05T08:48:16","guid":{"rendered":"https:\/\/www.iceagetv.com\/radiosite\/?p=28440"},"modified":"2024-06-05T08:48:16","modified_gmt":"2024-06-05T08:48:16","slug":"clamart-le-portrait-tres-inquietant-du-jeune-homme-de-14-ans-qui-en-fuite-au-volant-dune-voiture-volee-a-tue-un-automobiliste-qui-arrivait-en-sens-inverse","status":"publish","type":"post","link":"https:\/\/www.iceagetv.com\/radiosite\/clamart-le-portrait-tres-inquietant-du-jeune-homme-de-14-ans-qui-en-fuite-au-volant-dune-voiture-volee-a-tue-un-automobiliste-qui-arrivait-en-sens-inverse\/","title":{"rendered":"Clamart : Le portrait tr\u00e8s inqui\u00e9tant du jeune homme de 14 ans qui, en fuite au volant d&rsquo;une voiture vol\u00e9e, a tu\u00e9 un automobiliste qui arrivait en sens inverse"},"content":{"rendered":"\n<p class=\"\">Le portrait tr\u00e8s inqui\u00e9tant du jeune homme de 14 ans qui, en fuite au volant d&rsquo;une voiture vol\u00e9e, a tu\u00e9 un automobiliste qui arrivait en sens inverse. Selon une source polici\u00e8re, vers 2h50 dans la nuit de lundi \u00e0 mardi, des policiers de la brigade anti-criminalit\u00e9 (Bac) rep\u00e8rent au niveau de Palaiseau (Essonne) une voiture qu\u2019ils suspectent d\u2019avoir \u00e9t\u00e9 vol\u00e9e. Toujours selon cette source, le v\u00e9hicule refuse alors d\u2019obtemp\u00e9rer et s\u2019engage vers la RN118, puis emprunte la D906.<\/p>\n\n\n\n<p class=\"\">Une course-poursuite s\u2019est alors engag\u00e9e. C\u2019est au niveau de la ville de Clamart que le conducteur perd le contr\u00f4le, franchit le terre-plein central et percute une voiture arrivant en face tuant son conducteur, d\u00e9taille la m\u00eame source polici\u00e8re.le parquet de Cr\u00e9teil.<\/p>\n\n\n\n<p class=\"\">Au volant d\u2019une voiture signal\u00e9e vol\u00e9e, le jeune gar\u00e7on \u00ab\u00a0aurait refus\u00e9 de se soumettre aux injonctions (de la police, NDLR) et pris la fuite\u00a0\u00bb, poursuit le parquet. Il \u00ab\u00a0aurait perdu le contr\u00f4le du v\u00e9hicule et percut\u00e9 une Peugeit qui venait \u00e0 contre-sens\u00a0\u00bb, tuant son conducteur.&nbsp;La Peugeot 307, projet\u00e9e \u00e0 plusieurs m\u00e8tres du lieu de l\u2019impact, est tr\u00e8s ab\u00eem\u00e9e.<\/p>\n\n\n\n<p class=\"\">Son conducteur, un homme de 34&nbsp;ans vivant \u00e0 Clamart, succombe imm\u00e9diatement au choc, les m\u00e9decins du&nbsp;<a href=\"https:\/\/www.huffingtonpost.fr\/justice\/article\/mort-de-naomi-musenga-l-operatrice-du-samu-va-etre-jugee-plus-de-six-ans-apres-les-faits_234644.html\">Samu<\/a>&nbsp;ne parvenant pas \u00e0 le r\u00e9animer.<\/p>\n\n\n\n<p class=\"\">Le fuyard mineur sort alors de la voiture qu\u2019il conduisait, tandis que celle-ci commence \u00e0 prendre feu, et est interpell\u00e9 par les forces de l\u2019ordre.&nbsp;<\/p>\n\n\n\n<p class=\"\"><strong>Domicili\u00e9 dans le Val-de-Marne, l&rsquo;adolescent de 14 ans avait d\u00e9j\u00e0 \u00e9t\u00e9 d\u00e9clar\u00e9 coupable par le tribunal pour enfants de Cr\u00e9teil le 4 d\u00e9cembre, pour deux chefs d&rsquo;accusation<\/strong>&nbsp;: vol avec violence ayant entra\u00een\u00e9 une incapacit\u00e9 temporaire de travail sup\u00e9rieure \u00e0 8 jours, et atteinte \u00e0 l\u2019intimit\u00e9 de la vie priv\u00e9e.&nbsp;<\/p>\n\n\n\n<p class=\"\">Depuis, et en attendant le prononc\u00e9 de sa sanction pr\u00e9vue pour le 12 juillet, il a \u00e9t\u00e9 plac\u00e9 &#8211; dans le cadre d&rsquo;une mise \u00e0 l&rsquo;\u00e9preuve \u00e9ducative &#8211; sous contr\u00f4le judiciaire, impliquant l&rsquo;interdiction de porter une arme, et de rentrer en contact avec la victime ou les coauteurs de l&rsquo;infraction.<\/p>\n\n\n\n<p class=\"\">En parall\u00e8le, il fait aussi l&rsquo;objet d&rsquo;une mesure \u00e9ducative judiciaire provisoire, impliquant un module de r\u00e9paration. Ce dernier peut consister en une activit\u00e9 d&rsquo;aide ou de r\u00e9paration \u00e0 l&rsquo;\u00e9gard de la victime ou dans l&rsquo;int\u00e9r\u00eat de la collectivit\u00e9, ou une m\u00e9diation entre le mineur et la victime.<\/p>\n","protected":false},"excerpt":{"rendered":"<p>Le portrait tr\u00e8s inqui\u00e9tant du jeune homme de 14 ans qui, en fuite au volant d&rsquo;une voiture vol\u00e9e, a tu\u00e9 un automobiliste qui arrivait en sens inverse. Selon une source polici\u00e8re, vers 2h50 dans la nuit de lundi \u00e0 mardi, des policiers de la brigade anti-criminalit\u00e9 (Bac) rep\u00e8rent au niveau de Palaiseau (Essonne) une voiture [&hellip;]<\/p>\n","protected":false},"author":2,"featured_media":28441,"comment_status":"open","ping_status":"open","sticky":false,"template":"","format":"standard","meta":{"_jetpack_memberships_contains_paid_content":false,"footnotes":"","jetpack_publicize_message":"","jetpack_publicize_feature_enabled":true,"jetpack_social_post_already_shared":true,"jetpack_social_options":{"image_generator_settings":{"template":"highway","default_image_id":0,"font":"","enabled":false},"version":2},"_wpas_customize_per_network":false},"categories":[405],"tags":[],"class_list":["post-28440","post","type-post","status-publish","format-standard","has-post-thumbnail","hentry","category-actu-france-monde"],"jetpack_publicize_connections":[],"jetpack_featured_media_url":"https:\/\/i0.wp.com\/www.iceagetv.com\/radiosite\/wp-content\/uploads\/2024\/06\/Clamart.jpg?fit=899%2C388&ssl=1","jetpack_sharing_enabled":true,"_links":{"self":[{"href":"https:\/\/www.iceagetv.com\/radiosite\/wp-json\/wp\/v2\/posts\/28440","targetHints":{"allow":["GET"]}}],"collection":[{"href":"https:\/\/www.iceagetv.com\/radiosite\/wp-json\/wp\/v2\/posts"}],"about":[{"href":"https:\/\/www.iceagetv.com\/radiosite\/wp-json\/wp\/v2\/types\/post"}],"author":[{"embeddable":true,"href":"https:\/\/www.iceagetv.com\/radiosite\/wp-json\/wp\/v2\/users\/2"}],"replies":[{"embeddable":true,"href":"https:\/\/www.iceagetv.com\/radiosite\/wp-json\/wp\/v2\/comments?post=28440"}],"version-history":[{"count":1,"href":"https:\/\/www.iceagetv.com\/radiosite\/wp-json\/wp\/v2\/posts\/28440\/revisions"}],"predecessor-version":[{"id":28442,"href":"https:\/\/www.iceagetv.com\/radiosite\/wp-json\/wp\/v2\/posts\/28440\/revisions\/28442"}],"wp:featuredmedia":[{"embeddable":true,"href":"https:\/\/www.iceagetv.com\/radiosite\/wp-json\/wp\/v2\/media\/28441"}],"wp:attachment":[{"href":"https:\/\/www.iceagetv.com\/radiosite\/wp-json\/wp\/v2\/media?parent=28440"}],"wp:term":[{"taxonomy":"category","embeddable":true,"href":"https:\/\/www.iceagetv.com\/radiosite\/wp-json\/wp\/v2\/categories?post=28440"},{"taxonomy":"post_tag","embeddable":true,"href":"https:\/\/www.iceagetv.com\/radiosite\/wp-json\/wp\/v2\/tags?post=28440"}],"curies":[{"name":"wp","href":"https:\/\/api.w.org\/{rel}","templated":true}]}}