{"id":28448,"date":"2024-06-06T14:37:14","date_gmt":"2024-06-06T14:37:14","guid":{"rendered":"https:\/\/www.iceagetv.com\/radiosite\/?p=28448"},"modified":"2024-06-06T14:37:14","modified_gmt":"2024-06-06T14:37:14","slug":"groupe-denfants-percutes-a-la-rochelle-a-velo-par-une-automobiliste-de-83-ans-roulant-a-contresens-une-petite-fille-de-10-ans-declaree-en-etat-de-mort-cerebrale-une-autre-enfant-de-10-ans-est","status":"publish","type":"post","link":"https:\/\/www.iceagetv.com\/radiosite\/groupe-denfants-percutes-a-la-rochelle-a-velo-par-une-automobiliste-de-83-ans-roulant-a-contresens-une-petite-fille-de-10-ans-declaree-en-etat-de-mort-cerebrale-une-autre-enfant-de-10-ans-est\/","title":{"rendered":"Groupe d&rsquo;enfants percut\u00e9s \u00e0 La Rochelle \u00e0 v\u00e9lo par une automobiliste de 83 ans roulant \u00e0 \u00ab\u00a0contresens\u00a0\u00bb: Une petite fille de 10 ans d\u00e9clar\u00e9e en \u00e9tat de mort c\u00e9r\u00e9brale &#8211; Une autre enfant de 10 ans est \u00ab\u00a0toujours en urgence absolue\u00a0\u00bb"},"content":{"rendered":"\n<p class=\"\">Une fillette de 10 ans, qui faisait partie du groupe de sept enfants percut\u00e9s par une voiture mercredi \u00e0 La Rochelle, a \u00e9t\u00e9 d\u00e9clar\u00e9e en \u00e9tat de mort c\u00e9r\u00e9brale, a annonc\u00e9 le parquet de La Rochelle dans un communiqu\u00e9. Mercredi, un&nbsp;groupe de douze enfants \u00e2g\u00e9s de 8 \u00e0 11 ans inscrits dans un centre de loisirs communal et qui circulait \u00e0 v\u00e9lo a \u00e9t\u00e9 percut\u00e9 frontalement par une automobiliste de 83 ans.<\/p>\n\n\n\n<p class=\"\">Une autre enfant de 10 ans est \u00ab\u00a0toujours en urgence absolue\u00a0\u00bb,&nbsp;ajoute le parquet dans son communiqu\u00e9. Une troisi\u00e8me fillette de 9 ans \u00ab\u00a0hospitalis\u00e9e \u00e0 La Rochelle en urgence relative a \u00e9t\u00e9 transf\u00e9r\u00e9e \u00e0 Poitiers en observation\u00a0\u00bb.<\/p>\n\n\n\n<p class=\"\">Un \u00ab\u00a0choc frontal\u00a0\u00bb impliquant un groupe d&rsquo;enfants \u00e0 v\u00e9lo et une automobiliste octog\u00e9naire, mercredi \u00e0 La Rochelle, a fait sept bless\u00e9s dont trois graves.<\/p>\n\n\n\n<p class=\"\">Les faits se sont produits mercredi matin vers 10H00 sur une avenue proche du centre-ville, tandis que les enfants se rendaient \u00e0 une course d&rsquo;orientation dans un parc public, dans le cadre d&rsquo;un centre a\u00e9r\u00e9.<\/p>\n\n\n\n<p class=\"\">Ils ont \u00e9t\u00e9 percut\u00e9s par une Twingo jaune sur une voie \u00e0 double sens de circulation, un \u00ab\u00a0choc frontal\u00a0\u00bb dont la cause n&rsquo;est \u00ab\u00a0pas d\u00e9termin\u00e9e\u00a0\u00bb, a d\u00e9clar\u00e9 le parquet, qui a ouvert une enqu\u00eate pour blessures involontaires.<\/p>\n\n\n\n<p class=\"\">Les enfants, casqu\u00e9s et dot\u00e9s de gilets r\u00e9fl\u00e9chissants, \u00e9taient encadr\u00e9s de deux animateurs et \u00ab\u00a0avaient l&rsquo;habitude de se d\u00e9placer \u00e0 v\u00e9lo. Ils le font r\u00e9guli\u00e8rement\u00a0\u00bb, a pr\u00e9cis\u00e9 la mairie de La Rochelle.<\/p>\n\n\n\n<p class=\"\">Cette portion de l&rsquo;avenue ne dispose pas encore de piste cyclable, selon la municipalit\u00e9. \u00ab\u00a0C&rsquo;est pr\u00e9vu mais pas \u00e0 ce jour\u00a0\u00bb, a d\u00e9clar\u00e9 Catherine L\u00e9onidas, premi\u00e8re adjointe au maire.<\/p>\n\n\n\n<p class=\"\">\u00ab\u00a0La dame a remont\u00e9 toute la rue sur la file de gauche \u00e0 contresens, elle ne savait plus ce qu&rsquo;elle faisait\u00a0\u00bb, a racont\u00e9 \u00e0 l&rsquo;AFP Yann, un quadrag\u00e9naire habitant l&rsquo;avenue.<\/p>\n\n\n\n<p class=\"\">\u00ab\u00a0J&rsquo;ai entendu le bruit du choc, j&rsquo;ai entendu les cris\u00a0\u00bb, a-t-il poursuivi. \u00ab\u00a0Ce n&rsquo;est pas la premi\u00e8re fois que \u00e7a arrive, il y a eu quatre accidents en cinq ans sur cette avenue parce que les gens roulent trop vite.\u00a0\u00bb<\/p>\n\n\n\n<p class=\"\">Sur la chauss\u00e9e, on pouvait voir des casques cyclistes rest\u00e9s au sol, un gilet jaune fluo et des v\u00e9los enchev\u00eatr\u00e9s ou laiss\u00e9s sur place, a constat\u00e9 un correspondant de l&rsquo;AFP, tandis que des enqu\u00eateurs effectuaient des relev\u00e9s.<\/p>\n\n\n\n<p class=\"\">\u00ab\u00a0La conductrice, \u00e2g\u00e9e de 83 ans, est n\u00e9gative \u00e0 l&rsquo;alcool\u00e9mie et aux stup\u00e9fiants\u00a0\u00bb, a soulign\u00e9 dans un communiqu\u00e9 le procureur Arnaud Laraize. Plac\u00e9e dans un premier temps en garde \u00e0 vue, l&rsquo;automobiliste a \u00e9t\u00e9 hospitalis\u00e9e et sa garde \u00e0 vue lev\u00e9e \u00ab\u00a0pour incompatibilit\u00e9 m\u00e9dicale\u00a0\u00bb.<\/p>\n\n\n\n<p class=\"\">\u00ab\u00a0Elle est hospitalis\u00e9e et pas encore +auditionnable+\u00a0\u00bb, a ajout\u00e9 le procureur. L&rsquo;enqu\u00eate a \u00e9t\u00e9 confi\u00e9e \u00e0 la Direction interd\u00e9partementale de la Police Nationale (DIPN) de La Rochelle, qui a commenc\u00e9 \u00e0 interroger des t\u00e9moins et rechercher d&rsquo;\u00e9ventuelles images de cam\u00e9ras de surveillance.<\/p>\n","protected":false},"excerpt":{"rendered":"<p>Une fillette de 10 ans, qui faisait partie du groupe de sept enfants percut\u00e9s par une voiture mercredi \u00e0 La Rochelle, a \u00e9t\u00e9 d\u00e9clar\u00e9e en \u00e9tat de mort c\u00e9r\u00e9brale, a annonc\u00e9 le parquet de La Rochelle dans un communiqu\u00e9. Mercredi, un&nbsp;groupe de douze enfants \u00e2g\u00e9s de 8 \u00e0 11 ans inscrits dans un centre de [&hellip;]<\/p>\n","protected":false},"author":2,"featured_media":28449,"comment_status":"open","ping_status":"open","sticky":false,"template":"","format":"standard","meta":{"_jetpack_memberships_contains_paid_content":false,"footnotes":"","jetpack_publicize_message":"","jetpack_publicize_feature_enabled":true,"jetpack_social_post_already_shared":true,"jetpack_social_options":{"image_generator_settings":{"template":"highway","default_image_id":0,"font":"","enabled":false},"version":2},"_wpas_customize_per_network":false},"categories":[405],"tags":[],"class_list":["post-28448","post","type-post","status-publish","format-standard","has-post-thumbnail","hentry","category-actu-france-monde"],"jetpack_publicize_connections":[],"jetpack_featured_media_url":"https:\/\/i0.wp.com\/www.iceagetv.com\/radiosite\/wp-content\/uploads\/2024\/06\/Groupe-denfants-percutes-a-La-Rochelle-a-velo-par-une-automobiliste-de-83-ans.jpg?fit=899%2C388&ssl=1","jetpack_sharing_enabled":true,"_links":{"self":[{"href":"https:\/\/www.iceagetv.com\/radiosite\/wp-json\/wp\/v2\/posts\/28448","targetHints":{"allow":["GET"]}}],"collection":[{"href":"https:\/\/www.iceagetv.com\/radiosite\/wp-json\/wp\/v2\/posts"}],"about":[{"href":"https:\/\/www.iceagetv.com\/radiosite\/wp-json\/wp\/v2\/types\/post"}],"author":[{"embeddable":true,"href":"https:\/\/www.iceagetv.com\/radiosite\/wp-json\/wp\/v2\/users\/2"}],"replies":[{"embeddable":true,"href":"https:\/\/www.iceagetv.com\/radiosite\/wp-json\/wp\/v2\/comments?post=28448"}],"version-history":[{"count":1,"href":"https:\/\/www.iceagetv.com\/radiosite\/wp-json\/wp\/v2\/posts\/28448\/revisions"}],"predecessor-version":[{"id":28450,"href":"https:\/\/www.iceagetv.com\/radiosite\/wp-json\/wp\/v2\/posts\/28448\/revisions\/28450"}],"wp:featuredmedia":[{"embeddable":true,"href":"https:\/\/www.iceagetv.com\/radiosite\/wp-json\/wp\/v2\/media\/28449"}],"wp:attachment":[{"href":"https:\/\/www.iceagetv.com\/radiosite\/wp-json\/wp\/v2\/media?parent=28448"}],"wp:term":[{"taxonomy":"category","embeddable":true,"href":"https:\/\/www.iceagetv.com\/radiosite\/wp-json\/wp\/v2\/categories?post=28448"},{"taxonomy":"post_tag","embeddable":true,"href":"https:\/\/www.iceagetv.com\/radiosite\/wp-json\/wp\/v2\/tags?post=28448"}],"curies":[{"name":"wp","href":"https:\/\/api.w.org\/{rel}","templated":true}]}}