{"id":28455,"date":"2024-06-07T07:49:48","date_gmt":"2024-06-07T07:49:48","guid":{"rendered":"https:\/\/www.iceagetv.com\/radiosite\/?p=28455"},"modified":"2024-06-07T07:49:48","modified_gmt":"2024-06-07T07:49:48","slug":"ceremonies-des-80-ans-du-debarquement-six-sequences-a-retenir","status":"publish","type":"post","link":"https:\/\/www.iceagetv.com\/radiosite\/ceremonies-des-80-ans-du-debarquement-six-sequences-a-retenir\/","title":{"rendered":"C\u00e9r\u00e9monies des 80 ans du D\u00e9barquement : six s\u00e9quences \u00e0 retenir"},"content":{"rendered":"\n<p class=\"\">Huit d\u00e9cennies plus tard, sur la plage d&rsquo;Omaha Beach, les Alli\u00e9s se sont retrouv\u00e9s sans la Russie pour c\u00e9l\u00e9brer la victoire sur le nazisme, alors que la guerre fait de nouveau rage en Europe.<\/p>\n\n\n\n<p class=\"\">Des c\u00e9r\u00e9monies pour ne pas oublier. La France a accueilli, jeudi 6 juin,&nbsp;<a href=\"https:\/\/www.francetvinfo.fr\/replay-jt\/franceinfo\/21h-minuit\/23-heures\/80-ans-du-debarquement-quel-est-le-programme_6588264.html\">les comm\u00e9morations<\/a>&nbsp;du 80e anniversaire du&nbsp;<a href=\"https:\/\/www.francetvinfo.fr\/france\/debarquement-du-6-juin-1944\/grand-entretien-l-etat-major-allemand-n-arrive-pas-a-se-mettre-a-la-place-des-allies-le-debarquement-vu-du-cote-des-nazis-par-l-historien-jean-luc-leleu_6568793.html\">D\u00e9barquement<\/a>. La journ\u00e9e a commenc\u00e9 par la&nbsp;c\u00e9r\u00e9monie franco-britannique au m\u00e9morial de Ver-sur-Mer (Calvados), pr\u00e8s de Gold Beach, suivi de pr\u00e8s par la c\u00e9r\u00e9monie franco-canadienne \u00e0 Courseulles-sur-Mer, pr\u00e8s de Juno Beach. Un peu plus tard, Joe Biden et Emmanuel Macron se sont retrouv\u00e9s au cimeti\u00e8re am\u00e9ricain de Colleville-sur-Mer pour la c\u00e9r\u00e9monie franco-am\u00e9ricaine. Puis, l&rsquo;ensemble des chefs d&rsquo;Etat se sont retrouv\u00e9s \u00e0&nbsp;<a href=\"https:\/\/www.francetvinfo.fr\/france\/debarquement-du-6-juin-1944\/video-ceremonies-du-80e-anniversaire-du-debarquement-decouvrez-les-terribles-pieges-allemands-disposes-sur-la-plage-d-omaha-beach_6586698.html\">Omaha Beach<\/a>&nbsp;pour la c\u00e9r\u00e9monie internationale.<\/p>\n\n\n\n<h2 class=\"wp-block-heading\">Emmanuel Macron rend hommage aux soldats britanniques<\/h2>\n\n\n\n<p class=\"\"><a href=\"https:\/\/www.francetvinfo.fr\/france\/debarquement-du-6-juin-1944\/commemorations-des-80-ans-du-debarquement-emmanuel-macron-veut-remettre-la-france-au-c-ur-de-la-scene-internationale_6588045.html\">Emmanuel Macron<\/a>&nbsp;a rendu hommage, en anglais, aux 1&nbsp;465 soldats britanniques morts lors du D\u00e9barquement.<em>&nbsp;\u00ab\u00a0Personne en France, en Normandie, ne peut oublier leur sacrifice et votre sacrifice\u00a0\u00bb<\/em>, a affirm\u00e9 le pr\u00e9sident de la R\u00e9publique devant des v\u00e9t\u00e9rans au m\u00e9morial de Ver-sur-Mer aux c\u00f4t\u00e9s du roi Charles III.&nbsp;<em>\u00ab\u00a0Votre pr\u00e9sence \u00e0 nos c\u00f4t\u00e9s est extr\u00eamement importante\u00a0\u00bb<\/em>, a lanc\u00e9 le chef de l&rsquo;Etat fran\u00e7ais.<\/p>\n\n\n\n<p class=\"\">Emmanuel Macron a ensuite remis la L\u00e9gion d&rsquo;honneur \u00e0 Christian Lamb,&nbsp;fille d&rsquo;un amiral qui a rejoint pendant la Seconde Guerre mondiale le Women&rsquo;s Royal Naval Service. Ag\u00e9e de 103 ans, la Britannique a aid\u00e9 \u00e0 planifier le \u00ab\u00a0D-Day\u00a0\u00bb depuis les salles de guerre de Churchill, a-t-elle racont\u00e9 \u00e0 la BBC.&nbsp;<em>\u00ab\u00a0Vous faites partie de ces personnes de l&rsquo;ombre\u00a0\u00bb<\/em>, a d\u00e9clar\u00e9 Emmanuel Macron.<\/p>\n\n\n\n<h2 class=\"wp-block-heading\">Le pr\u00e9sident remet la L\u00e9gion d&rsquo;honneur \u00e0 onze v\u00e9t\u00e9rans am\u00e9ricains<em>Ces humbles tombes blanches\u00a0\u00bb\u00a0<\/em>sont\u00a0<em>\u00ab\u00a0un des lieux les plus \u00e9mouvants de France\u00a0\u00bb<\/em>, a d\u00e9clar\u00e9 Emmanuel Macron devant le cimeti\u00e8re am\u00e9ricain.\u00a0Dans son discours, il s&rsquo;est ensuite adress\u00e9 aux v\u00e9t\u00e9rans am\u00e9ricains en citant leurs pr\u00e9noms et leurs noms un \u00e0 un.\u00a0<em>\u00ab\u00a0A l&rsquo;\u00e9t\u00e9 1944, vous aviez 20 ans \u00e0 peine, parfois moins. Vous aviez une famille, des amis, une femme, des r\u00eaves, des projets, un avenir. Et vous avez tout quitt\u00e9, franchi l&rsquo;oc\u00e9an et d\u00e9barqu\u00e9 sur les c\u00f4tes de France il y a huit d\u00e9cennies. Pour cela, merci.\u00a0\u00bb<\/em><\/h2>\n\n\n\n<p class=\"\">Apr\u00e8s avoir rappel\u00e9 les faits d&rsquo;armes de chacun des onze soldats mis \u00e0 l&rsquo;honneur, le pr\u00e9sident fran\u00e7ais leur a remis la L\u00e9gion d&rsquo;honneur.&nbsp;<em>\u00ab\u00a0Au nom de la R\u00e9publique fran\u00e7aise, nous vous faisons chevalier de la L\u00e9gion d&rsquo;honneur\u00a0\u00bb<\/em>, a r\u00e9p\u00e9t\u00e9 Emmanuel Macron \u00e0 chaque ancien combattant. Pourquoi cette distinction intervient 80 ans apr\u00e8s le D\u00e9barquement&nbsp;? Le consulat de France \u00e0 Miami explique que les v\u00e9t\u00e9rans am\u00e9ricains ont mis parfois du temps \u00e0 \u00eatre identifi\u00e9s, via les associations d&rsquo;anciens combattants. Il a ensuite fallu constituer un dossier avec des preuves pour que la Grande chancellerie accepte de remettre la d\u00e9coration.<\/p>\n\n\n\n<h2 class=\"wp-block-heading\">Joe Biden d\u00e9livre un discours tr\u00e8s politique \u00e0 quelques mois de la pr\u00e9sidentielleJoe Biden a fait r\u00e9sonner l&rsquo;histoire pass\u00e9e avec le pr\u00e9sent. Il a notamment \u00e9voqu\u00e9 la guerre en Ukraine, l&rsquo;Otan ou encore la tentation isolationniste des Etats-Unis.\u00a0<em>\u00ab\u00a0L&rsquo;isolationnisme n&rsquo;\u00e9tait pas la r\u00e9ponse il y a 80 ans. Et ce n&rsquo;est pas toujours pas la r\u00e9ponse aujourd&rsquo;hui\u00a0\u00bb<\/em>, a lanc\u00e9 le locataire de la Maison Blanche \u00e0 cinq mois de l&rsquo;\u00e9lection pr\u00e9sidentielle am\u00e9ricaine.<\/h2>\n\n\n\n<p class=\"\">Le pr\u00e9sident des Etats-Unis est \u00e9galement revenu sur le 6 juin 1944.<em>&nbsp;\u00ab\u00a0Nous avons prouv\u00e9 que la libert\u00e9 est plus forte que la tyrannie. Nous avons prouv\u00e9 que les id\u00e9aux de nos d\u00e9mocraties sont plus forts qu&rsquo;une combinaison d&rsquo;arm\u00e9es de la tyrannie. Nous avons prouv\u00e9 l&rsquo;unit\u00e9 sans faille des Alli\u00e9s\u00a0\u00bb<\/em>, a estim\u00e9 Joe Biden, avant d&rsquo;\u00e9voquer le devoir de m\u00e9moire&nbsp;:&nbsp;<em>\u00ab\u00a0L&rsquo;\u00e9poque n&rsquo;est pas si \u00e9loign\u00e9e o\u00f9 les derniers survivants du D\u00e9barquement ne seront plus parmi nous. Mais la m\u00e9moire ne peut pas \u00eatre perdue, il faut se souvenir, \u00eatre \u00e0 la hauteur, l&rsquo;honorer.\u00a0\u00bb<\/em><\/p>\n\n\n\n<h2 class=\"wp-block-heading\">Volodymyr Zelensky est applaudi \u00e0 son arriv\u00e9e<\/h2>\n\n\n\n<p class=\"\">Les Alli\u00e9s se sont retrouv\u00e9s sans la Russie pour la c\u00e9r\u00e9monie internationale du 80e anniversaire du D\u00e9barquement \u00e0 Omaha Beach. En 2014, pour le 70e anniversaire, le pr\u00e9sident russe Vladimir Poutine \u00e9tait pr\u00e9sent. Dix ans plus tard, c&rsquo;est&nbsp;<a href=\"https:\/\/www.francetvinfo.fr\/monde\/europe\/manifestations-en-ukraine\/guerre-en-ukraine-quels-sont-les-enjeux-de-la-quatrieme-visite-de-volodymyr-zelensky-en-france-depuis-le-debut-de-l-invasion-russe_6588174.html\">Volodymyr Zelensky qui \u00e9tait invit\u00e9<\/a>&nbsp;pour c\u00e9l\u00e9brer la victoire sur le nazisme alors que la guerre s\u00e9vit de nouveau en Europe. Accueilli par Emmanuel Macron, le pr\u00e9sident ukrainien est arriv\u00e9 sous les applaudissements.&nbsp;<\/p>\n\n\n\n<h2 class=\"wp-block-heading\">La ma\u00eetrise de l&rsquo;Op\u00e9ra-Comique entonne \u00ab\u00a0Le Chant des partisans\u00a0\u00bb<\/h2>\n","protected":false},"excerpt":{"rendered":"<p>Huit d\u00e9cennies plus tard, sur la plage d&rsquo;Omaha Beach, les Alli\u00e9s se sont retrouv\u00e9s sans la Russie pour c\u00e9l\u00e9brer la victoire sur le nazisme, alors que la guerre fait de nouveau rage en Europe. Des c\u00e9r\u00e9monies pour ne pas oublier. La France a accueilli, jeudi 6 juin,&nbsp;les comm\u00e9morations&nbsp;du 80e anniversaire du&nbsp;D\u00e9barquement. La journ\u00e9e a commenc\u00e9 [&hellip;]<\/p>\n","protected":false},"author":2,"featured_media":28456,"comment_status":"open","ping_status":"open","sticky":false,"template":"","format":"standard","meta":{"_jetpack_memberships_contains_paid_content":false,"footnotes":"","jetpack_publicize_message":"","jetpack_publicize_feature_enabled":true,"jetpack_social_post_already_shared":true,"jetpack_social_options":{"image_generator_settings":{"template":"highway","default_image_id":0,"font":"","enabled":false},"version":2},"_wpas_customize_per_network":false},"categories":[405],"tags":[],"class_list":["post-28455","post","type-post","status-publish","format-standard","has-post-thumbnail","hentry","category-actu-france-monde"],"jetpack_publicize_connections":[],"jetpack_featured_media_url":"https:\/\/i0.wp.com\/www.iceagetv.com\/radiosite\/wp-content\/uploads\/2024\/06\/Ceremonies-des-80-ans-du-Debarquement-six-sequences-a-retenir.png?fit=1231%2C663&ssl=1","jetpack_sharing_enabled":true,"_links":{"self":[{"href":"https:\/\/www.iceagetv.com\/radiosite\/wp-json\/wp\/v2\/posts\/28455","targetHints":{"allow":["GET"]}}],"collection":[{"href":"https:\/\/www.iceagetv.com\/radiosite\/wp-json\/wp\/v2\/posts"}],"about":[{"href":"https:\/\/www.iceagetv.com\/radiosite\/wp-json\/wp\/v2\/types\/post"}],"author":[{"embeddable":true,"href":"https:\/\/www.iceagetv.com\/radiosite\/wp-json\/wp\/v2\/users\/2"}],"replies":[{"embeddable":true,"href":"https:\/\/www.iceagetv.com\/radiosite\/wp-json\/wp\/v2\/comments?post=28455"}],"version-history":[{"count":1,"href":"https:\/\/www.iceagetv.com\/radiosite\/wp-json\/wp\/v2\/posts\/28455\/revisions"}],"predecessor-version":[{"id":28457,"href":"https:\/\/www.iceagetv.com\/radiosite\/wp-json\/wp\/v2\/posts\/28455\/revisions\/28457"}],"wp:featuredmedia":[{"embeddable":true,"href":"https:\/\/www.iceagetv.com\/radiosite\/wp-json\/wp\/v2\/media\/28456"}],"wp:attachment":[{"href":"https:\/\/www.iceagetv.com\/radiosite\/wp-json\/wp\/v2\/media?parent=28455"}],"wp:term":[{"taxonomy":"category","embeddable":true,"href":"https:\/\/www.iceagetv.com\/radiosite\/wp-json\/wp\/v2\/categories?post=28455"},{"taxonomy":"post_tag","embeddable":true,"href":"https:\/\/www.iceagetv.com\/radiosite\/wp-json\/wp\/v2\/tags?post=28455"}],"curies":[{"name":"wp","href":"https:\/\/api.w.org\/{rel}","templated":true}]}}