{"id":28474,"date":"2024-06-08T16:09:24","date_gmt":"2024-06-08T16:09:24","guid":{"rendered":"https:\/\/www.iceagetv.com\/radiosite\/?p=28474"},"modified":"2024-06-08T16:09:24","modified_gmt":"2024-06-08T16:09:24","slug":"un-homme-soupconne-davoir-tue-une-femme-rom-ecroue-pour-meurtre-en-raison-de-la-race-en-haute-savoie","status":"publish","type":"post","link":"https:\/\/www.iceagetv.com\/radiosite\/un-homme-soupconne-davoir-tue-une-femme-rom-ecroue-pour-meurtre-en-raison-de-la-race-en-haute-savoie\/","title":{"rendered":"Un homme soup\u00e7onn\u00e9 d&rsquo;avoir tu\u00e9 une femme rom \u00e9crou\u00e9 pour \u00ab\u00a0meurtre en raison de la race\u00a0\u00bb en Haute-Savoie"},"content":{"rendered":"\n<p class=\"\">Deux hommes ont \u00e9t\u00e9 mis en examen et \u00e9crou\u00e9s pour \u00ab\u00a0meurtre et tentative de meurtre commis en raison de la race, l&rsquo;ethnie, la nation ou la religion\u00a0\u00bb, apr\u00e8s la mort, en f\u00e9vrier, d&rsquo;une m\u00e8re de famille rom, a annonc\u00e9 la procureure de la R\u00e9publique d&rsquo;Annecy, Line Bonnet, samedi 8&nbsp;juin.<\/p>\n\n\n\n<p class=\"\">La victime, une femme de 40&nbsp;ans enceinte de sept mois, a \u00e9t\u00e9&nbsp;<em>\u00ab\u00a0touch\u00e9e par un projectile alors qu&rsquo;elle \u00e9tait sortie pour voir les d\u00e9g\u00e2ts\u00a0\u00bb&nbsp;<\/em>apr\u00e8s que son mobile-home, o\u00f9 elle logeait avec son mari et ses deux filles&nbsp;de 13 et 14&nbsp;ans, eut \u00e9t\u00e9 la cible de&nbsp;<em>\u00ab\u00a0plusieurs tirs d&rsquo;arme \u00e0 feu\u00a0\u00bb<\/em>, le 22&nbsp;f\u00e9vrier, \u00e0 Ch\u00eanex (Haute-Savoie), pr\u00e8s de la fronti\u00e8re suisse.<\/p>\n\n\n\n<h2 class=\"wp-block-heading\">Le principal suspect reconna\u00eet avoir tir\u00e9<\/h2>\n\n\n\n<p class=\"\">Le principal suspect, \u00e2g\u00e9 de 26 ans, a reconnu \u00eatre l&rsquo;auteur de tirs visant la famille,&nbsp;<em>\u00ab\u00a0tout en contestant avoir d\u00e9lib\u00e9r\u00e9ment touch\u00e9 la victime\u00a0\u00bb<\/em>, mortellement touch\u00e9e \u00e0 l&rsquo;abdomen, a fait savoir la magistrate dans un communiqu\u00e9. Un autre homme, \u00e2g\u00e9 de 30&nbsp;ans et mis en examen pour les m\u00eames faits, a reconnu&nbsp;<em>\u00ab\u00a0avoir d\u00e9pos\u00e9 le tireur avec son fusil sur le lieu du crime\u00a0\u00bb<\/em>&nbsp;et l&rsquo;avoir r\u00e9cup\u00e9r\u00e9 ensuite.<\/p>\n\n\n\n<p class=\"\">Les deux mis en cause ont \u00e9galement reconnu avoir tir\u00e9 des coups de feu deux jours plus t\u00f4t, le 20&nbsp;f\u00e9vrier, sur plusieurs caravanes d&rsquo;une aire d&rsquo;accueil des gens du voyage \u00e0 Viry, \u00e0 quelques kilom\u00e8tres de l\u00e0, o\u00f9 se trouvaient plusieurs familles. Plusieurs caravanes avaient \u00e9t\u00e9 touch\u00e9es mais il n&rsquo;y avait pas eu de bless\u00e9s, selon le parquet d&rsquo;Annecy. Tous deux ont \u00e9t\u00e9 plac\u00e9s en d\u00e9tention provisoire vendredi.<\/p>\n\n\n\n<p class=\"\">De fortes tensions opposent depuis des ann\u00e9es la population locale et les gens du voyage en Haute-Savoie, notamment dans la r\u00e9gion du Genevois, o\u00f9 se trouve le village de Ch\u00eanex\u00a0: au c\u0153ur du d\u00e9bat, le manque d&rsquo;aires d&rsquo;accueil, d\u00e9nonc\u00e9 d&rsquo;un c\u00f4t\u00e9, et les installations sauvages sur des emplacements illicites, de l&rsquo;autre, ainsi que des accusations d&rsquo;atteinte \u00e0 la tranquillit\u00e9 et \u00e0 la s\u00e9curit\u00e9 publique<\/p>\n\n\n\n<p class=\"\"><\/p>\n\n\n\n<ul class=\"wp-block-list\"><\/ul>\n","protected":false},"excerpt":{"rendered":"<p>Deux hommes ont \u00e9t\u00e9 mis en examen et \u00e9crou\u00e9s pour \u00ab\u00a0meurtre et tentative de meurtre commis en raison de la race, l&rsquo;ethnie, la nation ou la religion\u00a0\u00bb, apr\u00e8s la mort, en f\u00e9vrier, d&rsquo;une m\u00e8re de famille rom, a annonc\u00e9 la procureure de la R\u00e9publique d&rsquo;Annecy, Line Bonnet, samedi 8&nbsp;juin. La victime, une femme de 40&nbsp;ans [&hellip;]<\/p>\n","protected":false},"author":2,"featured_media":28475,"comment_status":"open","ping_status":"open","sticky":false,"template":"","format":"standard","meta":{"_jetpack_memberships_contains_paid_content":false,"footnotes":"","jetpack_publicize_message":"","jetpack_publicize_feature_enabled":true,"jetpack_social_post_already_shared":true,"jetpack_social_options":{"image_generator_settings":{"template":"highway","default_image_id":0,"font":"","enabled":false},"version":2},"_wpas_customize_per_network":false},"categories":[405],"tags":[],"class_list":["post-28474","post","type-post","status-publish","format-standard","has-post-thumbnail","hentry","category-actu-france-monde"],"jetpack_publicize_connections":[],"jetpack_featured_media_url":"https:\/\/i0.wp.com\/www.iceagetv.com\/radiosite\/wp-content\/uploads\/2024\/06\/Un-homme-soupconne-davoir-tue-une-femme-rom-ecroue.png?fit=1049%2C473&ssl=1","jetpack_sharing_enabled":true,"_links":{"self":[{"href":"https:\/\/www.iceagetv.com\/radiosite\/wp-json\/wp\/v2\/posts\/28474","targetHints":{"allow":["GET"]}}],"collection":[{"href":"https:\/\/www.iceagetv.com\/radiosite\/wp-json\/wp\/v2\/posts"}],"about":[{"href":"https:\/\/www.iceagetv.com\/radiosite\/wp-json\/wp\/v2\/types\/post"}],"author":[{"embeddable":true,"href":"https:\/\/www.iceagetv.com\/radiosite\/wp-json\/wp\/v2\/users\/2"}],"replies":[{"embeddable":true,"href":"https:\/\/www.iceagetv.com\/radiosite\/wp-json\/wp\/v2\/comments?post=28474"}],"version-history":[{"count":1,"href":"https:\/\/www.iceagetv.com\/radiosite\/wp-json\/wp\/v2\/posts\/28474\/revisions"}],"predecessor-version":[{"id":28476,"href":"https:\/\/www.iceagetv.com\/radiosite\/wp-json\/wp\/v2\/posts\/28474\/revisions\/28476"}],"wp:featuredmedia":[{"embeddable":true,"href":"https:\/\/www.iceagetv.com\/radiosite\/wp-json\/wp\/v2\/media\/28475"}],"wp:attachment":[{"href":"https:\/\/www.iceagetv.com\/radiosite\/wp-json\/wp\/v2\/media?parent=28474"}],"wp:term":[{"taxonomy":"category","embeddable":true,"href":"https:\/\/www.iceagetv.com\/radiosite\/wp-json\/wp\/v2\/categories?post=28474"},{"taxonomy":"post_tag","embeddable":true,"href":"https:\/\/www.iceagetv.com\/radiosite\/wp-json\/wp\/v2\/tags?post=28474"}],"curies":[{"name":"wp","href":"https:\/\/api.w.org\/{rel}","templated":true}]}}